{"id":26937,"date":"2020-05-27T01:16:25","date_gmt":"2020-05-27T01:16:25","guid":{"rendered":"https:\/\/jorgezanoni.com.br\/2019\/?p=26937"},"modified":"2020-05-27T01:16:25","modified_gmt":"2020-05-27T01:16:25","slug":"decreto-determina-retorno-da-feira-livre-em-dracena-a-partir-desta-quarta-feira","status":"publish","type":"post","link":"https:\/\/jorgezanoni.com.br\/2019\/decreto-determina-retorno-da-feira-livre-em-dracena-a-partir-desta-quarta-feira\/","title":{"rendered":"Decreto determina retorno da feira livre em Dracena a partir desta quarta-feira"},"content":{"rendered":"<h2 class=\"content-head__subtitle\" style=\"text-align: justify;\"><strong>Atividades na Avenida Rui Barbosa ficaram suspensas desde o dia 3 de abril. Decis\u00e3o foi tomada em reuni\u00e3o nesta ter\u00e7a-feira (26).<\/strong><\/h2>\n<div class=\"mc-column content-text active-extra-styles \" data-block-type=\"unstyled\" data-block-weight=\"33\" data-block-id=\"2\">\n<p class=\"content-text__container \" style=\"text-align: justify;\" data-track-category=\"Link no Texto\" data-track-links=\"\">A partir desta quarta-feira (27), a feria livre da Avenida Rui Barbosa ser\u00e1 retomada em\u00a0<a href=\"https:\/\/g1.globo.com\/sp\/presidente-prudente-regiao\/cidade\/dracena\/\">Dracena<\/a>. O decreto foi assinado na tarde desta ter\u00e7a-feira (26), em reuni\u00e3o entre a Prefeitura e os feirantes.<\/p>\n<\/div>\n<div class=\"wall protected-content\">\n<div class=\"mc-column content-text active-extra-styles \" style=\"text-align: justify;\" data-block-type=\"unstyled\" data-block-weight=\"40\" data-block-id=\"3\">\n<p class=\"content-text__container \" data-track-category=\"Link no Texto\" data-track-links=\"\">Segundo a Prefeitura, a feira foi suspensa no dia 16 de mar\u00e7o e retomada no dia 1\u00b0 de abril com restri\u00e7\u00f5es. Por\u00e9m, com a\u00a0<a href=\"https:\/\/g1.globo.com\/sp\/presidente-prudente-regiao\/noticia\/2020\/04\/03\/paciente-diagnosticado-com-covid-19-por-exame-particular-morre-na-santa-casa-de-dracena.ghtml\">morte da primeira v\u00edtima por Covid-19 no munic\u00edpio<\/a>, em 3 de abril, ela foi suspensa novamente.<\/p>\n<\/div>\n<div class=\"mc-column content-text active-extra-styles \" style=\"text-align: justify;\" data-block-type=\"unstyled\" data-block-weight=\"28\" data-block-id=\"4\">\n<p class=\"content-text__container \" data-track-category=\"Link no Texto\" data-track-links=\"\">Agora, a Secretaria de Agricultura, Meio Ambiente e Limpeza P\u00fablica far\u00e1 a limpeza com solu\u00e7\u00e3o de hipoclorito de s\u00f3dio da Avenida Rui Barbosa antes e depois da feira.<\/p>\n<\/div>\n<div class=\"mc-column content-text active-extra-styles \" style=\"text-align: justify;\" data-block-type=\"unstyled\" data-block-weight=\"42\" data-block-id=\"5\">\n<p class=\"content-text__container \" data-track-category=\"Link no Texto\" data-track-links=\"\">Ainda de acordo com o Poder Executivo, foi montada uma comiss\u00e3o com a Prefeitura, o sindicato da categoria e tr\u00eas feirantes indicados por todos que compareceram \u00e0 reuni\u00e3o. Eles v\u00e3o ajudar na formata\u00e7\u00e3o do espa\u00e7o e na interlocu\u00e7\u00e3o entre todos os envolvidos.<\/p>\n<\/div>\n<div class=\"mc-column content-text active-extra-styles \" data-block-type=\"unstyled\" data-block-weight=\"19\" data-block-id=\"6\">\n<p class=\"content-text__container \" style=\"text-align: justify;\" data-track-category=\"Link no Texto\" data-track-links=\"\">O decreto foi assinado pelo prefeito. A feira livre ocorre \u00e0s quartas-feiras e aos domingos.<\/p>\n<p style=\"text-align: justify;\" data-track-category=\"Link no Texto\" data-track-links=\"\">Fonte: G1<\/p>\n<\/div>\n<\/div>\n","protected":false},"excerpt":{"rendered":"<p>Atividades na Avenida Rui Barbosa ficaram suspensas desde o dia 3 de abril. Decis\u00e3o foi tomada em reuni\u00e3o nesta ter\u00e7a-feira (26). A partir desta quarta-feira (27), a feria livre da Avenida Rui Barbosa ser\u00e1 retomada em\u00a0Dracena. O decreto foi assinado na tarde desta ter\u00e7a-feira (26), em reuni\u00e3o entre a Prefeitura e os feirantes. Segundo a [&hellip;]<\/p>\n","protected":false},"author":1,"featured_media":26938,"comment_status":"closed","ping_status":"open","sticky":false,"template":"","format":"standard","meta":{"footnotes":""},"categories":[179,184,110],"tags":[],"class_list":["post-26937","post","type-post","status-publish","format-standard","has-post-thumbnail","hentry","category-cidadeseregiao","category-dracena","category-noticiasdestaque"],"_links":{"self":[{"href":"https:\/\/jorgezanoni.com.br\/2019\/wp-json\/wp\/v2\/posts\/26937","targetHints":{"allow":["GET"]}}],"collection":[{"href":"https:\/\/jorgezanoni.com.br\/2019\/wp-json\/wp\/v2\/posts"}],"about":[{"href":"https:\/\/jorgezanoni.com.br\/2019\/wp-json\/wp\/v2\/types\/post"}],"author":[{"embeddable":true,"href":"https:\/\/jorgezanoni.com.br\/2019\/wp-json\/wp\/v2\/users\/1"}],"replies":[{"embeddable":true,"href":"https:\/\/jorgezanoni.com.br\/2019\/wp-json\/wp\/v2\/comments?post=26937"}],"version-history":[{"count":0,"href":"https:\/\/jorgezanoni.com.br\/2019\/wp-json\/wp\/v2\/posts\/26937\/revisions"}],"wp:featuredmedia":[{"embeddable":true,"href":"https:\/\/jorgezanoni.com.br\/2019\/wp-json\/wp\/v2\/media\/26938"}],"wp:attachment":[{"href":"https:\/\/jorgezanoni.com.br\/2019\/wp-json\/wp\/v2\/media?parent=26937"}],"wp:term":[{"taxonomy":"category","embeddable":true,"href":"https:\/\/jorgezanoni.com.br\/2019\/wp-json\/wp\/v2\/categories?post=26937"},{"taxonomy":"post_tag","embeddable":true,"href":"https:\/\/jorgezanoni.com.br\/2019\/wp-json\/wp\/v2\/tags?post=26937"}],"curies":[{"name":"wp","href":"https:\/\/api.w.org\/{rel}","templated":true}]}}