{"id":26934,"date":"2020-05-27T00:39:57","date_gmt":"2020-05-27T00:39:57","guid":{"rendered":"https:\/\/jorgezanoni.com.br\/2019\/?p=26934"},"modified":"2020-05-27T00:39:57","modified_gmt":"2020-05-27T00:39:57","slug":"policia-militar-de-dracena-prende-homem-que-havia-furtado-19-barras-de-chocolate-em-supermercado","status":"publish","type":"post","link":"https:\/\/jorgezanoni.com.br\/2019\/policia-militar-de-dracena-prende-homem-que-havia-furtado-19-barras-de-chocolate-em-supermercado\/","title":{"rendered":"Pol\u00edcia Militar de Dracena prende homem que havia furtado 19 barras de Chocolate em Supermercado"},"content":{"rendered":"<p style=\"text-align: justify;\">HOMEM \u00c9 PRESO EM DRACENA FURTANDO 19 BARRAS DE CHOCOLATE EM SUPERMERCADO.<\/p>\n<p style=\"text-align: justify;\">Na tarde de hoje (26) por volta das 16h15min a Pol\u00edcia Militar foi acionada via COPOM para deslocar a um supermercado da cidade com a den\u00fancia de um furto. No local o indiciado de 26 anos j\u00e1 detido pelos funcion\u00e1rios, totalizava dezenove barras de chococolate. Foi dada voz de pris\u00e3o permanecendo o autor a disposi\u00e7\u00e3o da Justi\u00e7a.<\/p>\n<p style=\"text-align: justify;\"><a class=\"_58cn\" href=\"https:\/\/www.facebook.com\/hashtag\/25bpmi?__eep__=6&amp;source=feed_text&amp;epa=HASHTAG&amp;__xts__%5B0%5D=68.ARB47szlUfY1zkOIRh9Mt4syOWAQAC769cuv1eR18pqGxPIGH0SJU15SqFcYl3sxnBdAvodsnPH2L3suvOI1YwHRPbtV1h8z6YKsqkX-4pizF9t3PaSHHMfYkPqnpM9mGKpwHfS6ZgnEAYZTO38Vj0VezBHU069qCyA8b5jqiuE_70gz6zrK7YwzxYRs1M03So_IYm5cwn9E4q0cqDUcjfsvHAj2urBEcWK4gI-SZ-DnuCzcavSKj9pa3PmSI1fydSPv3uZCOh53suHNB8guezZmKDlGa8XwAFzJMmNVZzHAyCO803Bb-Z_PRD5BG89sRlYi1l_Frkq1sas9-xXjUpU&amp;__tn__=%2ANK-R\" data-ft=\"{&quot;type&quot;:104,&quot;tn&quot;:&quot;*N&quot;}\"><span class=\"_5afx\"><span class=\"_58cl _5afz\" aria-label=\"hashtag\">#<\/span><span class=\"_58cm\">25BPMI<\/span><\/span><\/a><span class=\"text_exposed_show\"><br \/>\n<a class=\"_58cn\" href=\"https:\/\/www.facebook.com\/hashtag\/policiamilitarsp?__eep__=6&amp;source=feed_text&amp;epa=HASHTAG&amp;__xts__%5B0%5D=68.ARB47szlUfY1zkOIRh9Mt4syOWAQAC769cuv1eR18pqGxPIGH0SJU15SqFcYl3sxnBdAvodsnPH2L3suvOI1YwHRPbtV1h8z6YKsqkX-4pizF9t3PaSHHMfYkPqnpM9mGKpwHfS6ZgnEAYZTO38Vj0VezBHU069qCyA8b5jqiuE_70gz6zrK7YwzxYRs1M03So_IYm5cwn9E4q0cqDUcjfsvHAj2urBEcWK4gI-SZ-DnuCzcavSKj9pa3PmSI1fydSPv3uZCOh53suHNB8guezZmKDlGa8XwAFzJMmNVZzHAyCO803Bb-Z_PRD5BG89sRlYi1l_Frkq1sas9-xXjUpU&amp;__tn__=%2ANK-R\" data-ft=\"{&quot;type&quot;:104,&quot;tn&quot;:&quot;*N&quot;}\"><span class=\"_5afx\"><span class=\"_58cl _5afz\" aria-label=\"hashtag\">#<\/span><span class=\"_58cm\">POLICIAMILITARSP<\/span><\/span><\/a><br \/>\n<a class=\"_58cn\" href=\"https:\/\/www.facebook.com\/hashtag\/afor%C3%A7ap%C3%BAblicades%C3%A3opaulo?__eep__=6&amp;source=feed_text&amp;epa=HASHTAG&amp;__xts__%5B0%5D=68.ARB47szlUfY1zkOIRh9Mt4syOWAQAC769cuv1eR18pqGxPIGH0SJU15SqFcYl3sxnBdAvodsnPH2L3suvOI1YwHRPbtV1h8z6YKsqkX-4pizF9t3PaSHHMfYkPqnpM9mGKpwHfS6ZgnEAYZTO38Vj0VezBHU069qCyA8b5jqiuE_70gz6zrK7YwzxYRs1M03So_IYm5cwn9E4q0cqDUcjfsvHAj2urBEcWK4gI-SZ-DnuCzcavSKj9pa3PmSI1fydSPv3uZCOh53suHNB8guezZmKDlGa8XwAFzJMmNVZzHAyCO803Bb-Z_PRD5BG89sRlYi1l_Frkq1sas9-xXjUpU&amp;__tn__=%2ANK-R\" data-ft=\"{&quot;type&quot;:104,&quot;tn&quot;:&quot;*N&quot;}\"><span class=\"_5afx\"><span class=\"_58cl _5afz\" aria-label=\"hashtag\">#<\/span><span class=\"_58cm\">AFOR\u00c7AP\u00daBLICADES\u00c3OPAULO<\/span><\/span><\/a><br \/>\nCOMUNICA\u00c7\u00c3O SOCIAL DO 25\u00ba BPM\/I &#8211; Dracena e regi\u00e3o.<\/span><\/p>\n","protected":false},"excerpt":{"rendered":"<p>HOMEM \u00c9 PRESO EM DRACENA FURTANDO 19 BARRAS DE CHOCOLATE EM SUPERMERCADO. Na tarde de hoje (26) por volta das 16h15min a Pol\u00edcia Militar foi acionada via COPOM para deslocar a um supermercado da cidade com a den\u00fancia de um furto. No local o indiciado de 26 anos j\u00e1 detido pelos funcion\u00e1rios, totalizava dezenove barras [&hellip;]<\/p>\n","protected":false},"author":1,"featured_media":26935,"comment_status":"closed","ping_status":"open","sticky":false,"template":"","format":"standard","meta":{"footnotes":""},"categories":[110,2],"tags":[],"class_list":["post-26934","post","type-post","status-publish","format-standard","has-post-thumbnail","hentry","category-noticiasdestaque","category-policial"],"_links":{"self":[{"href":"https:\/\/jorgezanoni.com.br\/2019\/wp-json\/wp\/v2\/posts\/26934","targetHints":{"allow":["GET"]}}],"collection":[{"href":"https:\/\/jorgezanoni.com.br\/2019\/wp-json\/wp\/v2\/posts"}],"about":[{"href":"https:\/\/jorgezanoni.com.br\/2019\/wp-json\/wp\/v2\/types\/post"}],"author":[{"embeddable":true,"href":"https:\/\/jorgezanoni.com.br\/2019\/wp-json\/wp\/v2\/users\/1"}],"replies":[{"embeddable":true,"href":"https:\/\/jorgezanoni.com.br\/2019\/wp-json\/wp\/v2\/comments?post=26934"}],"version-history":[{"count":0,"href":"https:\/\/jorgezanoni.com.br\/2019\/wp-json\/wp\/v2\/posts\/26934\/revisions"}],"wp:featuredmedia":[{"embeddable":true,"href":"https:\/\/jorgezanoni.com.br\/2019\/wp-json\/wp\/v2\/media\/26935"}],"wp:attachment":[{"href":"https:\/\/jorgezanoni.com.br\/2019\/wp-json\/wp\/v2\/media?parent=26934"}],"wp:term":[{"taxonomy":"category","embeddable":true,"href":"https:\/\/jorgezanoni.com.br\/2019\/wp-json\/wp\/v2\/categories?post=26934"},{"taxonomy":"post_tag","embeddable":true,"href":"https:\/\/jorgezanoni.com.br\/2019\/wp-json\/wp\/v2\/tags?post=26934"}],"curies":[{"name":"wp","href":"https:\/\/api.w.org\/{rel}","templated":true}]}}