{"id":26920,"date":"2020-05-26T23:08:05","date_gmt":"2020-05-26T23:08:05","guid":{"rendered":"https:\/\/jorgezanoni.com.br\/2019\/?p=26920"},"modified":"2020-05-26T23:49:08","modified_gmt":"2020-05-26T23:49:08","slug":"dracenense-que-mora-no-parana-tem-obra-literaria-infantil-destacada-em-brasilia","status":"publish","type":"post","link":"https:\/\/jorgezanoni.com.br\/2019\/dracenense-que-mora-no-parana-tem-obra-literaria-infantil-destacada-em-brasilia\/","title":{"rendered":"Dracenense que mora no paran\u00e1 tem obra liter\u00e1ria infantil destacada em Bras\u00edlia"},"content":{"rendered":"<p style=\"text-align: justify;\">A dracenense Claudia Bodini, filha de Roberto Bodini e Cleusa de Carvalho Bodini, hoje moradores na cidade de Castro no estado do Paran\u00e1, teve um de seus livros &#8220;O SAPINHO CADEIRANTE&#8221;, uma de suas obras liter\u00e1rias infantil, sendo destaque em Bras\u00edlia.<\/p>\n<p style=\"text-align: justify;\"><img loading=\"lazy\" decoding=\"async\" class=\"alignnone size-full wp-image-26922\" src=\"https:\/\/jorgezanoni.com.br\/2019\/wp-content\/uploads\/2020\/05\/Claudia-Bodini.jpg\" alt=\"\" width=\"619\" height=\"619\" srcset=\"https:\/\/jorgezanoni.com.br\/2019\/wp-content\/uploads\/2020\/05\/Claudia-Bodini.jpg 619w, https:\/\/jorgezanoni.com.br\/2019\/wp-content\/uploads\/2020\/05\/Claudia-Bodini-300x300.jpg 300w, https:\/\/jorgezanoni.com.br\/2019\/wp-content\/uploads\/2020\/05\/Claudia-Bodini-150x150.jpg 150w, https:\/\/jorgezanoni.com.br\/2019\/wp-content\/uploads\/2020\/05\/Claudia-Bodini-420x420.jpg 420w\" sizes=\"auto, (max-width: 619px) 100vw, 619px\" \/><\/p>\n<p style=\"text-align: justify;\">Claudia Bonidi<\/p>\n<p style=\"text-align: justify;\">Atrav\u00e9s da Deputada Federal paranaense Aline Sleutjes, o livro chegou \u00e0s m\u00e3os da Ministra da Fam\u00edlia, da Mulher e dos Direitos Humanos, Damaris Alves e da primeira dama do Brasil Michele Bolsonaro.<\/p>\n<p style=\"text-align: justify;\">Cl\u00e1udia \u00e9 sobrinha dos dracenenses Regina Bodini Alencar e Marco Pacaembu.<\/p>\n<p style=\"text-align: justify;\">O Site JZ parabeniza a querida Claudia Bodini, por mais uma de suas magn\u00edficas obras liter\u00e1rias infantis. Que &#8221; O SAPINHO CADEIRANTE&#8221; seja um grande marco de sucesso em sua vida.<\/p>\n<p style=\"text-align: justify;\">Veja o v\u00eddeo da Ministra com a Deputada.<\/p>\n<div id=\"fb-root\"><\/div>\n<p><script async=\"1\" defer=\"1\" crossorigin=\"anonymous\" src=\"https:\/\/connect.facebook.net\/en_US\/sdk.js#xfbml=1&amp;version=v7.0\"><\/script><\/p>\n<div class=\"fb-video\" data-href=\"https:\/\/www.facebook.com\/chris.kardel.5\/videos\/3236587389694964\/\" data-width=\"696\">\n<blockquote cite=\"https:\/\/www.facebook.com\/chris.kardel.5\/videos\/3236587389694964\/\" class=\"fb-xfbml-parse-ignore\"><p><a href=\"https:\/\/www.facebook.com\/chris.kardel.5\/videos\/3236587389694964\/\"><\/a><\/p>\n<p>Parab\u00e9ns prima linda!!!Vc merece todo esse reconhecimento!!!Estou muito feliz \u00e9 emocionada&#8230;Livro: O Sapinho Cadeirante\ud83c\udf39\ud83c\udf39\ud83c\udf39\ud83c\udf39\ud83c\udf39\ud83c\udf39\ud83c\udf39\ud83c\udf39\ud83c\udf39\ud83c\udf39\ud83c\udf39\ud83c\udf39\ud83c\udf39\ud83c\udf39\ud83c\udf39<\/p>\n<p>Posted by <a href=\"https:\/\/www.facebook.com\/chris.kardel.5\">Chris Kardel<\/a> on Monday, May 25, 2020<\/p><\/blockquote>\n<\/div>\n<p style=\"text-align: justify;\">Abaixo, o livro na Esplanda dos Minist\u00e9rios com a Primeira Dama Michele Bolsonaro, sendo entregue pela Deputada Aline<\/p>\n<p style=\"text-align: justify;\"><img loading=\"lazy\" decoding=\"async\" class=\"alignnone size-full wp-image-26921\" src=\"https:\/\/jorgezanoni.com.br\/2019\/wp-content\/uploads\/2020\/05\/Agora-o-meu-livro-com-a-primeira-dama-Michele-Bolsonaro-DEMAIS.jpg\" alt=\"\" width=\"960\" height=\"960\" srcset=\"https:\/\/jorgezanoni.com.br\/2019\/wp-content\/uploads\/2020\/05\/Agora-o-meu-livro-com-a-primeira-dama-Michele-Bolsonaro-DEMAIS.jpg 960w, https:\/\/jorgezanoni.com.br\/2019\/wp-content\/uploads\/2020\/05\/Agora-o-meu-livro-com-a-primeira-dama-Michele-Bolsonaro-DEMAIS-300x300.jpg 300w, https:\/\/jorgezanoni.com.br\/2019\/wp-content\/uploads\/2020\/05\/Agora-o-meu-livro-com-a-primeira-dama-Michele-Bolsonaro-DEMAIS-150x150.jpg 150w, https:\/\/jorgezanoni.com.br\/2019\/wp-content\/uploads\/2020\/05\/Agora-o-meu-livro-com-a-primeira-dama-Michele-Bolsonaro-DEMAIS-768x768.jpg 768w, https:\/\/jorgezanoni.com.br\/2019\/wp-content\/uploads\/2020\/05\/Agora-o-meu-livro-com-a-primeira-dama-Michele-Bolsonaro-DEMAIS-696x696.jpg 696w, https:\/\/jorgezanoni.com.br\/2019\/wp-content\/uploads\/2020\/05\/Agora-o-meu-livro-com-a-primeira-dama-Michele-Bolsonaro-DEMAIS-420x420.jpg 420w\" sizes=\"auto, (max-width: 960px) 100vw, 960px\" \/><\/p>\n<section class=\"elementor-element elementor-element-2cb4567c elementor-section-stretched elementor-section-content-middle elementor-section-full_width elementor-section-height-default elementor-section-height-default elementor-section elementor-top-section elementor-sticky elementor-sticky--active elementor-section--handles-inside elementor-sticky--effects\" data-id=\"2cb4567c\" data-element_type=\"section\" data-settings=\"{&quot;stretch_section&quot;:&quot;section-stretched&quot;,&quot;sticky&quot;:&quot;top&quot;,&quot;sticky_on&quot;:[&quot;desktop&quot;,&quot;tablet&quot;,&quot;mobile&quot;],&quot;sticky_offset&quot;:0,&quot;sticky_effects_offset&quot;:0}\">\n<div class=\"elementor-container elementor-column-gap-no\">\n<div class=\"elementor-row\">\n<div class=\"elementor-element elementor-element-18483f75 elementor-column elementor-col-100 elementor-top-column\" data-id=\"18483f75\" data-element_type=\"column\">\n<div class=\"elementor-column-wrap elementor-element-populated\">\n<div class=\"elementor-widget-wrap\">\n<section class=\"elementor-element elementor-element-795f4152 elementor-section-full_width elementor-section-height-min-height elementor-section-content-top elementor-section-height-default elementor-section elementor-inner-section\" data-id=\"795f4152\" data-element_type=\"section\" data-settings=\"{&quot;shape_divider_top&quot;:&quot;curve&quot;,&quot;shape_divider_top_negative&quot;:&quot;yes&quot;}\">\n<div class=\"elementor-container elementor-column-gap-no\">\n<div class=\"elementor-row\">\n<div class=\"elementor-element elementor-element-6874d31 elementor-column elementor-col-50 elementor-inner-column\" data-id=\"6874d31\" data-element_type=\"column\"><\/div>\n<\/div>\n<\/div>\n<\/section>\n<\/div>\n<\/div>\n<\/div>\n<\/div>\n<\/div>\n<\/section>\n<section class=\"elementor-element elementor-element-2cb4567c elementor-section-stretched elementor-section-content-middle elementor-section-full_width elementor-section-height-default elementor-section-height-default elementor-section elementor-top-section elementor-sticky elementor-sticky__spacer\" data-id=\"2cb4567c\" data-element_type=\"section\" data-settings=\"{&quot;stretch_section&quot;:&quot;section-stretched&quot;,&quot;sticky&quot;:&quot;top&quot;,&quot;sticky_on&quot;:[&quot;desktop&quot;,&quot;tablet&quot;,&quot;mobile&quot;],&quot;sticky_offset&quot;:0,&quot;sticky_effects_offset&quot;:0}\">\n<div class=\"elementor-container elementor-column-gap-no\">\n<div class=\"elementor-row\">\n<div class=\"elementor-element elementor-element-18483f75 elementor-column elementor-col-100 elementor-top-column\" data-id=\"18483f75\" data-element_type=\"column\">\n<div class=\"elementor-column-wrap elementor-element-populated\">\n<div class=\"elementor-widget-wrap\">\n<section class=\"elementor-element elementor-element-1cd51219 elementor-section-content-middle elementor-section-boxed elementor-section-height-default elementor-section-height-default elementor-section elementor-inner-section\" data-id=\"1cd51219\" data-element_type=\"section\" data-settings=\"{&quot;background_background&quot;:&quot;gradient&quot;}\">\n<div class=\"elementor-container elementor-column-gap-extended\">\n<div class=\"elementor-row\">\n<div class=\"elementor-element elementor-element-3a26cfb elementor-column elementor-col-50 elementor-inner-column\" data-id=\"3a26cfb\" data-element_type=\"column\">\n<div class=\"elementor-column-wrap elementor-element-populated\">\n<div class=\"elementor-widget-wrap\">\n<div class=\"elementor-element elementor-element-7946e7dd elementor-nav-menu__align-left elementor-nav-menu--indicator-classic elementor-nav-menu--dropdown-tablet elementor-nav-menu__text-align-aside elementor-nav-menu--toggle elementor-nav-menu--burger elementor-widget elementor-widget-nav-menu\" data-id=\"7946e7dd\" data-element_type=\"widget\" data-settings=\"{&quot;layout&quot;:&quot;horizontal&quot;,&quot;toggle&quot;:&quot;burger&quot;}\" data-widget_type=\"nav-menu.default\">\n<div class=\"elementor-widget-container\">\n<nav class=\"elementor-nav-menu--main elementor-nav-menu__container elementor-nav-menu--layout-horizontal e--pointer-text e--animation-skew\"><span style=\"color: #111111; font-family: Roboto, sans-serif; font-size: 32px;\">EM ENCONTRO COM A MINISTRA DAMARES ALVES, DEPUTADA ALINE SLEUTJES ENTREGA PRESENTES DOS CAMPOS GERAIS.<\/span><\/nav>\n<\/div>\n<\/div>\n<\/div>\n<\/div>\n<\/div>\n<\/div>\n<\/div>\n<\/section>\n<\/div>\n<\/div>\n<\/div>\n<\/div>\n<\/div>\n<\/section>\n<section class=\"elementor-element elementor-element-8c64911 elementor-section-stretched elementor-section-full_width elementor-section-height-min-height elementor-section-items-bottom elementor-section-height-default elementor-section elementor-top-section\" data-id=\"8c64911\" data-element_type=\"section\" data-settings=\"{&quot;stretch_section&quot;:&quot;section-stretched&quot;,&quot;background_background&quot;:&quot;classic&quot;}\">\n<div class=\"elementor-container elementor-column-gap-no\">\n<div class=\"elementor-row\">\n<div class=\"elementor-element elementor-element-c3bd313 elementor-column elementor-col-100 elementor-top-column\" data-id=\"c3bd313\" data-element_type=\"column\">\n<div class=\"elementor-column-wrap elementor-element-populated\">\n<div class=\"elementor-widget-wrap\">\n<section class=\"elementor-element elementor-element-f7aeb68 elementor-section-full_width elementor-section-content-bottom elementor-section-height-default elementor-section-height-default elementor-section elementor-inner-section\" data-id=\"f7aeb68\" data-element_type=\"section\">\n<div class=\"elementor-container elementor-column-gap-no\">\n<div class=\"elementor-row\">\n<div class=\"elementor-element elementor-element-d5273bf elementor-column elementor-col-50 elementor-inner-column\" data-id=\"d5273bf\" data-element_type=\"column\">\n<div class=\"elementor-column-wrap elementor-element-populated\">\n<div class=\"elementor-widget-wrap\">\n<div class=\"elementor-element elementor-element-0a97b9c elementor-widget elementor-widget-heading\" data-id=\"0a97b9c\" data-element_type=\"widget\" data-widget_type=\"heading.default\">\n<div class=\"elementor-widget-container\">\n<header id=\"site-header\" class=\"custom-header clr\" data-height=\"74\">\n<div id=\"site-header-inner\" class=\"clr\">\n<div class=\"elementor elementor-295\" data-elementor-type=\"post\" data-elementor-id=\"295\" data-elementor-settings=\"[]\">\n<div class=\"elementor-inner\">\n<div class=\"elementor-section-wrap\">\n<section class=\"elementor-element elementor-element-2cb4567c elementor-section-stretched elementor-section-content-middle elementor-section-full_width elementor-section-height-default elementor-section-height-default elementor-section elementor-top-section elementor-sticky elementor-sticky__spacer\" data-id=\"2cb4567c\" data-element_type=\"section\" data-settings=\"{&quot;stretch_section&quot;:&quot;section-stretched&quot;,&quot;sticky&quot;:&quot;top&quot;,&quot;sticky_on&quot;:[&quot;desktop&quot;,&quot;tablet&quot;,&quot;mobile&quot;],&quot;sticky_offset&quot;:0,&quot;sticky_effects_offset&quot;:0}\">\n<div class=\"elementor-container elementor-column-gap-no\">\n<div class=\"elementor-row\">\n<div class=\"elementor-element elementor-element-18483f75 elementor-column elementor-col-100 elementor-top-column\" data-id=\"18483f75\" data-element_type=\"column\">\n<div class=\"elementor-column-wrap elementor-element-populated\">\n<div class=\"elementor-widget-wrap\">\n<section class=\"elementor-element elementor-element-1cd51219 elementor-section-content-middle elementor-section-boxed elementor-section-height-default elementor-section-height-default elementor-section elementor-inner-section\" data-id=\"1cd51219\" data-element_type=\"section\" data-settings=\"{&quot;background_background&quot;:&quot;gradient&quot;}\">\n<div class=\"elementor-container elementor-column-gap-extended\">\n<div class=\"elementor-row\">\n<div class=\"elementor-element elementor-element-3a26cfb elementor-column elementor-col-50 elementor-inner-column\" data-id=\"3a26cfb\" data-element_type=\"column\">\n<div class=\"elementor-column-wrap elementor-element-populated\">\n<div class=\"elementor-widget-wrap\">\n<div class=\"elementor-element elementor-element-7946e7dd elementor-nav-menu__align-left elementor-nav-menu--indicator-classic elementor-nav-menu--dropdown-tablet elementor-nav-menu__text-align-aside elementor-nav-menu--toggle elementor-nav-menu--burger elementor-widget elementor-widget-nav-menu\" data-id=\"7946e7dd\" data-element_type=\"widget\" data-settings=\"{&quot;layout&quot;:&quot;horizontal&quot;,&quot;toggle&quot;:&quot;burger&quot;}\" data-widget_type=\"nav-menu.default\">\n<div class=\"elementor-widget-container\">\n<nav class=\"elementor-nav-menu--main elementor-nav-menu__container elementor-nav-menu--layout-horizontal e--pointer-text e--animation-skew\"><img loading=\"lazy\" decoding=\"async\" class=\"attachment-large size-large lazyloaded\" src=\"https:\/\/alinesleutjes.com.br\/wp-content\/uploads\/2020\/05\/damares2-1024x682.jpg\" sizes=\"auto, (max-width: 1024px) 100vw, 1024px\" srcset=\"https:\/\/alinesleutjes.com.br\/wp-content\/uploads\/2020\/05\/damares2-1024x682.jpg 1024w, https:\/\/alinesleutjes.com.br\/wp-content\/uploads\/2020\/05\/damares2-300x200.jpg 300w, https:\/\/alinesleutjes.com.br\/wp-content\/uploads\/2020\/05\/damares2-768x512.jpg 768w, https:\/\/alinesleutjes.com.br\/wp-content\/uploads\/2020\/05\/damares2.jpg 1280w\" alt=\"\" width=\"1024\" height=\"682\" data-lazy-srcset=\"https:\/\/alinesleutjes.com.br\/wp-content\/uploads\/2020\/05\/damares2-1024x682.jpg 1024w, https:\/\/alinesleutjes.com.br\/wp-content\/uploads\/2020\/05\/damares2-300x200.jpg 300w, https:\/\/alinesleutjes.com.br\/wp-content\/uploads\/2020\/05\/damares2-768x512.jpg 768w, https:\/\/alinesleutjes.com.br\/wp-content\/uploads\/2020\/05\/damares2.jpg 1280w\" data-lazy-sizes=\"(max-width: 1024px) 100vw, 1024px\" data-lazy-src=\"https:\/\/alinesleutjes.com.br\/wp-content\/uploads\/2020\/05\/damares2-1024x682.jpg\" data-was-processed=\"true\" \/><\/nav>\n<\/div>\n<\/div>\n<\/div>\n<\/div>\n<\/div>\n<\/div>\n<\/div>\n<\/section>\n<\/div>\n<\/div>\n<\/div>\n<\/div>\n<\/div>\n<\/section>\n<\/div>\n<\/div>\n<\/div>\n<\/div>\n<\/header>\n<div id=\"content-wrap\" class=\"container clr\">\n<div id=\"primary\" class=\"content-area clr\">\n<div id=\"content\" class=\"site-content clr\">\n<div class=\"elementor elementor-403 elementor-location-single post-1543 post type-post status-publish format-standard has-post-thumbnail hentry category-geral entry has-media\" data-elementor-type=\"single\" data-elementor-id=\"403\" data-elementor-settings=\"[]\">\n<div class=\"elementor-inner\">\n<div class=\"elementor-section-wrap\">\n<section class=\"elementor-element elementor-element-e3e5838 elementor-section-boxed elementor-section-height-default elementor-section-height-default elementor-section elementor-top-section\" data-id=\"e3e5838\" data-element_type=\"section\">\n<div class=\"elementor-container elementor-column-gap-no\">\n<div class=\"elementor-row\">\n<div class=\"elementor-element elementor-element-2fe4e8a elementor-column elementor-col-100 elementor-top-column\" data-id=\"2fe4e8a\" data-element_type=\"column\">\n<div class=\"elementor-column-wrap elementor-element-populated\">\n<div class=\"elementor-widget-wrap\">\n<div class=\"elementor-element elementor-element-b8044d4 elementor-widget elementor-widget-theme-post-content\" data-id=\"b8044d4\" data-element_type=\"widget\" data-widget_type=\"theme-post-content.default\">\n<div class=\"elementor-widget-container\">\n<p style=\"text-align: justify;\">A deputada federal Aline Sleutjes, do Paran\u00e1, esteve na tarde da \u00faltima ter\u00e7a-feira (19) com a ministra da Fam\u00edlia, da Mulher e dos Direitos Humanos, Damares Alves, em Bras\u00edlia. Na ocasi\u00e3o, a parlamentar aproveitou para entregar alguns presentes para a ministra, como o livro \u201cL\u00e9o, o sapinho cadeirante\u201d, da castrense Claudia Bodini, ilustrado pelo artista Moacir Tamburu. A literatura infantil \u00e9 a terceira obra da autora que, segundo ela pr\u00f3pria, \u201c\u00e9 carregada de entusiasmo, paix\u00e3o e esperan\u00e7a.\u201d<\/p>\n<p style=\"text-align: justify;\">A ministra, que atua fortemente pelos direitos de mulheres, crian\u00e7as, pessoas com necessidades especiais e idosos, ficou muito encantada com o presente e mandou uma mensagem especial para Claudia, por meio da deputada Aline.<\/p>\n<p style=\"text-align: justify;\"><a class=\"oceanwp-lightbox\" href=\"https:\/\/alinesleutjes.com.br\/wp-content\/uploads\/2020\/05\/damares.jpg\"><img loading=\"lazy\" decoding=\"async\" class=\"alignleft wp-image-1546 lazyloaded\" src=\"https:\/\/alinesleutjes.com.br\/wp-content\/uploads\/2020\/05\/damares-1024x498.jpg\" sizes=\"auto, (max-width: 402px) 100vw, 402px\" srcset=\"https:\/\/alinesleutjes.com.br\/wp-content\/uploads\/2020\/05\/damares-1024x498.jpg 1024w, https:\/\/alinesleutjes.com.br\/wp-content\/uploads\/2020\/05\/damares-300x146.jpg 300w, https:\/\/alinesleutjes.com.br\/wp-content\/uploads\/2020\/05\/damares-768x374.jpg 768w, https:\/\/alinesleutjes.com.br\/wp-content\/uploads\/2020\/05\/damares.jpg 1110w\" alt=\"\" width=\"402\" height=\"196\" data-lazy-srcset=\"https:\/\/alinesleutjes.com.br\/wp-content\/uploads\/2020\/05\/damares-1024x498.jpg 1024w, https:\/\/alinesleutjes.com.br\/wp-content\/uploads\/2020\/05\/damares-300x146.jpg 300w, https:\/\/alinesleutjes.com.br\/wp-content\/uploads\/2020\/05\/damares-768x374.jpg 768w, https:\/\/alinesleutjes.com.br\/wp-content\/uploads\/2020\/05\/damares.jpg 1110w\" data-lazy-sizes=\"(max-width: 402px) 100vw, 402px\" data-lazy-src=\"https:\/\/alinesleutjes.com.br\/wp-content\/uploads\/2020\/05\/damares-1024x498.jpg\" data-was-processed=\"true\" \/><\/a>\u201cParab\u00e9ns pela ideia. Essa mensagem inclusiva tem que chegar no cora\u00e7\u00e3o de todas as crian\u00e7as. Obrigada pelo carinho. Tocou meu cora\u00e7\u00e3o. Deus te aben\u00e7oe pela sensibilidade.\u201d<\/p>\n<p style=\"text-align: justify;\">Damares se comprometeu a divulgar muito a hist\u00f3ria de inclus\u00e3o contada no livro. Ideia compartilhada pela deputada Aline. \u201c\u00c9 um material que podemos espalhar para o Brasil inteiro. Feito com amor, com dedica\u00e7\u00e3o e com o objetivo da inclus\u00e3o.\u201d<\/p>\n<p style=\"text-align: justify;\">A ministra tamb\u00e9m recebeu um colar com tem\u00e1tica da f\u00e9 enviado pela paranaense Mariza Kiers, da Mariza Kiers Concept, marca de acess\u00f3rios de Ponta Grossa. \u201c\u00c9 isso o que me motiva: a f\u00e9. Por causa dela eu cheguei aqui e me mantenho\u201d, disse a ministra em agradecimento.<\/p>\n<p>Fonte: https:\/\/alinesleutjes.com.br\/<\/p>\n<p style=\"text-align: justify;\">Compila\u00e7\u00e3o: Jorge Zanoni<\/p>\n<div class=\"rp4wp-related-posts\">\n<div class=\"rp4wp-related-post-content\">\n<p style=\"text-align: justify;\">\n<\/div>\n<\/div>\n<\/div>\n<\/div>\n<\/div>\n<\/div>\n<\/div>\n<\/div>\n<\/div>\n<\/section>\n<\/div>\n<\/div>\n<\/div>\n<\/div>\n<\/div>\n<\/div>\n<p>&nbsp;<\/p>\n<\/div>\n<\/div>\n<div class=\"elementor-element elementor-element-556d8df elementor-widget elementor-widget-pp-divider\" data-id=\"556d8df\" data-element_type=\"widget\" data-widget_type=\"pp-divider.default\">\n<div class=\"elementor-widget-container\">\n<div class=\"pp-divider-wrap\">\n<div class=\"pp-divider horizontal solid\"><\/div>\n<\/div>\n<\/div>\n<\/div>\n<\/div>\n<\/div>\n<\/div>\n<div class=\"elementor-element elementor-element-42aabc9 elementor-column elementor-col-50 elementor-inner-column\" data-id=\"42aabc9\" data-element_type=\"column\"><\/div>\n<\/div>\n<\/div>\n<\/section>\n<\/div>\n<\/div>\n<\/div>\n<\/div>\n<\/div>\n<\/section>\n","protected":false},"excerpt":{"rendered":"<p>A dracenense Claudia Bodini, filha de Roberto Bodini e Cleusa de Carvalho Bodini, hoje moradores na cidade de Castro no estado do Paran\u00e1, teve um de seus livros &#8220;O SAPINHO CADEIRANTE&#8221;, uma de suas obras liter\u00e1rias infantil, sendo destaque em Bras\u00edlia. Claudia Bonidi Atrav\u00e9s da Deputada Federal paranaense Aline Sleutjes, o livro chegou \u00e0s m\u00e3os [&hellip;]<\/p>\n","protected":false},"author":1,"featured_media":26923,"comment_status":"closed","ping_status":"open","sticky":false,"template":"","format":"video","meta":{"footnotes":""},"categories":[111,110,169],"tags":[],"class_list":["post-26920","post","type-post","status-publish","format-video","has-post-thumbnail","hentry","category-esporteecultura","category-noticiasdestaque","category-videos","post_format-post-format-video"],"_links":{"self":[{"href":"https:\/\/jorgezanoni.com.br\/2019\/wp-json\/wp\/v2\/posts\/26920","targetHints":{"allow":["GET"]}}],"collection":[{"href":"https:\/\/jorgezanoni.com.br\/2019\/wp-json\/wp\/v2\/posts"}],"about":[{"href":"https:\/\/jorgezanoni.com.br\/2019\/wp-json\/wp\/v2\/types\/post"}],"author":[{"embeddable":true,"href":"https:\/\/jorgezanoni.com.br\/2019\/wp-json\/wp\/v2\/users\/1"}],"replies":[{"embeddable":true,"href":"https:\/\/jorgezanoni.com.br\/2019\/wp-json\/wp\/v2\/comments?post=26920"}],"version-history":[{"count":0,"href":"https:\/\/jorgezanoni.com.br\/2019\/wp-json\/wp\/v2\/posts\/26920\/revisions"}],"wp:featuredmedia":[{"embeddable":true,"href":"https:\/\/jorgezanoni.com.br\/2019\/wp-json\/wp\/v2\/media\/26923"}],"wp:attachment":[{"href":"https:\/\/jorgezanoni.com.br\/2019\/wp-json\/wp\/v2\/media?parent=26920"}],"wp:term":[{"taxonomy":"category","embeddable":true,"href":"https:\/\/jorgezanoni.com.br\/2019\/wp-json\/wp\/v2\/categories?post=26920"},{"taxonomy":"post_tag","embeddable":true,"href":"https:\/\/jorgezanoni.com.br\/2019\/wp-json\/wp\/v2\/tags?post=26920"}],"curies":[{"name":"wp","href":"https:\/\/api.w.org\/{rel}","templated":true}]}}