{"id":26917,"date":"2020-05-26T21:52:00","date_gmt":"2020-05-26T21:52:00","guid":{"rendered":"https:\/\/jorgezanoni.com.br\/2019\/?p=26917"},"modified":"2020-05-26T21:52:00","modified_gmt":"2020-05-26T21:52:00","slug":"vereador-juninho-do-esporte-agradece-ao-deputado-motta-pela-emenda-em-favor-da-santa-casa-de-dracena","status":"publish","type":"post","link":"https:\/\/jorgezanoni.com.br\/2019\/vereador-juninho-do-esporte-agradece-ao-deputado-motta-pela-emenda-em-favor-da-santa-casa-de-dracena\/","title":{"rendered":"Vereador Juninho do Esporte agradece ao Deputado Motta pela emenda em favor da Santa Casa de Dracena"},"content":{"rendered":"<p style=\"text-align: justify;\">A Emenda Parlamentar no valor de R$ 100.000,00 destinada pelo Deputado Federal Luiz Carlos Motta (PL) \u00e0 \u00e1rea de sa\u00fade de Dracena, \u00e9 mais uma conquista que o vereador Juninho do Esporte (PL) v\u00ea como fundamental neste momento de pandemia para o custeio de equipamentos e aparelhos de assist\u00eancia hospitalar na Santa Casa de Dracena<br \/>\n\u201cA emenda vem em um momento oportuno, onde a Santa Casa tem feito todos os esfor\u00e7os para oferecer um servi\u00e7o de qualidade \u00e0 nossa comunidade\u201d, contou o vereador.<br \/>\nA emenda j\u00e1 est\u00e1 na conta da Prefeitura e ser\u00e1 repassada em breve para a institui\u00e7\u00e3o. \u201cObrigado Deputado. Agrade\u00e7o em nome de todos que ser\u00e3o beneficiados. O recurso ir\u00e1 nos ajudar muito e melhorar o atendimento \u00e0 popula\u00e7\u00e3o\u201d, agradeceu Juninho em suas redes sociais.<\/p>\n<p style=\"text-align: justify;\">Fonte: Assessoria de Imprensa<\/p>\n","protected":false},"excerpt":{"rendered":"<p>A Emenda Parlamentar no valor de R$ 100.000,00 destinada pelo Deputado Federal Luiz Carlos Motta (PL) \u00e0 \u00e1rea de sa\u00fade de Dracena, \u00e9 mais uma conquista que o vereador Juninho do Esporte (PL) v\u00ea como fundamental neste momento de pandemia para o custeio de equipamentos e aparelhos de assist\u00eancia hospitalar na Santa Casa de Dracena [&hellip;]<\/p>\n","protected":false},"author":1,"featured_media":26918,"comment_status":"closed","ping_status":"open","sticky":false,"template":"","format":"standard","meta":{"footnotes":""},"categories":[116],"tags":[],"class_list":["post-26917","post","type-post","status-publish","format-standard","has-post-thumbnail","hentry","category-politicaeeconomia"],"_links":{"self":[{"href":"https:\/\/jorgezanoni.com.br\/2019\/wp-json\/wp\/v2\/posts\/26917","targetHints":{"allow":["GET"]}}],"collection":[{"href":"https:\/\/jorgezanoni.com.br\/2019\/wp-json\/wp\/v2\/posts"}],"about":[{"href":"https:\/\/jorgezanoni.com.br\/2019\/wp-json\/wp\/v2\/types\/post"}],"author":[{"embeddable":true,"href":"https:\/\/jorgezanoni.com.br\/2019\/wp-json\/wp\/v2\/users\/1"}],"replies":[{"embeddable":true,"href":"https:\/\/jorgezanoni.com.br\/2019\/wp-json\/wp\/v2\/comments?post=26917"}],"version-history":[{"count":0,"href":"https:\/\/jorgezanoni.com.br\/2019\/wp-json\/wp\/v2\/posts\/26917\/revisions"}],"wp:featuredmedia":[{"embeddable":true,"href":"https:\/\/jorgezanoni.com.br\/2019\/wp-json\/wp\/v2\/media\/26918"}],"wp:attachment":[{"href":"https:\/\/jorgezanoni.com.br\/2019\/wp-json\/wp\/v2\/media?parent=26917"}],"wp:term":[{"taxonomy":"category","embeddable":true,"href":"https:\/\/jorgezanoni.com.br\/2019\/wp-json\/wp\/v2\/categories?post=26917"},{"taxonomy":"post_tag","embeddable":true,"href":"https:\/\/jorgezanoni.com.br\/2019\/wp-json\/wp\/v2\/tags?post=26917"}],"curies":[{"name":"wp","href":"https:\/\/api.w.org\/{rel}","templated":true}]}}