{"id":26911,"date":"2020-05-26T21:07:31","date_gmt":"2020-05-26T21:07:31","guid":{"rendered":"https:\/\/jorgezanoni.com.br\/2019\/?p=26911"},"modified":"2020-05-26T21:07:31","modified_gmt":"2020-05-26T21:07:31","slug":"mulher-vitima-de-acidente-na-vicinal-adamantina-mariapolis-nao-resiste-e-morre-apos-quatro-dias-na-uti","status":"publish","type":"post","link":"https:\/\/jorgezanoni.com.br\/2019\/mulher-vitima-de-acidente-na-vicinal-adamantina-mariapolis-nao-resiste-e-morre-apos-quatro-dias-na-uti\/","title":{"rendered":"Mulher vitima de acidente na vicinal Adamantina\/Mari\u00e1polis n\u00e3o resiste e morre ap\u00f3s quatro dias na UTI"},"content":{"rendered":"<div class=\"mvp-post-main-in\">\n<div id=\"mvp-post-content\" class=\"left relative\">\n<div id=\"mvp-content-wrap\" class=\"left relative\">\n<div class=\"mvp-post-soc-out right relative\">\n<div class=\"mvp-post-soc-in\">\n<div id=\"mvp-content-body\" class=\"left relative\">\n<div id=\"mvp-content-body-top\" class=\"left relative\">\n<div id=\"mvp-content-main\" class=\"left relative\">\n<div id=\"tps_slideContainer_17195\" class=\"theiaPostSlider_slides\">\n<div class=\"theiaPostSlider_preloadedSlide\">\n<p style=\"text-align: justify;\">A lucelienese Maria Gabriela Venceslau Dion\u00e9zio \u2013 mais conhecida na Capital da Amizade por \u201cPastora Gaby\u201d, 36 anos, n\u00e3o resistiu aos ferimentos e faleceu no in\u00edcio da tarde desta ter\u00e7a-feira (26), ap\u00f3s passar quatro dias na Unidade de Terapia Intensiva do Hospital das Cl\u00ednicas de Mar\u00edlia.<\/p>\n<p style=\"text-align: justify;\">Ela foi v\u00edtima de um capotamento na noite da \u00faltima sexta-feira (22), quando conduzia um ve\u00edculo Nissan Versa.<\/p>\n<p style=\"text-align: justify;\"><img loading=\"lazy\" decoding=\"async\" class=\"aligncenter\" src=\"https:\/\/i1.wp.com\/adamantinanet.com.br\/wp-content\/uploads\/2020\/05\/foto-nissan.jpg?w=740&amp;ssl=1\" width=\"740\" height=\"409\" \/><\/p>\n<p style=\"text-align: justify;\">Ao capotar, a mulher foi arremessada para fora do ve\u00edculo e ficou gravemente ferida sendo socorrida pelo Corpo de Bombeiros de Adamantina e encaminhada para o Pronto Socorro da Cidade Joia de onde foi transferida posteriormente para o Hospital das Cl\u00ednicas de Mar\u00edlia onde passou por cirurgias, por\u00e9m, a gravidade dos ferimentos fizeram com que seu estado de sa\u00fade que j\u00e1 era considerado grave, evolu\u00edsse para o \u00f3bito.<\/p>\n<p style=\"text-align: justify;\">A reportagem do jornal e site Folha Regional falou por volta das 17h com o pastor Marcos Ant\u00f4nio Dion\u00e9zio que \u00e9 o esposo de Maria Gabriela.<\/p>\n<p style=\"text-align: justify;\"><img loading=\"lazy\" decoding=\"async\" class=\"aligncenter\" src=\"https:\/\/scontent-gru1-1.xx.fbcdn.net\/v\/t1.0-9\/p960x960\/99381851_4168341733206530_4139065532252946432_o.jpg?_nc_cat=104&amp;_nc_sid=85a577&amp;_nc_oc=AQlmiyyl4w2JAee6qjrPYat4znH-7Y8rJmO2-k2NAlF-2j78ZVJMWJ0zIE-Tr5WYHJ0&amp;_nc_ht=scontent-gru1-1.xx&amp;_nc_tp=6&amp;oh=ca773667ae6368f387de6a082aa358a6&amp;oe=5EF505FB\" alt=\"A imagem pode conter: 2 pessoas, close-up\" width=\"601\" height=\"601\" \/><\/p>\n<p style=\"text-align: justify;\"><em><strong>Bastante abalado, ele citou que \u201ctodos os esfor\u00e7os foram feitos para que sua vida n\u00e3o se extinguisse, por\u00e9m, Deus achou por bem recolh\u00ea-la\u201d.<\/strong><\/em><\/p>\n<p style=\"text-align: justify;\">Marcos aproveitou para agradecer todas as ora\u00e7\u00f5es, palavras de conforto e apoio recebidos da popula\u00e7\u00e3o de Luc\u00e9lia e regi\u00e3o desde o momento do acidente.<\/p>\n<p style=\"text-align: justify;\"><strong>VEL\u00d3RIO E SEPULTAMENTO<br \/>\n<\/strong><br \/>\nA previs\u00e3o \u00e9 de que o vel\u00f3rio de Maria Gabriela aconte\u00e7a no in\u00edcio da noite desta ter\u00e7a-feira com sepultamento previsto para as 10h30 de amanh\u00e3 (27), no Cemit\u00e9rio Municipal de Luc\u00e9lia.<\/p>\n<\/div>\n<\/div>\n<\/div>\n<\/div>\n<\/div>\n<\/div>\n<\/div>\n<\/div>\n<\/div>\n<\/div>\n<div id=\"mvp-side-wrap\" class=\"left relative theiaStickySidebar\">\n<section id=\"custom_html-55\" class=\"widget_text mvp-side-widget widget_custom_html\">\n<div class=\"textwidget custom-html-widget\" style=\"text-align: justify;\">Fonte: Folha Regional<\/div>\n<\/section>\n<\/div>\n","protected":false},"excerpt":{"rendered":"<p>A lucelienese Maria Gabriela Venceslau Dion\u00e9zio \u2013 mais conhecida na Capital da Amizade por \u201cPastora Gaby\u201d, 36 anos, n\u00e3o resistiu aos ferimentos e faleceu no in\u00edcio da tarde desta ter\u00e7a-feira (26), ap\u00f3s passar quatro dias na Unidade de Terapia Intensiva do Hospital das Cl\u00ednicas de Mar\u00edlia. Ela foi v\u00edtima de um capotamento na noite da [&hellip;]<\/p>\n","protected":false},"author":1,"featured_media":26912,"comment_status":"closed","ping_status":"open","sticky":false,"template":"","format":"standard","meta":{"footnotes":""},"categories":[170,110],"tags":[],"class_list":["post-26911","post","type-post","status-publish","format-standard","has-post-thumbnail","hentry","category-acidentes","category-noticiasdestaque"],"_links":{"self":[{"href":"https:\/\/jorgezanoni.com.br\/2019\/wp-json\/wp\/v2\/posts\/26911","targetHints":{"allow":["GET"]}}],"collection":[{"href":"https:\/\/jorgezanoni.com.br\/2019\/wp-json\/wp\/v2\/posts"}],"about":[{"href":"https:\/\/jorgezanoni.com.br\/2019\/wp-json\/wp\/v2\/types\/post"}],"author":[{"embeddable":true,"href":"https:\/\/jorgezanoni.com.br\/2019\/wp-json\/wp\/v2\/users\/1"}],"replies":[{"embeddable":true,"href":"https:\/\/jorgezanoni.com.br\/2019\/wp-json\/wp\/v2\/comments?post=26911"}],"version-history":[{"count":0,"href":"https:\/\/jorgezanoni.com.br\/2019\/wp-json\/wp\/v2\/posts\/26911\/revisions"}],"wp:featuredmedia":[{"embeddable":true,"href":"https:\/\/jorgezanoni.com.br\/2019\/wp-json\/wp\/v2\/media\/26912"}],"wp:attachment":[{"href":"https:\/\/jorgezanoni.com.br\/2019\/wp-json\/wp\/v2\/media?parent=26911"}],"wp:term":[{"taxonomy":"category","embeddable":true,"href":"https:\/\/jorgezanoni.com.br\/2019\/wp-json\/wp\/v2\/categories?post=26911"},{"taxonomy":"post_tag","embeddable":true,"href":"https:\/\/jorgezanoni.com.br\/2019\/wp-json\/wp\/v2\/tags?post=26911"}],"curies":[{"name":"wp","href":"https:\/\/api.w.org\/{rel}","templated":true}]}}