{"id":26890,"date":"2020-05-26T13:24:45","date_gmt":"2020-05-26T13:24:45","guid":{"rendered":"https:\/\/jorgezanoni.com.br\/2019\/?p=26890"},"modified":"2020-05-26T13:24:45","modified_gmt":"2020-05-26T13:24:45","slug":"mp-denuncia-prefeito-primeira-dama-e-padre-por-desvio-de-merenda-escolar-em-quermesses","status":"publish","type":"post","link":"https:\/\/jorgezanoni.com.br\/2019\/mp-denuncia-prefeito-primeira-dama-e-padre-por-desvio-de-merenda-escolar-em-quermesses\/","title":{"rendered":"MP denuncia prefeito, primeira-dama e padre por desvio de merenda escolar em quermesses"},"content":{"rendered":"<h2 class=\"content-head__subtitle\" style=\"text-align: justify;\"><strong>Um amigo do prefeito de Itajobi (SP) tamb\u00e9m foi denunciado. Segundo o Minist\u00e9rio P\u00fablico, alimentos da merenda escolar foram usados em festas da igreja.<\/strong><\/h2>\n<div class=\"mc-column content-text active-extra-styles \" data-block-type=\"unstyled\" data-block-weight=\"46\" data-block-id=\"2\">\n<p class=\"content-text__container \" style=\"text-align: justify;\" data-track-category=\"Link no Texto\" data-track-links=\"\">O Minist\u00e9rio P\u00fablico (MP) denunciou o prefeito de Itajobi, Lairto Luiz Piovesana Filho, e o padre Wanderley Ramos dos Santos, da Diocese de Catanduva, por desvio de merenda escolar. A primeira-dama, Cristiane Angelita Goberski Piovesana, e um amigo do prefeito, Sebasti\u00e3o Ant\u00f4nio Muller, tamb\u00e9m foram denunciados.<\/p>\n<\/div>\n<div class=\"wall protected-content\">\n<div class=\"mc-column content-text active-extra-styles \" style=\"text-align: justify;\" data-block-type=\"unstyled\" data-block-weight=\"26\" data-block-id=\"3\">\n<p class=\"content-text__container \" data-track-category=\"Link no Texto\" data-track-links=\"\">Todos s\u00e3o alvos de uma a\u00e7\u00e3o civil por improbidade administrativa assinada pelo promotor de Justi\u00e7a Andr\u00e9 Lu\u00eds de Souza e que tramita no F\u00f3rum de Itajobi.<\/p>\n<\/div>\n<div class=\"mc-column content-text active-extra-styles \" style=\"text-align: justify;\" data-block-type=\"unstyled\" data-block-weight=\"32\" data-block-id=\"4\">\n<p class=\"content-text__container \" data-track-category=\"Link no Texto\" data-track-links=\"\">O chefe de gabinete da prefeitura de Itajobi, Ademir Etore Oliani, disse que &#8220;o prefeito n\u00e3o vai se manifestar at\u00e9 ter acesso aos autos.&#8221;\u00a0<em>(veja as outras respostas ao final da reportagem)<\/em><\/p>\n<\/div>\n<div class=\"mc-column content-text active-extra-styles \" style=\"text-align: justify;\" data-block-type=\"unstyled\" data-block-weight=\"49\" data-block-id=\"5\">\n<p class=\"content-text__container \" data-track-category=\"Link no Texto\" data-track-links=\"\">Segundo o promotor, carne de frango, legumes e \u00f3leo de cozinha, al\u00e9m de outros produtos da merenda dos alunos de escolas municipais, foram desviados para a realiza\u00e7\u00e3o de festas na Igreja Matriz de S\u00e3o Jos\u00e9, em Itajobi, durante o ano 2018, quando padre Wanderley era o p\u00e1roco da igreja.<\/p>\n<\/div>\n<div class=\"mc-column content-text active-extra-styles \" data-block-type=\"unstyled\" data-block-weight=\"41\" data-block-id=\"6\">\n<p class=\"content-text__container \" style=\"text-align: justify;\" data-track-category=\"Link no Texto\" data-track-links=\"\">As investiga\u00e7\u00f5es do MP come\u00e7aram em abril de 2019 e foram conclu\u00eddas mais de um ano depois, em maio de 2020. Padre Wanderley foi transferido para Urup\u00eas no in\u00edcio das investiga\u00e7\u00f5es. Atualmente, ele \u00e9 padre da Par\u00f3quia S\u00e3o Pedro, em Pindorama.<\/p>\n<div class=\"mc-column content-text active-extra-styles\" style=\"text-align: justify;\" data-block-type=\"raw\" data-block-weight=\"2\" data-block-id=\"9\">\n<div class=\"content-intertitle\">\n<h2>400 frangos<\/h2>\n<\/div>\n<\/div>\n<div class=\"mc-column content-text active-extra-styles \" style=\"text-align: justify;\" data-block-type=\"unstyled\" data-block-weight=\"61\" data-block-id=\"10\">\n<p class=\"content-text__container \" data-track-category=\"Link no Texto\" data-track-links=\"\">De acordo com a den\u00fancia do MP, funcion\u00e1rios da Prefeitura de Itajobi, ouvidos como testemunhas, afirmaram que pelo menos 400 frangos que seriam destinados \u00e0 merenda escolar foram desviados de um a\u00e7ougue e um supermercado que forneciam carnes e outros alimentos \u00e0 administra\u00e7\u00e3o municipal. Os frangos foram assados e vendidos em quermesses organizadas pelo padre Wanderley, durante o ano de 2018.<\/p>\n<\/div>\n<div class=\"mc-column content-text active-extra-styles \" style=\"text-align: justify;\" data-block-type=\"unstyled\" data-block-weight=\"35\" data-block-id=\"11\">\n<p class=\"content-text__container \" data-track-category=\"Link no Texto\" data-track-links=\"\">Os frangos foram retirados do a\u00e7ougue e do supermercado por volunt\u00e1rios respons\u00e1veis pela organiza\u00e7\u00e3o das festas da igreja. Um deles afirmou em depoimento \u201cque os frangos foram doados pela prefeitura, atendendo pedido do padre Wanderley\u201d.<\/p>\n<\/div>\n<div class=\"row medium-uncollapsed content-media content-photo\" style=\"text-align: justify;\" data-block-type=\"backstage-photo\" data-block-id=\"12\">\n<div class=\"mc-column content-media__container\">\n<figure><img decoding=\"async\" class=\"i-amphtml-fill-content i-amphtml-replaced-content\" src=\"https:\/\/s2.glbimg.com\/OXCy_rP8Qzzs9e3v6qsUSimYqWQ=\/0x0:1600x900\/984x0\/smart\/filters:strip_icc()\/i.s3.glbimg.com\/v1\/AUTH_59edd422c0c84a879bd37670ae4f538a\/internal_photos\/bs\/2020\/A\/e\/Mu75NPRYCb7BSMEoKQYg\/depuncia.jpg\" sizes=\"(max-width: 1242px) 648px, 100vw\" srcset=\"https:\/\/s2.glbimg.com\/6NcnmJXAaTpb5kTk-6W2-pdyzRQ=\/0x0:1600x900\/1000x0\/smart\/filters:strip_icc()\/i.s3.glbimg.com\/v1\/AUTH_59edd422c0c84a879bd37670ae4f538a\/internal_photos\/bs\/2020\/A\/e\/Mu75NPRYCb7BSMEoKQYg\/depuncia.jpg 1000w, https:\/\/s2.glbimg.com\/OXCy_rP8Qzzs9e3v6qsUSimYqWQ=\/0x0:1600x900\/984x0\/smart\/filters:strip_icc()\/i.s3.glbimg.com\/v1\/AUTH_59edd422c0c84a879bd37670ae4f538a\/internal_photos\/bs\/2020\/A\/e\/Mu75NPRYCb7BSMEoKQYg\/depuncia.jpg 984w, https:\/\/s2.glbimg.com\/ZrtHTXEBz_ZY_sBiXiFL0qVvGP0=\/0x0:1600x900\/640x0\/smart\/filters:strip_icc()\/i.s3.glbimg.com\/v1\/AUTH_59edd422c0c84a879bd37670ae4f538a\/internal_photos\/bs\/2020\/A\/e\/Mu75NPRYCb7BSMEoKQYg\/depuncia.jpg 640w, https:\/\/s2.glbimg.com\/-mn77EEPPm-Ec3zErqIVJWcuNmM=\/0x0:1600x900\/600x0\/smart\/filters:strip_icc()\/i.s3.glbimg.com\/v1\/AUTH_59edd422c0c84a879bd37670ae4f538a\/internal_photos\/bs\/2020\/A\/e\/Mu75NPRYCb7BSMEoKQYg\/depuncia.jpg 600w\" alt=\"Trecho da den\u00fancia do Minist\u00e9rio P\u00fablico  \u2014 Foto: Reprodu\u00e7\u00e3o\/TV TEM \" \/><\/figure>\n<p class=\"content-media__description \">Trecho da den\u00fancia do Minist\u00e9rio P\u00fablico \u2014 Foto: Reprodu\u00e7\u00e3o\/TV TEM<\/p>\n<\/div>\n<\/div>\n<div class=\"mc-column content-text active-extra-styles \" style=\"text-align: justify;\" data-block-type=\"unstyled\" data-block-weight=\"49\" data-block-id=\"13\">\n<p class=\"content-text__container \" data-track-category=\"Link no Texto\" data-track-links=\"\">Outros produtos usados para rechear e temperar os frangos, como batata, \u00f3leo, cebola, vinagre e alho, foram desviados da cozinha municipal, usada para preparar a merenda escolar. O amigo do prefeito, Sebasti\u00e3o Ant\u00f4nio Muller, retirou pessoalmente, os produtos do local, afirmando que tinha autoriza\u00e7\u00e3o do prefeito e da primeira-dama.<\/p>\n<\/div>\n<div class=\"mc-column content-text active-extra-styles \" style=\"text-align: justify;\" data-block-type=\"unstyled\" data-block-weight=\"48\" data-block-id=\"14\">\n<p class=\"content-text__container \" data-track-category=\"Link no Texto\" data-track-links=\"\">Em depoimento, uma funcion\u00e1ria da cozinha municipal relatou que Muller \u201ccomparecia na cozinha sempre quando havia festividades ligadas \u00e0 igreja e l\u00e1 retirava diversos produtos, carregando-os em seu ve\u00edculo\u201d. Ela disse ainda que os produtos j\u00e1 ficaram separados e tamb\u00e9m eram retirados por outras pessoas ligadas \u00e0 igreja.<\/p>\n<\/div>\n<div class=\"mc-column content-text active-extra-styles\" style=\"text-align: justify;\" data-block-type=\"raw\" data-block-weight=\"5\" data-block-id=\"15\">\n<div class=\"content-intertitle\">\n<h2>Supermercados com c\u00e2meras eram evitados<\/h2>\n<\/div>\n<\/div>\n<div class=\"mc-column content-text active-extra-styles \" style=\"text-align: justify;\" data-block-type=\"unstyled\" data-block-weight=\"44\" data-block-id=\"17\">\n<p class=\"content-text__container \" data-track-category=\"Link no Texto\" data-track-links=\"\">Uma funcion\u00e1ria da Igreja Matriz de S\u00e3o Jos\u00e9 disse em depoimento ao Minist\u00e9rio P\u00fablico que o padre Wanderley e Sebasti\u00e3o Muller, amigo do prefeito, evitavam buscar os produtos desviados no supermercado, porque eles n\u00e3o queriam ser flagrados por c\u00e2meras de seguran\u00e7a praticando os desvios.<\/p>\n<\/div>\n<div class=\"mc-column content-text active-extra-styles \" style=\"text-align: justify;\" data-block-type=\"unstyled\" data-block-weight=\"37\" data-block-id=\"18\">\n<p class=\"content-text__container \" data-track-category=\"Link no Texto\" data-track-links=\"\">De acordo com a funcion\u00e1ria, todos os produtos e alimentos usados para preparar o jantar de um show musical realizado pela igreja, em agosto de 2018, foram retirados no mesmo supermercado que fornecia os frangos para prefeitura.<\/p>\n<\/div>\n<div class=\"mc-column content-text active-extra-styles \" style=\"text-align: justify;\" data-block-type=\"unstyled\" data-block-weight=\"38\" data-block-id=\"19\">\n<p class=\"content-text__container \" data-track-category=\"Link no Texto\" data-track-links=\"\">&#8220;O padre Wanderley deu ordem expressa para que os produtos fossem adquiridos em dias alternados, para n\u00e3o levantar suspeitas, e que era para pegar o que fosse necess\u00e1rio para a prepara\u00e7\u00e3o do jantar\u201d, disse a funcion\u00e1ria no depoimento.<\/p>\n<\/div>\n<div class=\"mc-column content-text active-extra-styles \" style=\"text-align: justify;\" data-block-type=\"unstyled\" data-block-weight=\"24\" data-block-id=\"20\">\n<p class=\"content-text__container \" data-track-category=\"Link no Texto\" data-track-links=\"\">Ainda segundo a funcion\u00e1ria da igreja, o pr\u00f3prio padre teria afirmado que \u201cnem ele e sequer Sebasti\u00e3o Muller poderiam ir pessoalmente pegar os produtos\u201d.<\/p>\n<\/div>\n<div class=\"mc-column content-text active-extra-styles\" style=\"text-align: justify;\" data-block-type=\"raw\" data-block-weight=\"8\" data-block-id=\"21\">\n<div class=\"content-intertitle\">\n<h2>Prefeitura tamb\u00e9m pagou DJ para festa da igreja<\/h2>\n<\/div>\n<\/div>\n<div class=\"mc-column content-text active-extra-styles \" style=\"text-align: justify;\" data-block-type=\"unstyled\" data-block-weight=\"31\" data-block-id=\"22\">\n<p class=\"content-text__container \" data-track-category=\"Link no Texto\" data-track-links=\"\">Na mesma a\u00e7\u00e3o de improbidade por desvio de merenda escolar, o promotor denunciou que a Prefeitura de Itajobi pagou o DJ que trabalhou em festas da Igreja Matriz de S\u00e3o Jos\u00e9.<\/p>\n<\/div>\n<div class=\"mc-column content-text active-extra-styles \" style=\"text-align: justify;\" data-block-type=\"unstyled\" data-block-weight=\"40\" data-block-id=\"23\">\n<p class=\"content-text__container \" data-track-category=\"Link no Texto\" data-track-links=\"\">O pr\u00f3prio DJ confirmou em seu depoimento que abateu do contrato que mantinha com a prefeitura os valores pelos trabalhos realizados a pedido do padre. Os trabalhos realizados em eventos da igreja foram intermediados pelo amigos do prefeito, Sebasti\u00e3o Muller.<\/p>\n<\/div>\n<div class=\"row medium-uncollapsed content-media content-photo\" data-block-type=\"backstage-photo\" data-block-id=\"24\">\n<div class=\"mc-column content-media__container\">\n<figure style=\"text-align: justify;\"><img decoding=\"async\" class=\"i-amphtml-fill-content i-amphtml-replaced-content\" src=\"https:\/\/s2.glbimg.com\/sKIq384UHxhHXQPgxUHxVFXg0O0=\/0x0:1600x900\/984x0\/smart\/filters:strip_icc()\/i.s3.glbimg.com\/v1\/AUTH_59edd422c0c84a879bd37670ae4f538a\/internal_photos\/bs\/2020\/t\/4\/6VgZvhQWifShLUNih3DA\/prefeitura-de-itajobi.jpg\" sizes=\"(max-width: 1242px) 648px, 100vw\" srcset=\"https:\/\/s2.glbimg.com\/IsaXIPqdQBpMG-fd8URyXcoeglY=\/0x0:1600x900\/1000x0\/smart\/filters:strip_icc()\/i.s3.glbimg.com\/v1\/AUTH_59edd422c0c84a879bd37670ae4f538a\/internal_photos\/bs\/2020\/t\/4\/6VgZvhQWifShLUNih3DA\/prefeitura-de-itajobi.jpg 1000w, https:\/\/s2.glbimg.com\/sKIq384UHxhHXQPgxUHxVFXg0O0=\/0x0:1600x900\/984x0\/smart\/filters:strip_icc()\/i.s3.glbimg.com\/v1\/AUTH_59edd422c0c84a879bd37670ae4f538a\/internal_photos\/bs\/2020\/t\/4\/6VgZvhQWifShLUNih3DA\/prefeitura-de-itajobi.jpg 984w, https:\/\/s2.glbimg.com\/R9Fo-i5gmZ63Td008tfJAUd-5Z0=\/0x0:1600x900\/640x0\/smart\/filters:strip_icc()\/i.s3.glbimg.com\/v1\/AUTH_59edd422c0c84a879bd37670ae4f538a\/internal_photos\/bs\/2020\/t\/4\/6VgZvhQWifShLUNih3DA\/prefeitura-de-itajobi.jpg 640w, https:\/\/s2.glbimg.com\/JQMtE1meogegDThxZnBwhhpK88k=\/0x0:1600x900\/600x0\/smart\/filters:strip_icc()\/i.s3.glbimg.com\/v1\/AUTH_59edd422c0c84a879bd37670ae4f538a\/internal_photos\/bs\/2020\/t\/4\/6VgZvhQWifShLUNih3DA\/prefeitura-de-itajobi.jpg 600w\" alt=\"Prefeitura de Itajobi  \u2014 Foto: Reprodu\u00e7\u00e3o\/TV TEM \" \/><\/figure>\n<p class=\"content-media__description \" style=\"text-align: justify;\">Prefeitura de Itajobi \u2014 Foto: Reprodu\u00e7\u00e3o\/TV TEM<\/p>\n<div class=\"mc-column content-text active-extra-styles \" style=\"text-align: justify;\" data-block-type=\"unstyled\" data-block-weight=\"71\" data-block-id=\"26\">\n<p class=\"content-text__container \" data-track-category=\"Link no Texto\" data-track-links=\"\">Na a\u00e7\u00e3o civil por improbidade, o promotor de Justi\u00e7a Andr\u00e9 Lu\u00eds de Souza pede que os acusados sejam condenados a ressarcir a Prefeitura de Itajobi pelo preju\u00edzo causado com o desvio da merenda e a contrata\u00e7\u00e3o irregular do DJ. Eles podem ser condenados ainda a pagar multa de at\u00e9 R$ 1,7 milh\u00e3o, que correspondente a 100 vezes o valor do sal\u00e1rio do prefeito de Itajobi, que \u00e9 de R$ 17 mil.<\/p>\n<\/div>\n<div class=\"mc-column content-text active-extra-styles \" style=\"text-align: justify;\" data-block-type=\"unstyled\" data-block-weight=\"13\" data-block-id=\"27\">\n<p class=\"content-text__container \" data-track-category=\"Link no Texto\" data-track-links=\"\">O promotor quer ainda a cassa\u00e7\u00e3o e suspens\u00e3o dos direitos pol\u00edticos do prefeito.<\/p>\n<\/div>\n<div class=\"mc-column content-text active-extra-styles\" style=\"text-align: justify;\" data-block-type=\"raw\" data-block-weight=\"7\" data-block-id=\"28\">\n<div class=\"content-intertitle\">\n<h2>O que dizem os citados pelo MP<\/h2>\n<\/div>\n<\/div>\n<div class=\"mc-column content-text active-extra-styles \" style=\"text-align: justify;\" data-block-type=\"unstyled\" data-block-weight=\"84\" data-block-id=\"29\">\n<p class=\"content-text__container \" data-track-category=\"Link no Texto\" data-track-links=\"\">O padre Wanderley Ramos dos Santos nega qualquer irregularidade e diz que, &#8220;at\u00e9 o presente momento, n\u00e3o foi solicitada, pela justi\u00e7a, a apresenta\u00e7\u00e3o da minha defesa&#8221;. &#8220;Me entriste\u00e7o muito em ver que algumas pessoas, em pleno ano pol\u00edtico, est\u00e3o usando mentiras, falsos testemunhos e a Imagem de um Padre para destruir reputa\u00e7\u00f5es e alcan\u00e7ar seus esp\u00farios objetivos, eleitorais e pessoais. Nego todos os fatos, sobretudo, o uso de um s\u00f3 frango sequer, retirado da cozinha piloto, para uso em festas da Par\u00f3quia S\u00e3o Jos\u00e9.&#8221;<\/p>\n<\/div>\n<div class=\"mc-column content-text active-extra-styles \" style=\"text-align: justify;\" data-block-type=\"unstyled\" data-block-weight=\"28\" data-block-id=\"30\">\n<p class=\"content-text__container \" data-track-category=\"Link no Texto\" data-track-links=\"\">Sebasti\u00e3o Mulher tamb\u00e9m negou as acusa\u00e7\u00f5es. Ele admitiu \u00e0\u00a0<strong>TV TEM\u00a0<\/strong>que buscava produtos na cozinha municipal, mas disse que eram doados pelos fornecedores e n\u00e3o pela prefeitura.<\/p>\n<\/div>\n<div class=\"mc-column content-text active-extra-styles \" style=\"text-align: justify;\" data-block-type=\"unstyled\" data-block-weight=\"11\" data-block-id=\"31\">\n<p class=\"content-text__container \" data-track-category=\"Link no Texto\" data-track-links=\"\">A Diocese de Catanduva tamb\u00e9m enviou uma nota \u00e0\u00a0<strong>TV TEM:<\/strong><\/p>\n<\/div>\n<div class=\"mc-column content-text active-extra-styles \" style=\"text-align: justify;\" data-block-type=\"unstyled\" data-block-weight=\"39\" data-block-id=\"32\">\n<p class=\"content-text__container \" data-track-category=\"Link no Texto\" data-track-links=\"\"><em>&#8220;A Diocese de Catanduva informa que tomou conhecimento do ajuizamento da A\u00e7\u00e3o Civil P\u00fablica movida pelo Minist\u00e9rio P\u00fablico de Itajobi (SP), em desfavor do Padre Wanderley Ramos dos Santos, por meio do conato feito pela reportagem da\u00a0<\/em><strong><em>TV TEM.<\/em><\/strong><\/p>\n<\/div>\n<div class=\"mc-column content-text active-extra-styles \" style=\"text-align: justify;\" data-block-type=\"unstyled\" data-block-weight=\"21\" data-block-id=\"33\">\n<p class=\"content-text__container \" data-track-category=\"Link no Texto\" data-track-links=\"\"><em>A Diocese n\u00e3o responde por atos individuais e particulares dos membros do clero, quando desvinculados aos objetos espec\u00edficos de evangeliza\u00e7\u00e3o.<\/em><\/p>\n<\/div>\n<div class=\"mc-column content-text active-extra-styles \" style=\"text-align: justify;\" data-block-type=\"unstyled\" data-block-weight=\"56\" data-block-id=\"34\">\n<p class=\"content-text__container \" data-track-category=\"Link no Texto\" data-track-links=\"\"><em>A orienta\u00e7\u00e3o da Santa S\u00e9 e do Papa Francisco, sabidamente conhecida \u00e9 de que, nos casos de cometimento de infra\u00e7\u00f5es civis, trabalhistas, penais e de outras esferas, por membro do clero, em car\u00e1ter particular, devem ser encaminhados \u00e0s autoridades da \u00e1rea, para que, elas tomem as provid\u00eancia que julgarem cab\u00edveis, observando-se a aplica\u00e7\u00e3o da lei.<\/em><\/p>\n<\/div>\n<div class=\"mc-column content-text active-extra-styles \" style=\"text-align: justify;\" data-block-type=\"unstyled\" data-block-weight=\"29\" data-block-id=\"36\">\n<p class=\"content-text__container \" data-track-category=\"Link no Texto\" data-track-links=\"\"><em>Informa que, muito embora n\u00e3o seja parte, ir\u00e1 sempre colaborar e prezar pela Justi\u00e7a e aplica\u00e7\u00e3o das leis, para que o bem e a ordem social sejam mantidas.<\/em><\/p>\n<\/div>\n<div class=\"mc-column content-text active-extra-styles \" data-block-type=\"unstyled\" data-block-weight=\"47\" data-block-id=\"37\">\n<p class=\"content-text__container \" style=\"text-align: justify;\" data-track-category=\"Link no Texto\" data-track-links=\"\"><em>Que neste momento n\u00e3o podem julgar ou se pronunciar sobre os atos particulares, pois dependem de investiga\u00e7\u00f5es e julgamentos de compet\u00eancia da legisla\u00e7\u00e3o e autoridades do Estado Brasileiro, soberano no julgamento dos seus cidad\u00e3os. Mas, que acompanhar\u00e1 atentamente o desfecho para, com serenidade, tomar as medidas cab\u00edveis.&#8221;<\/em><\/p>\n<p style=\"text-align: justify;\" data-track-category=\"Link no Texto\" data-track-links=\"\">Fonte: G1<\/p>\n<\/div>\n<\/div>\n<\/div>\n<\/div>\n<\/div>\n","protected":false},"excerpt":{"rendered":"<p>Um amigo do prefeito de Itajobi (SP) tamb\u00e9m foi denunciado. Segundo o Minist\u00e9rio P\u00fablico, alimentos da merenda escolar foram usados em festas da igreja. O Minist\u00e9rio P\u00fablico (MP) denunciou o prefeito de Itajobi, Lairto Luiz Piovesana Filho, e o padre Wanderley Ramos dos Santos, da Diocese de Catanduva, por desvio de merenda escolar. A primeira-dama, [&hellip;]<\/p>\n","protected":false},"author":1,"featured_media":26891,"comment_status":"closed","ping_status":"open","sticky":false,"template":"","format":"standard","meta":{"footnotes":""},"categories":[120,110],"tags":[],"class_list":["post-26890","post","type-post","status-publish","format-standard","has-post-thumbnail","hentry","category-justicahabitacaotecnologia","category-noticiasdestaque"],"_links":{"self":[{"href":"https:\/\/jorgezanoni.com.br\/2019\/wp-json\/wp\/v2\/posts\/26890","targetHints":{"allow":["GET"]}}],"collection":[{"href":"https:\/\/jorgezanoni.com.br\/2019\/wp-json\/wp\/v2\/posts"}],"about":[{"href":"https:\/\/jorgezanoni.com.br\/2019\/wp-json\/wp\/v2\/types\/post"}],"author":[{"embeddable":true,"href":"https:\/\/jorgezanoni.com.br\/2019\/wp-json\/wp\/v2\/users\/1"}],"replies":[{"embeddable":true,"href":"https:\/\/jorgezanoni.com.br\/2019\/wp-json\/wp\/v2\/comments?post=26890"}],"version-history":[{"count":0,"href":"https:\/\/jorgezanoni.com.br\/2019\/wp-json\/wp\/v2\/posts\/26890\/revisions"}],"wp:featuredmedia":[{"embeddable":true,"href":"https:\/\/jorgezanoni.com.br\/2019\/wp-json\/wp\/v2\/media\/26891"}],"wp:attachment":[{"href":"https:\/\/jorgezanoni.com.br\/2019\/wp-json\/wp\/v2\/media?parent=26890"}],"wp:term":[{"taxonomy":"category","embeddable":true,"href":"https:\/\/jorgezanoni.com.br\/2019\/wp-json\/wp\/v2\/categories?post=26890"},{"taxonomy":"post_tag","embeddable":true,"href":"https:\/\/jorgezanoni.com.br\/2019\/wp-json\/wp\/v2\/tags?post=26890"}],"curies":[{"name":"wp","href":"https:\/\/api.w.org\/{rel}","templated":true}]}}