{"id":26868,"date":"2020-05-26T01:40:52","date_gmt":"2020-05-26T01:40:52","guid":{"rendered":"https:\/\/jorgezanoni.com.br\/2019\/?p=26868"},"modified":"2020-05-26T01:40:52","modified_gmt":"2020-05-26T01:40:52","slug":"doria-nega-lockdown-imediato-e-sinaliza-flexibilizacao-da-quarentena-em-algumas-regioes-do-estado-em-junho","status":"publish","type":"post","link":"https:\/\/jorgezanoni.com.br\/2019\/doria-nega-lockdown-imediato-e-sinaliza-flexibilizacao-da-quarentena-em-algumas-regioes-do-estado-em-junho\/","title":{"rendered":"Doria nega lockdown imediato e sinaliza flexibiliza\u00e7\u00e3o da quarentena em algumas regi\u00f5es do estado em junho"},"content":{"rendered":"<h2 class=\"content-head__subtitle\" style=\"text-align: justify;\"><strong>Governador diz que anunciar\u00e1 na quarta-feira (27), com o prefeito da capital, Bruno Covas, detalhes sobre as medidas que ser\u00e3o adotadas a partir do dia 1\u00ba de junho em SP.<\/strong><\/h2>\n<div class=\"mc-column content-text active-extra-styles \" data-block-type=\"unstyled\" data-block-weight=\"70\" data-block-id=\"2\">\n<p class=\"content-text__container \" style=\"text-align: justify;\" data-track-category=\"Link no Texto\" data-track-links=\"\">O governador Jo\u00e3o Doria (PSDB) de S\u00e3o Paulo disse na tarde desta segunda-feira (25) em entrevista \u00e0 GloboNews que n\u00e3o pretende decretar neste momento no estado o lockdown, vers\u00e3o mais r\u00edgida do distanciamento social. Doria disse ainda que a partir do dia 1\u00ba de junho dever\u00e1 adotar a &#8220;quarentena inteligente&#8221;, na qual as medidas de isolamento social ir\u00e3o variar a depender dos aspectos particulares de cada regi\u00e3o do estado.<\/p>\n<\/div>\n<div class=\"wall protected-content\">\n<div class=\"mc-column content-text active-extra-styles \" style=\"text-align: justify;\" data-block-type=\"unstyled\" data-block-weight=\"59\" data-block-id=\"3\">\n<p class=\"content-text__container \" data-track-category=\"Link no Texto\" data-track-links=\"\">\u201cNeste momento n\u00e3o h\u00e1 perspectiva de lockdown imediato em S\u00e3o Paulo, mas o protocolo existe, ou seja, neste exato momento n\u00f3s n\u00e3o vamos decretar lockdown nem na capital de S\u00e3o Paulo, nem em nenhuma outra cidade do estado de S\u00e3o Paulo, n\u00f3s temos 645 munic\u00edpios aqui, mas o olhar \u00e9 di\u00e1rio, o acompanhamento \u00e9 feito diariamente&#8221;, disse Doria.<\/p>\n<\/div>\n<div class=\"mc-column content-text active-extra-styles \" style=\"text-align: justify;\" data-block-type=\"unstyled\" data-block-weight=\"55\" data-block-id=\"4\">\n<p class=\"content-text__container \" data-track-category=\"Link no Texto\" data-track-links=\"\">Quanto \u00e0 &#8220;quarentena inteligente&#8221;, o governador de SP disse que a decis\u00e3o n\u00e3o ser\u00e1 homog\u00eanea e levar\u00e1 em conta a situa\u00e7\u00e3o de cada regi\u00e3o do estado. Ainda, segundo o governador, mais detalhes ser\u00e3o divulgados em uma coletiva que ser\u00e1 realizada na quarta-feira (27) com a presen\u00e7a do prefeito da capital paulista, Bruno Covas (PSDB).<\/p>\n<\/div>\n<div class=\"mc-column content-text active-extra-styles \" data-block-type=\"unstyled\" data-block-weight=\"100\" data-block-id=\"5\">\n<p class=\"content-text__container \" style=\"text-align: justify;\" data-track-category=\"Link no Texto\" data-track-links=\"\">&#8220;Para ser muito preciso, n\u00f3s teremos uma nova quarentena. Mas ser\u00e1 uma quarentena inteligente, porque levar\u00e1 em considera\u00e7\u00e3o toda a regionaliza\u00e7\u00e3o de S\u00e3o Paulo, do interior, da capital e da regi\u00e3o metropolitana, do litoral. A decis\u00e3o n\u00e3o ser\u00e1 homog\u00eanea. At\u00e9 agora ela foi homog\u00eanea em todo o estado porque ela precisava ser. Agora, n\u00f3s temos a condi\u00e7\u00e3o de faz\u00ea-la heterog\u00eanea, seguindo as orienta\u00e7\u00f5es do comit\u00ea de sa\u00fade. \u00c1reas e regi\u00f5es em que possamos nessa quarentena inteligente ter um olhar diferente, n\u00f3s vamos fazer. Aonde n\u00e3o for poss\u00edvel porque os riscos e \u00edndices indicam que n\u00e3o devem, n\u00e3o haver\u00e1&#8221;, disse Doria.<\/p>\n<p style=\"text-align: justify;\" data-track-category=\"Link no Texto\" data-track-links=\"\">A atual fase da quarentena em S\u00e3o Paulo\u00a0<a href=\"https:\/\/g1.globo.com\/sp\/sao-paulo\/noticia\/2020\/05\/08\/governo-de-sp-prorroga-quarentena-ate-31-de-maio.ghtml\">foi anuncia em todo o estado de S\u00e3o Paulo pelo governador em 8 de maio e tem dura\u00e7\u00e3o prevista at\u00e9 o dia 31 de maio<\/a>, em raz\u00e3o do avan\u00e7o das mortes e interna\u00e7\u00f5es por coronav\u00edrus em todo o estado, que pressiona o sistema de sa\u00fade no estado. Com a decis\u00e3o, permanecem autorizados a funcionar\u00a0<a href=\"https:\/\/g1.globo.com\/sp\/sao-paulo\/noticia\/2020\/04\/17\/doria-prorroga-quarentena-no-estado-de-sp-ate-10-de-maio-devido-a-pandemia-de-coronavirus.ghtml\">apenas servi\u00e7os essenciais em S\u00e3o Paulo at\u00e9 o 31 de maio.<\/a><\/p>\n<div class=\"mc-column content-text active-extra-styles\" style=\"text-align: justify;\" data-block-type=\"raw\" data-block-weight=\"2\" data-block-id=\"10\">\n<div class=\"content-intertitle\">\n<h2>Isolamento Social<\/h2>\n<\/div>\n<\/div>\n<div class=\"mc-column content-text active-extra-styles \" style=\"text-align: justify;\" data-block-type=\"unstyled\" data-block-weight=\"61\" data-block-id=\"11\">\n<p class=\"content-text__container \" data-track-category=\"Link no Texto\" data-track-links=\"\">O \u00edndice de isolamento social no estado de S\u00e3o Paulo subiu para 55% neste domingo (24).<a href=\"https:\/\/g1.globo.com\/sp\/sao-paulo\/noticia\/2020\/05\/25\/isolamento-social-no-estado-de-sp-sobe-para-55percent-no-domingo-capital-tem-57percent-com-megaferiado.ghtml\">\u00a0Na capital, onde um feriado prolongado foi criado para tentar evitar a propaga\u00e7\u00e3o da Covid-19, o \u00edndice chegou a 57%.\u00a0<\/a>Os dados foram divulgados pelo governo na tarde desta segunda-feira (25). No s\u00e1bado (24), as taxas ficaram em 51% no estado e 53% na capital.<\/p>\n<\/div>\n<div class=\"mc-column content-text active-extra-styles \" style=\"text-align: justify;\" data-block-type=\"unstyled\" data-block-weight=\"28\" data-block-id=\"13\">\n<p class=\"content-text__container \" data-track-category=\"Link no Texto\" data-track-links=\"\">No comparativo com o registrado no final de semana anterior, a eleva\u00e7\u00e3o foi pequena.<a href=\"https:\/\/g1.globo.com\/sp\/sao-paulo\/noticia\/2020\/05\/18\/taxa-de-isolamento-sobe-para-54percent-no-estado-de-sp-no-domingo-na-capital-paulista-chega-a-56percent.ghtml\">\u00a0No estado, no domingo dia 17, o \u00edndice foi de 54%. Na capital, 56%.<\/a><\/p>\n<\/div>\n<div class=\"mc-column content-text active-extra-styles \" style=\"text-align: justify;\" data-block-type=\"unstyled\" data-block-weight=\"45\" data-block-id=\"14\">\n<p class=\"content-text__container \" data-track-category=\"Link no Texto\" data-track-links=\"\">Para tentar aumentar o isolamento social,\u00a0<a href=\"https:\/\/g1.globo.com\/sp\/sao-paulo\/noticia\/2020\/05\/18\/camara-de-sp-aprova-antecipacao-de-feriados-municipais-para-aumentar-isolamento-social.ghtml\">a cidade de S\u00e3o Paulo adiantou os feriados municipais de Corpus Christi (11 de junho) e da Consci\u00eancia Negra (20 de novembro) para a \u00faltima quarta (20) e quinta (21). Na sexta-feira (22),<\/a>\u00a0foi declarado ponto facultativo na cidade.<\/p>\n<\/div>\n<div class=\"mc-column content-text active-extra-styles \" style=\"text-align: justify;\" data-block-type=\"unstyled\" data-block-weight=\"30\" data-block-id=\"15\">\n<p class=\"content-text__container \" data-track-category=\"Link no Texto\" data-track-links=\"\">Al\u00e9m da capital, outras cidades da Grande S\u00e3o Paulo tamb\u00e9m adiantaram recessos para a semana.\u00a0<a href=\"https:\/\/g1.globo.com\/sp\/sao-paulo\/noticia\/2020\/05\/22\/alesp-aprova-antecipacao-do-feriado-de-9-de-julho-para-esta-segunda-feira-em-sp.ghtml\">J\u00e1 o governo estadual antecipou o feriado de 9 de julho para esta segunda-feira (25).<\/a><\/p>\n<\/div>\n<div class=\"mc-column content-text active-extra-styles \" style=\"text-align: justify;\" data-block-type=\"unstyled\" data-block-weight=\"44\" data-block-id=\"16\">\n<p class=\"content-text__container \" data-track-category=\"Link no Texto\" data-track-links=\"\">O valor alcan\u00e7ado neste domingo (24) \u00e9 considerado pelo governador Jo\u00e3o Doria como m\u00ednimo para conter a propaga\u00e7\u00e3o do novo coronav\u00edrus. Em publica\u00e7\u00e3o nas redes sociais nesta segunda-feira (25), o governador de S\u00e3o Paulo comemorou a alta do isolamento nesse \u00faltimo domingo no estado:<\/p>\n<\/div>\n<div class=\"mc-column content-text active-extra-styles \" style=\"text-align: justify;\" data-block-type=\"unstyled\" data-block-weight=\"54\" data-block-id=\"17\">\n<p class=\"content-text__container \" data-track-category=\"Link no Texto\" data-track-links=\"\">&#8220;Ontem registramos 55% de isolamento social no Estado de SP. Na Capital, o \u00edndice foi de 57%. Parab\u00e9ns \u00e0 popula\u00e7\u00e3o que, ao ficar em casa, est\u00e1 ajudando a salvar vidas. A manuten\u00e7\u00e3o desses n\u00fameros \u00e9 importante p\/ reduzir o cont\u00e1gio e frear o avan\u00e7o do coronav\u00edrus no Estado de SP&#8221;, disse o governador paulista.<\/p>\n<\/div>\n<div class=\"mc-column content-text active-extra-styles \" style=\"text-align: justify;\" data-block-type=\"unstyled\" data-block-weight=\"58\" data-block-id=\"18\">\n<p class=\"content-text__container \" data-track-category=\"Link no Texto\" data-track-links=\"\">Autoridades de sa\u00fade do\u00a0<a href=\"http:\/\/g1.globo.com\/sao-paulo\/videos\/t\/sptv-1-edicao\/v\/segundo-autoridades-o-ideal-e-70-de-isolamento-para-diminuir-a-curva-da-pandemia\/8506875\/\">pr\u00f3prio governo, no entanto, afirmam que o ideal \u00e9 que a taxa seja de 70%.<\/a>\u00a0A eleva\u00e7\u00e3o do \u00edndice de isolamento social a patamares superiores a\u00a0<a href=\"https:\/\/g1.globo.com\/sp\/sao-paulo\/noticia\/2020\/05\/25\/com-isolamento-acima-de-60percent-controle-do-coronavirus-em-sp-pode-ser-feito-em-ate-7-semanas-aponta-coordenador.ghtml\">60% permite que a doen\u00e7a seja controlada em S\u00e3o Paulo em at\u00e9 sete semanas<\/a>, segundo estima o coordenador do Centro de Conting\u00eancia para a doen\u00e7a, Dimas Tadeu Covas.<\/p>\n<\/div>\n<div class=\"mc-column content-text active-extra-styles \" style=\"text-align: justify;\" data-block-type=\"unstyled\" data-block-weight=\"44\" data-block-id=\"19\">\n<p class=\"content-text__container \" data-track-category=\"Link no Texto\" data-track-links=\"\">Um estudo realizado pelo Observat\u00f3rio Covid-BR mostrou que o isolamento social, mesmo abaixo do ideal,\u00a0<a href=\"https:\/\/g1.globo.com\/sp\/sao-paulo\/noticia\/2020\/05\/23\/estudo-mostra-que-isolamento-diminuiu-taxa-de-contagio-da-covid-19-em-sp-mas-indice-ainda-precisa-cair-para-conter-pandemia.ghtml\">ajudou a diminuir a taxa de cont\u00e1gio da doen\u00e7a no estado<\/a>. Os cientistas afirmam, no entanto, que o valor precisa ser ainda menor para frear o avan\u00e7o da epidemia.<\/p>\n<\/div>\n<div class=\"mc-column content-text active-extra-styles \" data-block-type=\"unstyled\" data-block-weight=\"64\" data-block-id=\"21\">\n<p class=\"content-text__container \" style=\"text-align: justify;\" data-track-category=\"Link no Texto\" data-track-links=\"\">Pesquisadores que acompanham a evolu\u00e7\u00e3o do novo coronav\u00edrus alertam que a curva de mortes causadas pela doen\u00e7a, que chegou a entrar em processo de achatamento no estado,<a href=\"https:\/\/g1.globo.com\/sp\/sao-paulo\/noticia\/2020\/05\/18\/cientistas-alertam-para-aumento-nas-mortes-por-covid-19-em-sp-nos-ultimos-dias-e-possibilidade-de-pico-de-mortes-virar-plato.ghtml\">\u00a0teve forte acelera\u00e7\u00e3o nos \u00faltimos dias<\/a>. Eles admitem a possibilidade de que o v\u00edrus n\u00e3o cause um pico de contamina\u00e7\u00e3o, mas sim um plat\u00f4, como os especialistas classificam uma situa\u00e7\u00e3o de pico cont\u00ednuo, que demora a cair.<\/p>\n<p data-track-category=\"Link no Texto\" data-track-links=\"\"><img loading=\"lazy\" decoding=\"async\" class=\"alignnone size-full wp-image-26869\" src=\"https:\/\/jorgezanoni.com.br\/2019\/wp-content\/uploads\/2020\/05\/mortes-3.jpg\" alt=\"\" width=\"1000\" height=\"968\" srcset=\"https:\/\/jorgezanoni.com.br\/2019\/wp-content\/uploads\/2020\/05\/mortes-3.jpg 1000w, https:\/\/jorgezanoni.com.br\/2019\/wp-content\/uploads\/2020\/05\/mortes-3-300x290.jpg 300w, https:\/\/jorgezanoni.com.br\/2019\/wp-content\/uploads\/2020\/05\/mortes-3-768x743.jpg 768w, https:\/\/jorgezanoni.com.br\/2019\/wp-content\/uploads\/2020\/05\/mortes-3-696x674.jpg 696w, https:\/\/jorgezanoni.com.br\/2019\/wp-content\/uploads\/2020\/05\/mortes-3-434x420.jpg 434w\" sizes=\"auto, (max-width: 1000px) 100vw, 1000px\" \/><\/p>\n<div class=\"mc-column content-text active-extra-styles\" data-block-type=\"raw\" data-block-weight=\"6\" data-block-id=\"23\">\n<div class=\"content-intertitle\">\n<h2>Mortes por coronav\u00edrus em S\u00e3o Paulo<\/h2>\n<\/div>\n<\/div>\n<div class=\"mc-column content-text active-extra-styles \" data-block-type=\"unstyled\" data-block-weight=\"40\" data-block-id=\"24\">\n<p class=\"content-text__container \" data-track-category=\"Link no Texto\" data-track-links=\"\">O estado de S\u00e3o Paulo chegou a\u00a0<a href=\"https:\/\/g1.globo.com\/sp\/sao-paulo\/noticia\/2020\/05\/25\/sp-registra-62-mil-mortes-por-coronavirus-e-mais-de-83-mil-casos-confirmados-no-estado.ghtml\">6.220 mortes causadas pelo novo coronav\u00edrus, segundo boletim da Secretaria de Estado de Sa\u00fade divulgado nesta segunda-feira (25)<\/a>. Foram 57 mortes em 24 horas, no domingo (24), eram confirmadas 6.163 mortes no estado.<\/p>\n<\/div>\n<div class=\"mc-column content-text active-extra-styles \" data-block-type=\"unstyled\" data-block-weight=\"26\" data-block-id=\"25\">\n<p class=\"content-text__container \" data-track-category=\"Link no Texto\" data-track-links=\"\">Ainda de acordo com os dados, j\u00e1 s\u00e3o 83.625 casos da COVID-19, registrados em 510 munic\u00edpios. Destes, 237 tiveram uma ou mais v\u00edtimas fatais da doen\u00e7a.<\/p>\n<\/div>\n<div class=\"mc-column content-text active-extra-styles \" data-block-type=\"unstyled\" data-block-weight=\"41\" data-block-id=\"26\">\n<p class=\"content-text__container \" data-track-category=\"Link no Texto\" data-track-links=\"\">Em todo o estado, s\u00e3o 11,1 mil pacientes internados, sendo 4.283 em UTI e 6.867 em enfermaria. A taxa de ocupa\u00e7\u00e3o dos leitos de UTI reservados para atendimento a COVID-19 \u00e9 de 73,8% no estado e 88,1% na Grande S\u00e3o Paulo.<\/p>\n<p data-track-category=\"Link no Texto\" data-track-links=\"\">Fonte: https:\/\/g1.globo.com\/sp\/sao-paulo\/noticia\/2020\/05\/25\/doria-diz-que-nao-ha-perspectiva-de-decretar-lockdown-em-sp-mas-afirma-que-havera-nova-quarentena-inteligente-em-junho.ghtml<\/p>\n<\/div>\n<\/div>\n<\/div>\n<\/div>\n","protected":false},"excerpt":{"rendered":"<p>Governador diz que anunciar\u00e1 na quarta-feira (27), com o prefeito da capital, Bruno Covas, detalhes sobre as medidas que ser\u00e3o adotadas a partir do dia 1\u00ba de junho em SP. O governador Jo\u00e3o Doria (PSDB) de S\u00e3o Paulo disse na tarde desta segunda-feira (25) em entrevista \u00e0 GloboNews que n\u00e3o pretende decretar neste momento no [&hellip;]<\/p>\n","protected":false},"author":1,"featured_media":26870,"comment_status":"closed","ping_status":"open","sticky":false,"template":"","format":"standard","meta":{"footnotes":""},"categories":[110,116],"tags":[],"class_list":["post-26868","post","type-post","status-publish","format-standard","has-post-thumbnail","hentry","category-noticiasdestaque","category-politicaeeconomia"],"_links":{"self":[{"href":"https:\/\/jorgezanoni.com.br\/2019\/wp-json\/wp\/v2\/posts\/26868","targetHints":{"allow":["GET"]}}],"collection":[{"href":"https:\/\/jorgezanoni.com.br\/2019\/wp-json\/wp\/v2\/posts"}],"about":[{"href":"https:\/\/jorgezanoni.com.br\/2019\/wp-json\/wp\/v2\/types\/post"}],"author":[{"embeddable":true,"href":"https:\/\/jorgezanoni.com.br\/2019\/wp-json\/wp\/v2\/users\/1"}],"replies":[{"embeddable":true,"href":"https:\/\/jorgezanoni.com.br\/2019\/wp-json\/wp\/v2\/comments?post=26868"}],"version-history":[{"count":0,"href":"https:\/\/jorgezanoni.com.br\/2019\/wp-json\/wp\/v2\/posts\/26868\/revisions"}],"wp:featuredmedia":[{"embeddable":true,"href":"https:\/\/jorgezanoni.com.br\/2019\/wp-json\/wp\/v2\/media\/26870"}],"wp:attachment":[{"href":"https:\/\/jorgezanoni.com.br\/2019\/wp-json\/wp\/v2\/media?parent=26868"}],"wp:term":[{"taxonomy":"category","embeddable":true,"href":"https:\/\/jorgezanoni.com.br\/2019\/wp-json\/wp\/v2\/categories?post=26868"},{"taxonomy":"post_tag","embeddable":true,"href":"https:\/\/jorgezanoni.com.br\/2019\/wp-json\/wp\/v2\/tags?post=26868"}],"curies":[{"name":"wp","href":"https:\/\/api.w.org\/{rel}","templated":true}]}}