{"id":26865,"date":"2020-05-26T01:11:25","date_gmt":"2020-05-26T01:11:25","guid":{"rendered":"https:\/\/jorgezanoni.com.br\/2019\/?p=26865"},"modified":"2020-05-26T01:11:25","modified_gmt":"2020-05-26T01:11:25","slug":"bispo-dom-luiz-antonio-cipolini-prorroga-suspensao-de-missas-presenciais","status":"publish","type":"post","link":"https:\/\/jorgezanoni.com.br\/2019\/bispo-dom-luiz-antonio-cipolini-prorroga-suspensao-de-missas-presenciais\/","title":{"rendered":"Bispo Dom Luiz Antonio Cipolini prorroga suspens\u00e3o de missas presenciais"},"content":{"rendered":"<p style=\"text-align: justify;\">O bispo diocesano de Mar\u00edlia, Dom Luiz Antonio Cipolini, divulgou nesta sexta-feira (22), decreto em que prorroga suspens\u00e3o de missas abertas com presen\u00e7a de p\u00fablico em todas as par\u00f3quias de Mar\u00edlia e regi\u00e3o e apresentou medidas financeiras em fun\u00e7\u00e3o da crise do coronav\u00edrus.<\/p>\n<p style=\"text-align: justify;\">Dom Luiz n\u00e3o estabelece data para o retorno das missas, mas informa que seguem suspensas at\u00e9 novo decreto, com novas orienta\u00e7\u00f5es.<\/p>\n<p style=\"text-align: justify;\">O decreto esclarece que as missas sob responsabilidade da Diocese v\u00e3o acompanhar decretos estaduais de quarentena. A medida foi tomada ap\u00f3s divulga\u00e7\u00e3o de informa\u00e7\u00f5es sobre flexibiliza\u00e7\u00e3o em algumas par\u00f3quias e dioceses do pa\u00eds.<\/p>\n<p style=\"text-align: justify;\">Dom Luiz informa ainda que as par\u00f3quias enfrentam dificuldades financeiras com queda de repasses de recursos e determinou suspens\u00e3o de taxas e parcelas de empr\u00e9stimos que as diferentes igrejas deveriam pagar em junho.<\/p>\n<p style=\"text-align: justify;\">Tamb\u00e9m determinou a redu\u00e7\u00e3o das c\u00f4ngruas, verbas recebidas pelos padres para seu sustento pessoal, que ser\u00e3o de dois sal\u00e1rios m\u00ednimos em junho. P\u00e1rocos que demonstrem necessidades pessoais, como ajuda para pais idosos, devem receber tr\u00eas sal\u00e1rios m\u00ednimos.<\/p>\n<p style=\"text-align: justify;\">O documento cita ainda uma frase do papa Francisco para incentivar crist\u00e3os a aproveitar o momento para ajudar necessitados e procurar pessoas mais solit\u00e1rias por telefone ou redes sociais. O papa pediu ainda ora\u00e7\u00f5es por todos que enfrentam dificuldades com a epidemia em todo o mundo.<\/p>\n<p style=\"text-align: justify;\">Fonte: Giro Marilia<\/p>\n","protected":false},"excerpt":{"rendered":"<p>O bispo diocesano de Mar\u00edlia, Dom Luiz Antonio Cipolini, divulgou nesta sexta-feira (22), decreto em que prorroga suspens\u00e3o de missas abertas com presen\u00e7a de p\u00fablico em todas as par\u00f3quias de Mar\u00edlia e regi\u00e3o e apresentou medidas financeiras em fun\u00e7\u00e3o da crise do coronav\u00edrus. Dom Luiz n\u00e3o estabelece data para o retorno das missas, mas informa [&hellip;]<\/p>\n","protected":false},"author":1,"featured_media":26866,"comment_status":"closed","ping_status":"open","sticky":false,"template":"","format":"standard","meta":{"footnotes":""},"categories":[110,118],"tags":[],"class_list":["post-26865","post","type-post","status-publish","format-standard","has-post-thumbnail","hentry","category-noticiasdestaque","category-religiaoesolidariedade"],"_links":{"self":[{"href":"https:\/\/jorgezanoni.com.br\/2019\/wp-json\/wp\/v2\/posts\/26865","targetHints":{"allow":["GET"]}}],"collection":[{"href":"https:\/\/jorgezanoni.com.br\/2019\/wp-json\/wp\/v2\/posts"}],"about":[{"href":"https:\/\/jorgezanoni.com.br\/2019\/wp-json\/wp\/v2\/types\/post"}],"author":[{"embeddable":true,"href":"https:\/\/jorgezanoni.com.br\/2019\/wp-json\/wp\/v2\/users\/1"}],"replies":[{"embeddable":true,"href":"https:\/\/jorgezanoni.com.br\/2019\/wp-json\/wp\/v2\/comments?post=26865"}],"version-history":[{"count":0,"href":"https:\/\/jorgezanoni.com.br\/2019\/wp-json\/wp\/v2\/posts\/26865\/revisions"}],"wp:featuredmedia":[{"embeddable":true,"href":"https:\/\/jorgezanoni.com.br\/2019\/wp-json\/wp\/v2\/media\/26866"}],"wp:attachment":[{"href":"https:\/\/jorgezanoni.com.br\/2019\/wp-json\/wp\/v2\/media?parent=26865"}],"wp:term":[{"taxonomy":"category","embeddable":true,"href":"https:\/\/jorgezanoni.com.br\/2019\/wp-json\/wp\/v2\/categories?post=26865"},{"taxonomy":"post_tag","embeddable":true,"href":"https:\/\/jorgezanoni.com.br\/2019\/wp-json\/wp\/v2\/tags?post=26865"}],"curies":[{"name":"wp","href":"https:\/\/api.w.org\/{rel}","templated":true}]}}