{"id":26862,"date":"2020-05-26T00:46:02","date_gmt":"2020-05-26T00:46:02","guid":{"rendered":"https:\/\/jorgezanoni.com.br\/2019\/?p=26862"},"modified":"2020-05-26T00:46:02","modified_gmt":"2020-05-26T00:46:02","slug":"carro-dobra-ao-meio-apos-capotamento-e-motorista-fica-ferido","status":"publish","type":"post","link":"https:\/\/jorgezanoni.com.br\/2019\/carro-dobra-ao-meio-apos-capotamento-e-motorista-fica-ferido\/","title":{"rendered":"Carro \u201cdobra ao meio\u201d ap\u00f3s capotamento e motorista fica ferido"},"content":{"rendered":"<p>Um motorista ficou ferido ao capotar o carro que conduzia na rodovia Assis Chateaubriand (SP-425), em Pen\u00e1polis. O acidente ocorreu na madrugada desta segunda-feira (25). A v\u00edtima, que n\u00e3o teve a idade divulgada, foi levada pelos bombeiros ao pronto-socorro.<\/p>\n<p style=\"text-align: justify;\">Segundo o que foi apurado, o condutor seguia pela pista sentido a S\u00e3o Jos\u00e9 do Rio Preto quando, no km 280 e por motivos a serem apurados, perdeu o controle da dire\u00e7\u00e3o, capotando o autom\u00f3vel. Com o impacto, o ve\u00edculo ficou entortado ao meio.<\/p>\n<p style=\"text-align: justify;\">Ainda n\u00e3o se sabe as causas do acidente, por\u00e9m, n\u00e3o est\u00e1 descartado que o motorista tenha colidido lateralmente em alguma estrutura, j\u00e1 que o carro parou com as rodas para cima. Equipe do Corpo de Bombeiros esteve no local, utilizando t\u00e9cnicas de salvamento para retirar o condutor, preso \u00e0s ferragens.<\/p>\n<p style=\"text-align: justify;\">Ele foi levado ao PS onde, inicialmente, foram constatadas les\u00f5es na perna direita. N\u00e3o h\u00e1 informa\u00e7\u00f5es sobre o estado de sa\u00fade e, at\u00e9 o momento, n\u00e3o foi registrado boletim de ocorr\u00eancia sobre o acidente. As causas ser\u00e3o apuradas.<\/p>\n<p style=\"text-align: justify;\">Fonte: www2.jornalinterior.com.br<\/p>\n","protected":false},"excerpt":{"rendered":"<p>Um motorista ficou ferido ao capotar o carro que conduzia na rodovia Assis Chateaubriand (SP-425), em Pen\u00e1polis. O acidente ocorreu na madrugada desta segunda-feira (25). A v\u00edtima, que n\u00e3o teve a idade divulgada, foi levada pelos bombeiros ao pronto-socorro. Segundo o que foi apurado, o condutor seguia pela pista sentido a S\u00e3o Jos\u00e9 do Rio [&hellip;]<\/p>\n","protected":false},"author":1,"featured_media":26863,"comment_status":"closed","ping_status":"open","sticky":false,"template":"","format":"standard","meta":{"footnotes":""},"categories":[170,110],"tags":[],"class_list":["post-26862","post","type-post","status-publish","format-standard","has-post-thumbnail","hentry","category-acidentes","category-noticiasdestaque"],"_links":{"self":[{"href":"https:\/\/jorgezanoni.com.br\/2019\/wp-json\/wp\/v2\/posts\/26862","targetHints":{"allow":["GET"]}}],"collection":[{"href":"https:\/\/jorgezanoni.com.br\/2019\/wp-json\/wp\/v2\/posts"}],"about":[{"href":"https:\/\/jorgezanoni.com.br\/2019\/wp-json\/wp\/v2\/types\/post"}],"author":[{"embeddable":true,"href":"https:\/\/jorgezanoni.com.br\/2019\/wp-json\/wp\/v2\/users\/1"}],"replies":[{"embeddable":true,"href":"https:\/\/jorgezanoni.com.br\/2019\/wp-json\/wp\/v2\/comments?post=26862"}],"version-history":[{"count":0,"href":"https:\/\/jorgezanoni.com.br\/2019\/wp-json\/wp\/v2\/posts\/26862\/revisions"}],"wp:featuredmedia":[{"embeddable":true,"href":"https:\/\/jorgezanoni.com.br\/2019\/wp-json\/wp\/v2\/media\/26863"}],"wp:attachment":[{"href":"https:\/\/jorgezanoni.com.br\/2019\/wp-json\/wp\/v2\/media?parent=26862"}],"wp:term":[{"taxonomy":"category","embeddable":true,"href":"https:\/\/jorgezanoni.com.br\/2019\/wp-json\/wp\/v2\/categories?post=26862"},{"taxonomy":"post_tag","embeddable":true,"href":"https:\/\/jorgezanoni.com.br\/2019\/wp-json\/wp\/v2\/tags?post=26862"}],"curies":[{"name":"wp","href":"https:\/\/api.w.org\/{rel}","templated":true}]}}