{"id":26859,"date":"2020-05-26T00:21:47","date_gmt":"2020-05-26T00:21:47","guid":{"rendered":"https:\/\/jorgezanoni.com.br\/2019\/?p=26859"},"modified":"2020-05-26T00:21:47","modified_gmt":"2020-05-26T00:21:47","slug":"piloto-de-aviao-adamantinense-morre-por-covid-19","status":"publish","type":"post","link":"https:\/\/jorgezanoni.com.br\/2019\/piloto-de-aviao-adamantinense-morre-por-covid-19\/","title":{"rendered":"Piloto de avi\u00e3o adamantinense morre por Covid-19"},"content":{"rendered":"<p style=\"text-align: justify;\">O piloto de avi\u00e3o Wilson Justino Junior, de 54 anos, morador em Adamantina, morreu na tarde desta segunda-feira (25), em Birigui, onde estava hospitalizado com Covid-19. A morte do piloto foi confirmada por uma tia dele.<\/p>\n<p style=\"text-align: justify;\">Wilson trabalhava como piloto e relatou a familiares e m\u00e9dicos a possibilidade de ter contra\u00eddo a doen\u00e7a em uma recente viagem de avi\u00e3o, no deslocamento de um cliente.<\/p>\n<p style=\"text-align: justify;\">Ele estava internato em Birigui, chegou a apresentar melhoras, mas foi acometido por uma parada card\u00edaca na tarde de hoje, n\u00e3o sendo poss\u00edvel sua reestabiliza\u00e7\u00e3o.<\/p>\n<p style=\"text-align: justify;\">Fonte: sigamais.com<\/p>\n","protected":false},"excerpt":{"rendered":"<p>O piloto de avi\u00e3o Wilson Justino Junior, de 54 anos, morador em Adamantina, morreu na tarde desta segunda-feira (25), em Birigui, onde estava hospitalizado com Covid-19. A morte do piloto foi confirmada por uma tia dele. Wilson trabalhava como piloto e relatou a familiares e m\u00e9dicos a possibilidade de ter contra\u00eddo a doen\u00e7a em uma [&hellip;]<\/p>\n","protected":false},"author":1,"featured_media":26860,"comment_status":"closed","ping_status":"open","sticky":false,"template":"","format":"standard","meta":{"footnotes":""},"categories":[178,110],"tags":[],"class_list":["post-26859","post","type-post","status-publish","format-standard","has-post-thumbnail","hentry","category-notadefalecimento","category-noticiasdestaque"],"_links":{"self":[{"href":"https:\/\/jorgezanoni.com.br\/2019\/wp-json\/wp\/v2\/posts\/26859","targetHints":{"allow":["GET"]}}],"collection":[{"href":"https:\/\/jorgezanoni.com.br\/2019\/wp-json\/wp\/v2\/posts"}],"about":[{"href":"https:\/\/jorgezanoni.com.br\/2019\/wp-json\/wp\/v2\/types\/post"}],"author":[{"embeddable":true,"href":"https:\/\/jorgezanoni.com.br\/2019\/wp-json\/wp\/v2\/users\/1"}],"replies":[{"embeddable":true,"href":"https:\/\/jorgezanoni.com.br\/2019\/wp-json\/wp\/v2\/comments?post=26859"}],"version-history":[{"count":0,"href":"https:\/\/jorgezanoni.com.br\/2019\/wp-json\/wp\/v2\/posts\/26859\/revisions"}],"wp:featuredmedia":[{"embeddable":true,"href":"https:\/\/jorgezanoni.com.br\/2019\/wp-json\/wp\/v2\/media\/26860"}],"wp:attachment":[{"href":"https:\/\/jorgezanoni.com.br\/2019\/wp-json\/wp\/v2\/media?parent=26859"}],"wp:term":[{"taxonomy":"category","embeddable":true,"href":"https:\/\/jorgezanoni.com.br\/2019\/wp-json\/wp\/v2\/categories?post=26859"},{"taxonomy":"post_tag","embeddable":true,"href":"https:\/\/jorgezanoni.com.br\/2019\/wp-json\/wp\/v2\/tags?post=26859"}],"curies":[{"name":"wp","href":"https:\/\/api.w.org\/{rel}","templated":true}]}}