{"id":26856,"date":"2020-05-25T23:51:19","date_gmt":"2020-05-25T23:51:19","guid":{"rendered":"https:\/\/jorgezanoni.com.br\/2019\/?p=26856"},"modified":"2020-05-25T23:51:19","modified_gmt":"2020-05-25T23:51:19","slug":"curto-circuito-provoca-fogo-no-jardim-brasilandia-em-dracena","status":"publish","type":"post","link":"https:\/\/jorgezanoni.com.br\/2019\/curto-circuito-provoca-fogo-no-jardim-brasilandia-em-dracena\/","title":{"rendered":"Curto circuito provoca fogo no jardim Brasil\u00e2ndia em Dracena"},"content":{"rendered":"<p>Fogo foi registrado na noite de ontem (24), na rua A\u00e9cio de F\u00e9o Flora.<\/p>\n<div id=\"fb-root\"><\/div>\n<p><script async=\"1\" defer=\"1\" crossorigin=\"anonymous\" src=\"https:\/\/connect.facebook.net\/en_US\/sdk.js#xfbml=1&amp;version=v7.0\"><\/script><\/p>\n<div class=\"fb-video\" data-href=\"https:\/\/www.facebook.com\/jornalinterativodracena\/videos\/551696042214636\/\" data-width=\"696\">\n<blockquote cite=\"https:\/\/www.facebook.com\/jornalinterativodracena\/videos\/551696042214636\/\" class=\"fb-xfbml-parse-ignore\"><p><a href=\"https:\/\/www.facebook.com\/jornalinterativodracena\/videos\/551696042214636\/\"><\/a><\/p>\n<p>Fogo no Jd. Brasil\u00e2ndia em Dracena ontem 24\/05, devido a curto circuito. V\u00eddeo de internauta.<\/p>\n<p>Posted by <a href=\"https:\/\/www.facebook.com\/jornalinterativodracena\/\">Jornal Interativo<\/a> on Monday, May 25, 2020<\/p><\/blockquote>\n<\/div>\n","protected":false},"excerpt":{"rendered":"<p>Fogo foi registrado na noite de ontem (24), na rua A\u00e9cio de F\u00e9o Flora. Fogo no Jd. Brasil\u00e2ndia em Dracena ontem 24\/05, devido a curto circuito. V\u00eddeo de internauta. Posted by Jornal Interativo on Monday, May 25, 2020<\/p>\n","protected":false},"author":1,"featured_media":26857,"comment_status":"closed","ping_status":"open","sticky":false,"template":"","format":"video","meta":{"footnotes":""},"categories":[169],"tags":[],"class_list":["post-26856","post","type-post","status-publish","format-video","has-post-thumbnail","hentry","category-videos","post_format-post-format-video"],"_links":{"self":[{"href":"https:\/\/jorgezanoni.com.br\/2019\/wp-json\/wp\/v2\/posts\/26856","targetHints":{"allow":["GET"]}}],"collection":[{"href":"https:\/\/jorgezanoni.com.br\/2019\/wp-json\/wp\/v2\/posts"}],"about":[{"href":"https:\/\/jorgezanoni.com.br\/2019\/wp-json\/wp\/v2\/types\/post"}],"author":[{"embeddable":true,"href":"https:\/\/jorgezanoni.com.br\/2019\/wp-json\/wp\/v2\/users\/1"}],"replies":[{"embeddable":true,"href":"https:\/\/jorgezanoni.com.br\/2019\/wp-json\/wp\/v2\/comments?post=26856"}],"version-history":[{"count":0,"href":"https:\/\/jorgezanoni.com.br\/2019\/wp-json\/wp\/v2\/posts\/26856\/revisions"}],"wp:featuredmedia":[{"embeddable":true,"href":"https:\/\/jorgezanoni.com.br\/2019\/wp-json\/wp\/v2\/media\/26857"}],"wp:attachment":[{"href":"https:\/\/jorgezanoni.com.br\/2019\/wp-json\/wp\/v2\/media?parent=26856"}],"wp:term":[{"taxonomy":"category","embeddable":true,"href":"https:\/\/jorgezanoni.com.br\/2019\/wp-json\/wp\/v2\/categories?post=26856"},{"taxonomy":"post_tag","embeddable":true,"href":"https:\/\/jorgezanoni.com.br\/2019\/wp-json\/wp\/v2\/tags?post=26856"}],"curies":[{"name":"wp","href":"https:\/\/api.w.org\/{rel}","templated":true}]}}