{"id":26846,"date":"2020-05-25T22:08:29","date_gmt":"2020-05-25T22:08:29","guid":{"rendered":"https:\/\/jorgezanoni.com.br\/2019\/?p=26846"},"modified":"2020-05-25T22:09:34","modified_gmt":"2020-05-25T22:09:34","slug":"em-desrespeito-aos-vizinhos-alguem-colocou-fogo-em-folhas-no-meio-da-rua","status":"publish","type":"post","link":"https:\/\/jorgezanoni.com.br\/2019\/em-desrespeito-aos-vizinhos-alguem-colocou-fogo-em-folhas-no-meio-da-rua\/","title":{"rendered":"Em desrespeito aos vizinhos, algu\u00e9m colocou fogo em folhas no meio da rua"},"content":{"rendered":"<p>&nbsp;<\/p>\n<div style=\"width: 696px;\" class=\"wp-video\"><video class=\"wp-video-shortcode\" id=\"video-26846-1\" width=\"696\" height=\"394\" preload=\"metadata\" controls=\"controls\"><source type=\"video\/mp4\" src=\"https:\/\/jorgezanoni.com.br\/2019\/wp-content\/uploads\/2020\/05\/WhatsApp-Video-2020-05-25-at-15.48.01.mp4?_=1\" \/><a href=\"https:\/\/jorgezanoni.com.br\/2019\/wp-content\/uploads\/2020\/05\/WhatsApp-Video-2020-05-25-at-15.48.01.mp4\">https:\/\/jorgezanoni.com.br\/2019\/wp-content\/uploads\/2020\/05\/WhatsApp-Video-2020-05-25-at-15.48.01.mp4<\/a><\/video><\/div>\n<p>&nbsp;<\/p>\n<p style=\"text-align: justify;\">Fato aconteceu no conjunto habitacional Paulo Vendraminini na esquina das ruas Lucinda Rosa dos Santos com Pedro Menegali;<\/p>\n<p>Pessoas idosas com problemas de respira\u00e7\u00e3o reclamaram da situa\u00e7\u00e3o.<\/p>\n<p style=\"text-align: justify;\">Lembrando a quem colocou o fogo, que tal ato \u00c9 CRIME PREVISTO EM LEI. Caso o autor for denunciado poder\u00e1 responder.<\/p>\n<p style=\"text-align: justify;\">Jorge Zanoni<\/p>\n<p>Video de Internauta<\/p>\n","protected":false},"excerpt":{"rendered":"<p>&nbsp; &nbsp; Fato aconteceu no conjunto habitacional Paulo Vendraminini na esquina das ruas Lucinda Rosa dos Santos com Pedro Menegali; Pessoas idosas com problemas de respira\u00e7\u00e3o reclamaram da situa\u00e7\u00e3o. Lembrando a quem colocou o fogo, que tal ato \u00c9 CRIME PREVISTO EM LEI. Caso o autor for denunciado poder\u00e1 responder. Jorge Zanoni Video de Internauta<\/p>\n","protected":false},"author":1,"featured_media":26848,"comment_status":"closed","ping_status":"open","sticky":false,"template":"","format":"video","meta":{"footnotes":""},"categories":[169],"tags":[],"class_list":["post-26846","post","type-post","status-publish","format-video","has-post-thumbnail","hentry","category-videos","post_format-post-format-video"],"_links":{"self":[{"href":"https:\/\/jorgezanoni.com.br\/2019\/wp-json\/wp\/v2\/posts\/26846","targetHints":{"allow":["GET"]}}],"collection":[{"href":"https:\/\/jorgezanoni.com.br\/2019\/wp-json\/wp\/v2\/posts"}],"about":[{"href":"https:\/\/jorgezanoni.com.br\/2019\/wp-json\/wp\/v2\/types\/post"}],"author":[{"embeddable":true,"href":"https:\/\/jorgezanoni.com.br\/2019\/wp-json\/wp\/v2\/users\/1"}],"replies":[{"embeddable":true,"href":"https:\/\/jorgezanoni.com.br\/2019\/wp-json\/wp\/v2\/comments?post=26846"}],"version-history":[{"count":0,"href":"https:\/\/jorgezanoni.com.br\/2019\/wp-json\/wp\/v2\/posts\/26846\/revisions"}],"wp:featuredmedia":[{"embeddable":true,"href":"https:\/\/jorgezanoni.com.br\/2019\/wp-json\/wp\/v2\/media\/26848"}],"wp:attachment":[{"href":"https:\/\/jorgezanoni.com.br\/2019\/wp-json\/wp\/v2\/media?parent=26846"}],"wp:term":[{"taxonomy":"category","embeddable":true,"href":"https:\/\/jorgezanoni.com.br\/2019\/wp-json\/wp\/v2\/categories?post=26846"},{"taxonomy":"post_tag","embeddable":true,"href":"https:\/\/jorgezanoni.com.br\/2019\/wp-json\/wp\/v2\/tags?post=26846"}],"curies":[{"name":"wp","href":"https:\/\/api.w.org\/{rel}","templated":true}]}}