{"id":26843,"date":"2020-05-25T20:16:08","date_gmt":"2020-05-25T20:16:08","guid":{"rendered":"https:\/\/jorgezanoni.com.br\/2019\/?p=26843"},"modified":"2020-05-25T20:16:08","modified_gmt":"2020-05-25T20:16:08","slug":"vadao-ex-tecnico-da-selecao-feminina-morre-vitima-de-cancer","status":"publish","type":"post","link":"https:\/\/jorgezanoni.com.br\/2019\/vadao-ex-tecnico-da-selecao-feminina-morre-vitima-de-cancer\/","title":{"rendered":"Vad\u00e3o, ex-t\u00e9cnico da sele\u00e7\u00e3o feminina, morre v\u00edtima de c\u00e2ncer"},"content":{"rendered":"<h2 class=\"content-head__subtitle\" style=\"text-align: justify;\"><strong>Aos 63 anos, treinador estava internado em S\u00e3o Paulo desde a semana retrasada; ele lan\u00e7ou Kak\u00e1 no S\u00e3o Paulo e tamb\u00e9m passou por Corinthians, Guarani, Ponte, entre outros.<\/strong><\/h2>\n<div class=\"mc-column content-text active-extra-styles \" data-block-type=\"unstyled\" data-block-weight=\"31\" data-block-id=\"2\">\n<p class=\"content-text__container \" style=\"text-align: justify;\" data-track-category=\"Link no Texto\" data-track-links=\"\">Morreu no in\u00edcio da tarde desta segunda-feira Oswaldo Alvarez, o Vad\u00e3o, ex-t\u00e9cnico da sele\u00e7\u00e3o brasileira feminina de futebol e com passagens por S\u00e3o Paulo, Corinthians, Guarani, Ponte Preta, entre outros.<\/p>\n<\/div>\n<div class=\"wall protected-content\">\n<div class=\"mc-column content-text active-extra-styles \" style=\"text-align: justify;\" data-block-type=\"unstyled\" data-block-weight=\"38\" data-block-id=\"3\">\n<p class=\"content-text__container \" data-track-category=\"Link no Texto\" data-track-links=\"\">Aos 63 anos, ele lutava contra um c\u00e2ncer no f\u00edgado e\u00a0<a href=\"https:\/\/globoesporte.globo.com\/sp\/campinas-e-regiao\/noticia\/em-tratamento-de-cancer-vadao-ex-tecnico-da-selecao-feminina-esta-internado-na-uti-do-einstein.ghtml\"><strong>estava internado no Hospital Albert Einstein, em S\u00e3o Paulo, desde a semana retrasada.\u00a0<\/strong><\/a>A assessoria de imprensa do hospital confirmou o falecimento \u00e0 reportagem do\u00a0<strong>GloboEsporte.com.<br \/>\n<\/strong><\/p>\n<\/div>\n<div class=\"mc-column content-text active-extra-styles \" style=\"text-align: justify;\" data-block-type=\"unstyled\" data-block-weight=\"41\" data-block-id=\"4\">\n<p class=\"content-text__container \" data-track-category=\"Link no Texto\" data-track-links=\"\"><strong>LEIA MAIS:<br \/>\n<\/strong><a href=\"https:\/\/globoesporte.globo.com\/sp\/campinas-e-regiao\/noticia\/idolos-e-clubes-lamentam-a-morte-do-tecnico-oswaldo-alvarez-o-vadao.ghtml\"><strong>+ Kak\u00e1, Rivaldo&#8230; \u00cddolos lamentam morte<\/strong><\/a><strong><br \/>\n<\/strong><a href=\"https:\/\/globoesporte.globo.com\/futebol\/times\/sao-paulo\/noticia\/vadao-lancou-kaka-e-foi-campeao-pelo-sao-paulo-em-2001-veja-os-numeros-do-tecnico-pelo-tricolor.ghtml\"><strong>+ Vad\u00e3o lan\u00e7ou Kak\u00e1 e foi campe\u00e3o no S\u00e3o Paulo<\/strong><\/a><strong><br \/>\n<\/strong><a href=\"https:\/\/globoesporte.globo.com\/futebol\/selecao-brasileira\/noticia\/marta-lamenta-a-morte-do-tecnico-vadao-orgulho-de-ter-vivido-momentos-maravilhosos-ao-seu-lado.ghtml\"><strong>+ Marta se manifesta: &#8220;Orgulho&#8221;<\/strong><\/a><strong><br \/>\n<\/strong><a href=\"https:\/\/globoesporte.globo.com\/futebol\/selecao-brasileira\/noticia\/oswaldo-alvarez-o-vadao-o-tecnico-da-selecao-feminina-em-vida-obra-e-peripecias.ghtml\"><strong>+ Veja um perfil sobre a carreira de Vad\u00e3o<\/strong><\/a><strong><br \/>\n<\/strong><a href=\"https:\/\/globoesporte.globo.com\/futebol\/times\/corinthians\/noticia\/estreia-de-vadao-no-corinthians-foi-contra-o-psg-no-parque-dos-principes-em-paris-na-franca.ghtml\"><strong>+ Estreia pelo Corinthians foi em Paris<\/strong><\/a><strong><br \/>\n<\/strong><a href=\"https:\/\/globoesporte.globo.com\/sp\/campinas-e-regiao\/noticia\/fotos-relembre-a-trajetoria-de-vadao-no-futebol-em-imagens.ghtml\"><strong>+ Relembre a trajet\u00f3ria de Vad\u00e3o em fotos<\/strong><\/a><\/p>\n<\/div>\n<div class=\"mc-column content-text active-extra-styles \" data-block-type=\"unstyled\" data-block-weight=\"55\" data-block-id=\"5\">\n<p class=\"content-text__container \" style=\"text-align: justify;\" data-track-category=\"Link no Texto\" data-track-links=\"\">Vad\u00e3o lutava contra a doen\u00e7a desde o in\u00edcio de 2020, quando passou por sess\u00f5es de quimioterapia e chegou a apresentar evolu\u00e7\u00e3o, mas o quadro se agravou recentemente. Ele deixa a esposa Ana, os filhos Adriano e Carolina e dois netos. O corpo ser\u00e1 levado para Monte Azul Paulista, onde Vad\u00e3o nasceu e ser\u00e1 sepultado.<\/p>\n<p style=\"text-align: justify;\" data-track-category=\"Link no Texto\" data-track-links=\"\">Fonte: https:\/\/globoesporte.globo.com\/sp\/campinas-e-regiao\/noticia\/vadao-ex-tecnico-da-selecao-feminina-morre-vitima-de-cancer.ghtml?fbclid=IwAR2xhf-S4eMEVpMdRVyuK_cUzV4GddAHLwlMP1r_9BQa_FkggFvj3MKtw4E<\/p>\n<\/div>\n<\/div>\n<p>&nbsp;<\/p>\n","protected":false},"excerpt":{"rendered":"<p>Aos 63 anos, treinador estava internado em S\u00e3o Paulo desde a semana retrasada; ele lan\u00e7ou Kak\u00e1 no S\u00e3o Paulo e tamb\u00e9m passou por Corinthians, Guarani, Ponte, entre outros. Morreu no in\u00edcio da tarde desta segunda-feira Oswaldo Alvarez, o Vad\u00e3o, ex-t\u00e9cnico da sele\u00e7\u00e3o brasileira feminina de futebol e com passagens por S\u00e3o Paulo, Corinthians, Guarani, Ponte [&hellip;]<\/p>\n","protected":false},"author":1,"featured_media":26844,"comment_status":"closed","ping_status":"open","sticky":false,"template":"","format":"standard","meta":{"footnotes":""},"categories":[111,178],"tags":[],"class_list":["post-26843","post","type-post","status-publish","format-standard","has-post-thumbnail","hentry","category-esporteecultura","category-notadefalecimento"],"_links":{"self":[{"href":"https:\/\/jorgezanoni.com.br\/2019\/wp-json\/wp\/v2\/posts\/26843","targetHints":{"allow":["GET"]}}],"collection":[{"href":"https:\/\/jorgezanoni.com.br\/2019\/wp-json\/wp\/v2\/posts"}],"about":[{"href":"https:\/\/jorgezanoni.com.br\/2019\/wp-json\/wp\/v2\/types\/post"}],"author":[{"embeddable":true,"href":"https:\/\/jorgezanoni.com.br\/2019\/wp-json\/wp\/v2\/users\/1"}],"replies":[{"embeddable":true,"href":"https:\/\/jorgezanoni.com.br\/2019\/wp-json\/wp\/v2\/comments?post=26843"}],"version-history":[{"count":0,"href":"https:\/\/jorgezanoni.com.br\/2019\/wp-json\/wp\/v2\/posts\/26843\/revisions"}],"wp:featuredmedia":[{"embeddable":true,"href":"https:\/\/jorgezanoni.com.br\/2019\/wp-json\/wp\/v2\/media\/26844"}],"wp:attachment":[{"href":"https:\/\/jorgezanoni.com.br\/2019\/wp-json\/wp\/v2\/media?parent=26843"}],"wp:term":[{"taxonomy":"category","embeddable":true,"href":"https:\/\/jorgezanoni.com.br\/2019\/wp-json\/wp\/v2\/categories?post=26843"},{"taxonomy":"post_tag","embeddable":true,"href":"https:\/\/jorgezanoni.com.br\/2019\/wp-json\/wp\/v2\/tags?post=26843"}],"curies":[{"name":"wp","href":"https:\/\/api.w.org\/{rel}","templated":true}]}}