{"id":2684,"date":"2019-08-03T20:19:19","date_gmt":"2019-08-03T20:19:19","guid":{"rendered":"https:\/\/jorgezanoni.com.br\/2019\/?p=2684"},"modified":"2019-08-03T20:19:19","modified_gmt":"2019-08-03T20:19:19","slug":"campanha-realiza-o-recolhimento-de-cartelas-vazias-de-medicamentos-na-regiao-de-presidente-prudente","status":"publish","type":"post","link":"https:\/\/jorgezanoni.com.br\/2019\/campanha-realiza-o-recolhimento-de-cartelas-vazias-de-medicamentos-na-regiao-de-presidente-prudente\/","title":{"rendered":"Campanha realiza o recolhimento de cartelas vazias de medicamentos na regi\u00e3o de Presidente Prudente"},"content":{"rendered":"<h2 class=\"content-head__subtitle\"><strong>Todo o material acaba reciclado de forma correta sem prejudicar o meio ambiente. Trabalho \u00e9 desenvolvido pela Organiza\u00e7\u00e3o N\u00e3o-governamental (ONG) Rede de Apoio Esperan\u00e7a.<\/strong><\/h2>\n<div class=\"mc-column content-text active-extra-styles \" data-block-type=\"unstyled\" data-block-weight=\"25\" data-block-id=\"2\">\n<p class=\"content-text__container \" data-track-category=\"Link no Texto\" data-track-links=\"\">Uma campanha realizada na regi\u00e3o de Presidente Prudente tem o objetivo de dar a destina\u00e7\u00e3o correta a cartelas de medicamentos depois que os comprimidos terminam.<\/p>\n<\/div>\n<div class=\"wall protected-content\">\n<div class=\"mc-column content-text active-extra-styles \" data-block-type=\"unstyled\" data-block-weight=\"18\" data-block-id=\"3\">\n<p class=\"content-text__container \" data-track-category=\"Link no Texto\" data-track-links=\"\">Ao todo, s\u00e3o 15 pontos de coleta dessas cartelas no Oeste Paulista, em reparti\u00e7\u00f5es p\u00fablicas e estabelecimentos comerciais.<\/p>\n<\/div>\n<div class=\"mc-column content-text active-extra-styles \" data-block-type=\"unstyled\" data-block-weight=\"22\" data-block-id=\"4\">\n<p class=\"content-text__container \" data-track-category=\"Link no Texto\" data-track-links=\"\">Oito deles ficam em\u00a0<a href=\"https:\/\/g1.globo.com\/sp\/presidente-prudente-regiao\/cidade\/presidente-prudente\/\">Presidente Prudente<\/a>, enquanto os demais funcionam em\u00a0<a href=\"https:\/\/g1.globo.com\/sp\/presidente-prudente-regiao\/cidade\/indiana\/\">Indiana<\/a>,\u00a0<a href=\"https:\/\/g1.globo.com\/sp\/presidente-prudente-regiao\/cidade\/pirapozinho\/\">Pirapozinho<\/a>,\u00a0<a href=\"https:\/\/g1.globo.com\/sp\/presidente-prudente-regiao\/cidade\/presidente-bernardes-sp\/\">Presidente Bernardes<\/a>,\u00a0<a href=\"https:\/\/g1.globo.com\/sp\/presidente-prudente-regiao\/cidade\/regente-feijo\/\">Regente Feij\u00f3<\/a>,\u00a0<a href=\"https:\/\/g1.globo.com\/sp\/presidente-prudente-regiao\/cidade\/sandovalina\/\">Sandovalina<\/a>,\u00a0<a href=\"https:\/\/g1.globo.com\/sp\/presidente-prudente-regiao\/cidade\/santo-anastacio\/\">Santo Anast\u00e1cio\u00a0<\/a>e\u00a0<a href=\"https:\/\/g1.globo.com\/sp\/presidente-prudente-regiao\/cidade\/tarabai\/\">Tarabai<\/a>.<\/p>\n<\/div>\n<div class=\"mc-column content-text active-extra-styles \" data-block-type=\"unstyled\" data-block-weight=\"12\" data-block-id=\"5\">\n<p class=\"content-text__container \" data-track-category=\"Link no Texto\" data-track-links=\"\">Os recipientes tamb\u00e9m recebem lacres de latas de alum\u00ednio para a reciclagem.<\/p>\n<\/div>\n<div class=\"mc-column content-text active-extra-styles \" data-block-type=\"unstyled\" data-block-weight=\"12\" data-block-id=\"6\">\n<p class=\"content-text__container \" data-track-category=\"Link no Texto\" data-track-links=\"\">Esse \u00e9 um trabalho da Organiza\u00e7\u00e3o N\u00e3o-governamental (ONG) Rede de Apoio Esperan\u00e7a.<\/p>\n<\/div>\n<div class=\"mc-column content-text active-extra-styles \" data-block-type=\"unstyled\" data-block-weight=\"13\" data-block-id=\"7\">\n<p class=\"content-text__container \" data-track-category=\"Link no Texto\" data-track-links=\"\">Todo o material acaba reciclado de forma correta sem prejudicar o meio ambiente.<\/p>\n<\/div>\n<div class=\"mc-column content-text active-extra-styles\" data-block-type=\"raw\" data-block-weight=\"8\" data-block-id=\"8\">\n<div class=\"content-intertitle\">\n<h2>Veja abaixo os endere\u00e7os dos pontos de recolhimento:<\/h2>\n<\/div>\n<\/div>\n<div class=\"mc-column content-text active-extra-styles\" data-block-type=\"raw\" data-block-weight=\"118\" data-block-id=\"9\">\n<ol class=\"content-ordered-list theme-ordered-list-color-primary\">\n<li>Rua Alzira Santana Lebr\u00e3o, 132, Centro, Indiana<\/li>\n<li>Rua Eliza Maria do Carmo, 70, Pirapozinho<\/li>\n<li>Associa\u00e7\u00e3o Comercial e Empresarial (ACE) \u2013 Rua Tebet Jacob, 117, Centro, Presidente Bernardes<\/li>\n<li>C\u00e2mara Municipal de Presidente Prudente<\/li>\n<li>Rua Bar\u00e3o do Rio Branco, 52, Centro, Presidente Prudente<\/li>\n<li>Avenida Salim Farah Maluf, 17, Jardim das Rosas, Presidente Prudente<\/li>\n<li>Avenida Manoel Goulart, 3.500, Presidente Prudente<\/li>\n<li>Avenida Osvaldo da Silva, 609, Conjunto Habitacional Ana Jacinta, Presidente Prudente<\/li>\n<li>Rua Ermelinda Pereira, 50, Jardim Estoril, Presidente Prudente<\/li>\n<li>Funda\u00e7\u00e3o Inova Prudente \u2013 Avenida Comendador Alberto Bonfiglioli, 2.700, Presidente Prudente<\/li>\n<li>Rua Rui Barbosa, 407, Centro, Presidente Prudente<\/li>\n<li>Farm\u00e1cia Municipal, antiga Fepasa, Regente Feij\u00f3<\/li>\n<li>Avenida Prefeito Jo\u00e3o Borges Frias, 1.474, Centro, Sandovalina<\/li>\n<li>Avenida Nove de Julho, 437, Santo Anast\u00e1cio<\/li>\n<li>Prefeitura de Tarabai<\/li>\n<\/ol>\n<p>Fonte: G1<\/p>\n<\/div>\n<\/div>\n","protected":false},"excerpt":{"rendered":"<p>Todo o material acaba reciclado de forma correta sem prejudicar o meio ambiente. Trabalho \u00e9 desenvolvido pela Organiza\u00e7\u00e3o N\u00e3o-governamental (ONG) Rede de Apoio Esperan\u00e7a. Uma campanha realizada na regi\u00e3o de Presidente Prudente tem o objetivo de dar a destina\u00e7\u00e3o correta a cartelas de medicamentos depois que os comprimidos terminam. Ao todo, s\u00e3o 15 pontos de [&hellip;]<\/p>\n","protected":false},"author":1,"featured_media":2685,"comment_status":"closed","ping_status":"open","sticky":false,"template":"","format":"standard","meta":{"footnotes":""},"categories":[176,110],"tags":[],"class_list":["post-2684","post","type-post","status-publish","format-standard","has-post-thumbnail","hentry","category-meioambienteeagricultura","category-noticiasdestaque"],"_links":{"self":[{"href":"https:\/\/jorgezanoni.com.br\/2019\/wp-json\/wp\/v2\/posts\/2684","targetHints":{"allow":["GET"]}}],"collection":[{"href":"https:\/\/jorgezanoni.com.br\/2019\/wp-json\/wp\/v2\/posts"}],"about":[{"href":"https:\/\/jorgezanoni.com.br\/2019\/wp-json\/wp\/v2\/types\/post"}],"author":[{"embeddable":true,"href":"https:\/\/jorgezanoni.com.br\/2019\/wp-json\/wp\/v2\/users\/1"}],"replies":[{"embeddable":true,"href":"https:\/\/jorgezanoni.com.br\/2019\/wp-json\/wp\/v2\/comments?post=2684"}],"version-history":[{"count":0,"href":"https:\/\/jorgezanoni.com.br\/2019\/wp-json\/wp\/v2\/posts\/2684\/revisions"}],"wp:featuredmedia":[{"embeddable":true,"href":"https:\/\/jorgezanoni.com.br\/2019\/wp-json\/wp\/v2\/media\/2685"}],"wp:attachment":[{"href":"https:\/\/jorgezanoni.com.br\/2019\/wp-json\/wp\/v2\/media?parent=2684"}],"wp:term":[{"taxonomy":"category","embeddable":true,"href":"https:\/\/jorgezanoni.com.br\/2019\/wp-json\/wp\/v2\/categories?post=2684"},{"taxonomy":"post_tag","embeddable":true,"href":"https:\/\/jorgezanoni.com.br\/2019\/wp-json\/wp\/v2\/tags?post=2684"}],"curies":[{"name":"wp","href":"https:\/\/api.w.org\/{rel}","templated":true}]}}