{"id":26822,"date":"2020-05-25T17:55:27","date_gmt":"2020-05-25T17:55:27","guid":{"rendered":"https:\/\/jorgezanoni.com.br\/2019\/?p=26822"},"modified":"2020-05-25T17:55:27","modified_gmt":"2020-05-25T17:55:27","slug":"guarda-e-chamada-para-conter-aglomeracao-em-plantacao-de-girassol-em-rio-preto","status":"publish","type":"post","link":"https:\/\/jorgezanoni.com.br\/2019\/guarda-e-chamada-para-conter-aglomeracao-em-plantacao-de-girassol-em-rio-preto\/","title":{"rendered":"Guarda \u00e9 chamada para conter aglomera\u00e7\u00e3o em planta\u00e7\u00e3o de girassol em Rio Preto"},"content":{"rendered":"<h2 class=\"content-head__subtitle\" style=\"text-align: justify;\"><strong>De acordo com a Guarda Civil, mais de 200 pessoas estavam na planta\u00e7\u00e3o no bairro Vila Azul. A GCM diz que o local ficou conhecido e atrai muitos curiosos pela beleza das flores.<\/strong><\/h2>\n<div class=\"mc-column content-text active-extra-styles \" data-block-type=\"unstyled\" data-block-weight=\"32\" data-block-id=\"2\">\n<p class=\"content-text__container \" style=\"text-align: justify;\" data-track-category=\"Link no Texto\" data-track-links=\"\">Uma planta\u00e7\u00e3o de girass\u00f3is em S\u00e3o Jos\u00e9 do Rio Preto (SP) causou aglomera\u00e7\u00e3o de pessoas neste domingo (24). A Guarda Civil Municipal foi chamada ao local para retirar as pessoas do campo.<\/p>\n<\/div>\n<div class=\"wall protected-content\">\n<div class=\"row medium-uncollapsed content-media content-photo\" style=\"text-align: justify;\" data-block-type=\"backstage-photo\" data-block-id=\"3\">\n<div class=\"mc-column content-media__container\">\n<figure><img decoding=\"async\" class=\"i-amphtml-fill-content i-amphtml-replaced-content\" src=\"https:\/\/s2.glbimg.com\/crGRStI0n5dRb8HI29MOhvaD50I=\/0x0:1280x960\/984x0\/smart\/filters:strip_icc()\/i.s3.glbimg.com\/v1\/AUTH_59edd422c0c84a879bd37670ae4f538a\/internal_photos\/bs\/2020\/6\/W\/QOoZGORgWE6IWQOSt4Zg\/girassol-4-.jpeg\" sizes=\"(max-width: 1242px) 648px, 100vw\" srcset=\"https:\/\/s2.glbimg.com\/eUMfL58NajV9jhWaVFkW7rsoVb8=\/0x0:1280x960\/1000x0\/smart\/filters:strip_icc()\/i.s3.glbimg.com\/v1\/AUTH_59edd422c0c84a879bd37670ae4f538a\/internal_photos\/bs\/2020\/6\/W\/QOoZGORgWE6IWQOSt4Zg\/girassol-4-.jpeg 1000w, https:\/\/s2.glbimg.com\/crGRStI0n5dRb8HI29MOhvaD50I=\/0x0:1280x960\/984x0\/smart\/filters:strip_icc()\/i.s3.glbimg.com\/v1\/AUTH_59edd422c0c84a879bd37670ae4f538a\/internal_photos\/bs\/2020\/6\/W\/QOoZGORgWE6IWQOSt4Zg\/girassol-4-.jpeg 984w, https:\/\/s2.glbimg.com\/TD9TSGoq9unyAJF9DA55TruPwY4=\/0x0:1280x960\/640x0\/smart\/filters:strip_icc()\/i.s3.glbimg.com\/v1\/AUTH_59edd422c0c84a879bd37670ae4f538a\/internal_photos\/bs\/2020\/6\/W\/QOoZGORgWE6IWQOSt4Zg\/girassol-4-.jpeg 640w, https:\/\/s2.glbimg.com\/Zd2qonYSHtL1_DH5T-PnJ9LqJ3o=\/0x0:1280x960\/600x0\/smart\/filters:strip_icc()\/i.s3.glbimg.com\/v1\/AUTH_59edd422c0c84a879bd37670ae4f538a\/internal_photos\/bs\/2020\/6\/W\/QOoZGORgWE6IWQOSt4Zg\/girassol-4-.jpeg 600w\" alt=\"Pessoas s\u00e3o retiradas de planta\u00e7\u00e3o de girassol em Rio Preto  \u2014 Foto: Divulga\u00e7\u00e3o\/Guarda Municipal\" \/><\/figure>\n<p class=\"content-media__description \">Pessoas s\u00e3o retiradas de planta\u00e7\u00e3o de girassol em Rio Preto \u2014 Foto: Divulga\u00e7\u00e3o\/Guarda Municipal<\/p>\n<\/div>\n<\/div>\n<div class=\"mc-column content-text active-extra-styles\" style=\"text-align: justify;\" data-block-type=\"raw\" data-block-weight=\"16\" data-block-id=\"4\">\n<ul class=\"content-unordered-list\">\n<li><a href=\"http:\/\/g1.globo.com\/sao-paulo\/sorocaba-jundiai\/videos\/t\/todos-os-videos\/v\/produtores-paulistas-investem-no-plantio-de-girassol\/7638179\/\">Produtores paulistas investem no plantio de girassol<\/a><\/li>\n<li><a href=\"http:\/\/g1.globo.com\/sao-paulo\/sao-jose-do-rio-preto-aracatuba\/tem-noticias-1edicao\/videos\/v\/plantacao-de-girassol-vira-ponto-turistico-em-jose-bonifacio\/7663714\/\">Planta\u00e7\u00e3o de girassol vira ponto tur\u00edstico em Jos\u00e9 Bonif\u00e1cio<\/a><\/li>\n<\/ul>\n<\/div>\n<div class=\"mc-column content-text active-extra-styles \" style=\"text-align: justify;\" data-block-type=\"unstyled\" data-block-weight=\"40\" data-block-id=\"5\">\n<p class=\"content-text__container \" data-track-category=\"Link no Texto\" data-track-links=\"\">De acordo com a GCM, mais de 200 pessoas estavam na planta\u00e7\u00e3o de girass\u00f3is no bairro Vila Azul quando a equipe chegou. A Guarda diz que o local ficou conhecido na regi\u00e3o e atrai muitos curiosos pela beleza das flores.<\/p>\n<\/div>\n<div class=\"row medium-uncollapsed content-media content-photo\" style=\"text-align: justify;\" data-block-type=\"backstage-photo\" data-block-id=\"6\">\n<div class=\"mc-column content-media__container\">\n<figure><img decoding=\"async\" class=\"i-amphtml-fill-content i-amphtml-replaced-content\" src=\"https:\/\/s2.glbimg.com\/hwHOY9AZdXpKCjtyCwcFzLGYys8=\/0x0:1600x900\/984x0\/smart\/filters:strip_icc()\/i.s3.glbimg.com\/v1\/AUTH_59edd422c0c84a879bd37670ae4f538a\/internal_photos\/bs\/2020\/5\/7\/pLjIhkSVAtf2HvyNyRxA\/cammpo2.jpg\" sizes=\"(max-width: 1242px) 648px, 100vw\" srcset=\"https:\/\/s2.glbimg.com\/BqWJ_bTH5I_IxhiHEGVrIRHp5kc=\/0x0:1600x900\/1000x0\/smart\/filters:strip_icc()\/i.s3.glbimg.com\/v1\/AUTH_59edd422c0c84a879bd37670ae4f538a\/internal_photos\/bs\/2020\/5\/7\/pLjIhkSVAtf2HvyNyRxA\/cammpo2.jpg 1000w, https:\/\/s2.glbimg.com\/hwHOY9AZdXpKCjtyCwcFzLGYys8=\/0x0:1600x900\/984x0\/smart\/filters:strip_icc()\/i.s3.glbimg.com\/v1\/AUTH_59edd422c0c84a879bd37670ae4f538a\/internal_photos\/bs\/2020\/5\/7\/pLjIhkSVAtf2HvyNyRxA\/cammpo2.jpg 984w, https:\/\/s2.glbimg.com\/W8k7xwrE4RQFf3MfywU1EP7OeII=\/0x0:1600x900\/640x0\/smart\/filters:strip_icc()\/i.s3.glbimg.com\/v1\/AUTH_59edd422c0c84a879bd37670ae4f538a\/internal_photos\/bs\/2020\/5\/7\/pLjIhkSVAtf2HvyNyRxA\/cammpo2.jpg 640w, https:\/\/s2.glbimg.com\/U0z91fAR5G7wFDgcie0uBD2ZGTc=\/0x0:1600x900\/600x0\/smart\/filters:strip_icc()\/i.s3.glbimg.com\/v1\/AUTH_59edd422c0c84a879bd37670ae4f538a\/internal_photos\/bs\/2020\/5\/7\/pLjIhkSVAtf2HvyNyRxA\/cammpo2.jpg 600w\" alt=\"Planta\u00e7\u00e3o de girass\u00f3is em Rio Preto chama aten\u00e7\u00e3o pela beleza \u2014 Foto: Reprodu\u00e7\u00e3o\/TV TEM\" \/><\/figure>\n<p class=\"content-media__description \">Planta\u00e7\u00e3o de girass\u00f3is em Rio Preto chama aten\u00e7\u00e3o pela beleza \u2014 Foto: Reprodu\u00e7\u00e3o\/TV TEM<\/p>\n<div class=\"row medium-uncollapsed content-media content-photo\" data-block-type=\"backstage-photo\" data-block-id=\"16\">\n<div class=\"mc-column content-media__container\">\n<figure><img decoding=\"async\" class=\"i-amphtml-fill-content i-amphtml-replaced-content\" src=\"https:\/\/s2.glbimg.com\/uOVj3SlDDP8_jq27X-DRHZMxqzA=\/0x0:1599x1200\/984x0\/smart\/filters:strip_icc()\/i.s3.glbimg.com\/v1\/AUTH_59edd422c0c84a879bd37670ae4f538a\/internal_photos\/bs\/2020\/f\/M\/NqQWCATvavSxghB7dsKA\/girassol-1-.jpeg\" sizes=\"(max-width: 1242px) 648px, 100vw\" srcset=\"https:\/\/s2.glbimg.com\/hyBa6e_bM7StWN9_BDqOh_IEbi8=\/0x0:1599x1200\/1000x0\/smart\/filters:strip_icc()\/i.s3.glbimg.com\/v1\/AUTH_59edd422c0c84a879bd37670ae4f538a\/internal_photos\/bs\/2020\/f\/M\/NqQWCATvavSxghB7dsKA\/girassol-1-.jpeg 1000w, https:\/\/s2.glbimg.com\/uOVj3SlDDP8_jq27X-DRHZMxqzA=\/0x0:1599x1200\/984x0\/smart\/filters:strip_icc()\/i.s3.glbimg.com\/v1\/AUTH_59edd422c0c84a879bd37670ae4f538a\/internal_photos\/bs\/2020\/f\/M\/NqQWCATvavSxghB7dsKA\/girassol-1-.jpeg 984w, https:\/\/s2.glbimg.com\/zNKs_8e2lwNclCJxkR6YjZ8lSBM=\/0x0:1599x1200\/640x0\/smart\/filters:strip_icc()\/i.s3.glbimg.com\/v1\/AUTH_59edd422c0c84a879bd37670ae4f538a\/internal_photos\/bs\/2020\/f\/M\/NqQWCATvavSxghB7dsKA\/girassol-1-.jpeg 640w, https:\/\/s2.glbimg.com\/Q59OnqvM1IEC3J8-SWCpQO2N9LM=\/0x0:1599x1200\/600x0\/smart\/filters:strip_icc()\/i.s3.glbimg.com\/v1\/AUTH_59edd422c0c84a879bd37670ae4f538a\/internal_photos\/bs\/2020\/f\/M\/NqQWCATvavSxghB7dsKA\/girassol-1-.jpeg 600w\" alt=\"Carros ao lado da planta\u00e7\u00e3o de girass\u00f3is em Rio Preto: aglomera\u00e7\u00e3o \u2014 Foto: Divulga\u00e7\u00e3o\/Guarda Municipal\" \/><\/figure>\n<p class=\"content-media__description \">Carros ao lado da planta\u00e7\u00e3o de girass\u00f3is em Rio Preto: aglomera\u00e7\u00e3o \u2014 Foto: Divulga\u00e7\u00e3o\/Guarda Municipal<\/p>\n<\/div>\n<\/div>\n<div class=\"row medium-uncollapsed content-media content-photo\" data-block-type=\"backstage-photo\" data-block-id=\"17\">\n<div class=\"mc-column content-media__container\">\n<figure><img decoding=\"async\" class=\"i-amphtml-fill-content i-amphtml-replaced-content\" src=\"https:\/\/s2.glbimg.com\/FqJrSIueP5CEA1rxRas7qQqAFdM=\/0x0:1280x960\/984x0\/smart\/filters:strip_icc()\/i.s3.glbimg.com\/v1\/AUTH_59edd422c0c84a879bd37670ae4f538a\/internal_photos\/bs\/2020\/q\/L\/jZQ1PHSguDWqbh6ruhvg\/girassol-3-.jpeg\" sizes=\"(max-width: 1242px) 648px, 100vw\" srcset=\"https:\/\/s2.glbimg.com\/gzPTa3hGF4ZDiKnM-FuHr8PQk5I=\/0x0:1280x960\/1000x0\/smart\/filters:strip_icc()\/i.s3.glbimg.com\/v1\/AUTH_59edd422c0c84a879bd37670ae4f538a\/internal_photos\/bs\/2020\/q\/L\/jZQ1PHSguDWqbh6ruhvg\/girassol-3-.jpeg 1000w, https:\/\/s2.glbimg.com\/FqJrSIueP5CEA1rxRas7qQqAFdM=\/0x0:1280x960\/984x0\/smart\/filters:strip_icc()\/i.s3.glbimg.com\/v1\/AUTH_59edd422c0c84a879bd37670ae4f538a\/internal_photos\/bs\/2020\/q\/L\/jZQ1PHSguDWqbh6ruhvg\/girassol-3-.jpeg 984w, https:\/\/s2.glbimg.com\/hq8UFg-bwxMNVn9K8S2M2C6a9SI=\/0x0:1280x960\/640x0\/smart\/filters:strip_icc()\/i.s3.glbimg.com\/v1\/AUTH_59edd422c0c84a879bd37670ae4f538a\/internal_photos\/bs\/2020\/q\/L\/jZQ1PHSguDWqbh6ruhvg\/girassol-3-.jpeg 640w, https:\/\/s2.glbimg.com\/j6pk5dqSEHND6_M6EXVR3ZcIZc8=\/0x0:1280x960\/600x0\/smart\/filters:strip_icc()\/i.s3.glbimg.com\/v1\/AUTH_59edd422c0c84a879bd37670ae4f538a\/internal_photos\/bs\/2020\/q\/L\/jZQ1PHSguDWqbh6ruhvg\/girassol-3-.jpeg 600w\" alt=\"Guarda orienta pessoas que v\u00e3o at\u00e9 a planta\u00e7\u00e3o de girass\u00f3is \u2014 Foto: Divulga\u00e7\u00e3o\/Guarda Municipal\" \/><\/figure>\n<p class=\"content-media__description \">Guarda orienta pessoas que v\u00e3o at\u00e9 a planta\u00e7\u00e3o de girass\u00f3is \u2014 Foto: Divulga\u00e7\u00e3o\/Guarda Municipal<\/p>\n<\/div>\n<\/div>\n<div class=\"row medium-uncollapsed content-media content-photo\" data-block-type=\"backstage-photo\" data-block-id=\"18\">\n<div class=\"mc-column content-media__container\">\n<figure><img decoding=\"async\" class=\"i-amphtml-fill-content i-amphtml-replaced-content\" src=\"https:\/\/s2.glbimg.com\/ZRyOT1S9CxIeyPawj5-wEJqmbKE=\/0x0:1600x900\/984x0\/smart\/filters:strip_icc()\/i.s3.glbimg.com\/v1\/AUTH_59edd422c0c84a879bd37670ae4f538a\/internal_photos\/bs\/2020\/U\/0\/KHmAA0RDy2yVT7vwctOA\/girassol.jpg\" sizes=\"(max-width: 1242px) 648px, 100vw\" srcset=\"https:\/\/s2.glbimg.com\/yRt0jpAIRRCRWfjJLakYrf17TDY=\/0x0:1600x900\/1000x0\/smart\/filters:strip_icc()\/i.s3.glbimg.com\/v1\/AUTH_59edd422c0c84a879bd37670ae4f538a\/internal_photos\/bs\/2020\/U\/0\/KHmAA0RDy2yVT7vwctOA\/girassol.jpg 1000w, https:\/\/s2.glbimg.com\/ZRyOT1S9CxIeyPawj5-wEJqmbKE=\/0x0:1600x900\/984x0\/smart\/filters:strip_icc()\/i.s3.glbimg.com\/v1\/AUTH_59edd422c0c84a879bd37670ae4f538a\/internal_photos\/bs\/2020\/U\/0\/KHmAA0RDy2yVT7vwctOA\/girassol.jpg 984w, https:\/\/s2.glbimg.com\/_aFsV0w5MRoZe0mxSCT5YzQgG4Y=\/0x0:1600x900\/640x0\/smart\/filters:strip_icc()\/i.s3.glbimg.com\/v1\/AUTH_59edd422c0c84a879bd37670ae4f538a\/internal_photos\/bs\/2020\/U\/0\/KHmAA0RDy2yVT7vwctOA\/girassol.jpg 640w, https:\/\/s2.glbimg.com\/LjtmyXxEVcWTqVmMRZJ1RHaqkgU=\/0x0:1600x900\/600x0\/smart\/filters:strip_icc()\/i.s3.glbimg.com\/v1\/AUTH_59edd422c0c84a879bd37670ae4f538a\/internal_photos\/bs\/2020\/U\/0\/KHmAA0RDy2yVT7vwctOA\/girassol.jpg 600w\" alt=\"Multid\u00e3o se formou em planta\u00e7\u00e3o de girassol em Rio Preto \u2014 Foto: TV TEM\/Reprodu\u00e7\u00e3o\" \/><\/figure>\n<p class=\"content-media__description \">Multid\u00e3o se formou em planta\u00e7\u00e3o de girassol em Rio Preto \u2014 Foto: TV TEM\/Reprodu\u00e7\u00e3o<\/p>\n<p style=\"text-align: justify;\"><span style=\"font-family: inherit; font-size: inherit; font-style: inherit; font-variant-ligatures: inherit; font-variant-caps: inherit; font-weight: inherit;\">Segundo a Guarda, pessoas que passam pela planta\u00e7\u00e3o tiram fotos entre os girass\u00f3is e postam em suas redes sociais, marcando a localiza\u00e7\u00e3o.<\/span><\/p>\n<\/div>\n<\/div>\n<\/div>\n<\/div>\n<div class=\"mc-column content-text active-extra-styles \" style=\"text-align: justify;\" data-block-type=\"unstyled\" data-block-weight=\"26\" data-block-id=\"9\">\n<p class=\"content-text__container \" data-track-category=\"Link no Texto\" data-track-links=\"\">A GCM orientou os frequentadores a sa\u00edrem do local, respeitando o decreto estadual, que pro\u00edbe a aglomera\u00e7\u00e3o de pessoas por causa da pandemia do novo coronav\u00edrus.<\/p>\n<\/div>\n<div class=\"mc-column content-text active-extra-styles\" style=\"text-align: justify;\" data-block-type=\"raw\" data-block-weight=\"9\" data-block-id=\"10\">\n<ul class=\"content-unordered-list\">\n<li><a href=\"https:\/\/g1.globo.com\/sp\/sao-jose-do-rio-preto-aracatuba\/ao-vivo\/veja-as-utimas-noticias-sobre-o-coronavirus-nas-regioes-de-rio-preto-e-aracatuba.ghtml\">Veja as \u00faltimas not\u00edcias sobre o coronav\u00edrus na regi\u00e3o<\/a><\/li>\n<\/ul>\n<\/div>\n<div class=\"row medium-uncollapsed content-media content-photo\" style=\"text-align: justify;\" data-block-type=\"backstage-photo\" data-block-id=\"11\">\n<div class=\"mc-column content-media__container\">\n<figure><img decoding=\"async\" class=\"i-amphtml-fill-content i-amphtml-replaced-content\" src=\"https:\/\/s2.glbimg.com\/vCf7WDIwA8DyLNdZruokcMDihsw=\/0x0:1600x900\/984x0\/smart\/filters:strip_icc()\/i.s3.glbimg.com\/v1\/AUTH_59edd422c0c84a879bd37670ae4f538a\/internal_photos\/bs\/2020\/5\/x\/IGC1RsSFmb1YeFQvwrhw\/girassol-3.jpg\" sizes=\"(max-width: 1242px) 648px, 100vw\" srcset=\"https:\/\/s2.glbimg.com\/ekFXkDaxWRifBqFkRTX8ieGF9u4=\/0x0:1600x900\/1000x0\/smart\/filters:strip_icc()\/i.s3.glbimg.com\/v1\/AUTH_59edd422c0c84a879bd37670ae4f538a\/internal_photos\/bs\/2020\/5\/x\/IGC1RsSFmb1YeFQvwrhw\/girassol-3.jpg 1000w, https:\/\/s2.glbimg.com\/vCf7WDIwA8DyLNdZruokcMDihsw=\/0x0:1600x900\/984x0\/smart\/filters:strip_icc()\/i.s3.glbimg.com\/v1\/AUTH_59edd422c0c84a879bd37670ae4f538a\/internal_photos\/bs\/2020\/5\/x\/IGC1RsSFmb1YeFQvwrhw\/girassol-3.jpg 984w, https:\/\/s2.glbimg.com\/REK0LDHSZDjslEOkolfgrHbjOpE=\/0x0:1600x900\/640x0\/smart\/filters:strip_icc()\/i.s3.glbimg.com\/v1\/AUTH_59edd422c0c84a879bd37670ae4f538a\/internal_photos\/bs\/2020\/5\/x\/IGC1RsSFmb1YeFQvwrhw\/girassol-3.jpg 640w, https:\/\/s2.glbimg.com\/j6Lpm8RYBi4rDM8_uySlOJvU8FA=\/0x0:1600x900\/600x0\/smart\/filters:strip_icc()\/i.s3.glbimg.com\/v1\/AUTH_59edd422c0c84a879bd37670ae4f538a\/internal_photos\/bs\/2020\/5\/x\/IGC1RsSFmb1YeFQvwrhw\/girassol-3.jpg 600w\" alt=\"Planta\u00e7\u00e3o de girassol em Rio Preto \u2014 Foto: TV TEM\/Reprodu\u00e7\u00e3o\" \/><\/figure>\n<p class=\"content-media__description \">Planta\u00e7\u00e3o de girassol em Rio Preto \u2014 Foto: TV TEM\/Reprodu\u00e7\u00e3o<\/p>\n<\/div>\n<\/div>\n<div class=\"mc-column content-text active-extra-styles \" style=\"text-align: justify;\" data-block-type=\"unstyled\" data-block-weight=\"24\" data-block-id=\"12\">\n<p class=\"content-text__container \" data-track-category=\"Link no Texto\" data-track-links=\"\">A Guarda acredita que mais mil pessoas visitaram a planta\u00e7\u00e3o nesse domingo. Os guardas continuar\u00e3o com o patrulhamento pelo local para evitar nova aglomera\u00e7\u00e3o.<\/p>\n<\/div>\n<div class=\"mc-column content-text active-extra-styles \" data-block-type=\"unstyled\" data-block-weight=\"24\" data-block-id=\"13\">\n<p class=\"content-text__container \" style=\"text-align: justify;\" data-track-category=\"Link no Texto\" data-track-links=\"\">As pessoas que estavam dentro da planta\u00e7\u00e3o estavam cometendo dois crimes: invas\u00e3o de propriedade e furto, j\u00e1 que algumas pessoas estavam levando girass\u00f3is embora.<\/p>\n<p style=\"text-align: justify;\" data-track-category=\"Link no Texto\" data-track-links=\"\">Fonte: https:\/\/g1.globo.com\/sp\/sao-jose-do-rio-preto-aracatuba\/noticia\/2020\/05\/25\/guarda-e-chamada-para-conter-aglomeracao-em-plantacao-de-girassois-em-rio-preto.ghtml<\/p>\n<\/div>\n<\/div>\n","protected":false},"excerpt":{"rendered":"<p>De acordo com a Guarda Civil, mais de 200 pessoas estavam na planta\u00e7\u00e3o no bairro Vila Azul. A GCM diz que o local ficou conhecido e atrai muitos curiosos pela beleza das flores. Uma planta\u00e7\u00e3o de girass\u00f3is em S\u00e3o Jos\u00e9 do Rio Preto (SP) causou aglomera\u00e7\u00e3o de pessoas neste domingo (24). A Guarda Civil Municipal [&hellip;]<\/p>\n","protected":false},"author":1,"featured_media":26823,"comment_status":"closed","ping_status":"open","sticky":false,"template":"","format":"standard","meta":{"footnotes":""},"categories":[176,110],"tags":[],"class_list":["post-26822","post","type-post","status-publish","format-standard","has-post-thumbnail","hentry","category-meioambienteeagricultura","category-noticiasdestaque"],"_links":{"self":[{"href":"https:\/\/jorgezanoni.com.br\/2019\/wp-json\/wp\/v2\/posts\/26822","targetHints":{"allow":["GET"]}}],"collection":[{"href":"https:\/\/jorgezanoni.com.br\/2019\/wp-json\/wp\/v2\/posts"}],"about":[{"href":"https:\/\/jorgezanoni.com.br\/2019\/wp-json\/wp\/v2\/types\/post"}],"author":[{"embeddable":true,"href":"https:\/\/jorgezanoni.com.br\/2019\/wp-json\/wp\/v2\/users\/1"}],"replies":[{"embeddable":true,"href":"https:\/\/jorgezanoni.com.br\/2019\/wp-json\/wp\/v2\/comments?post=26822"}],"version-history":[{"count":0,"href":"https:\/\/jorgezanoni.com.br\/2019\/wp-json\/wp\/v2\/posts\/26822\/revisions"}],"wp:featuredmedia":[{"embeddable":true,"href":"https:\/\/jorgezanoni.com.br\/2019\/wp-json\/wp\/v2\/media\/26823"}],"wp:attachment":[{"href":"https:\/\/jorgezanoni.com.br\/2019\/wp-json\/wp\/v2\/media?parent=26822"}],"wp:term":[{"taxonomy":"category","embeddable":true,"href":"https:\/\/jorgezanoni.com.br\/2019\/wp-json\/wp\/v2\/categories?post=26822"},{"taxonomy":"post_tag","embeddable":true,"href":"https:\/\/jorgezanoni.com.br\/2019\/wp-json\/wp\/v2\/tags?post=26822"}],"curies":[{"name":"wp","href":"https:\/\/api.w.org\/{rel}","templated":true}]}}