{"id":26819,"date":"2020-05-25T15:05:01","date_gmt":"2020-05-25T15:05:01","guid":{"rendered":"https:\/\/jorgezanoni.com.br\/2019\/?p=26819"},"modified":"2020-05-25T15:05:01","modified_gmt":"2020-05-25T15:05:01","slug":"homem-coloca-fogo-na-propria-barbearia-e-e-socorrido-aparentemente-embriagado","status":"publish","type":"post","link":"https:\/\/jorgezanoni.com.br\/2019\/homem-coloca-fogo-na-propria-barbearia-e-e-socorrido-aparentemente-embriagado\/","title":{"rendered":"Homem coloca fogo na pr\u00f3pria barbearia e \u00e9 socorrido \u2018aparentemente embriagado\u2019"},"content":{"rendered":"<div class=\"row content-head non-featured \">\n<div class=\"medium-centered subtitle\">\n<h2 class=\"content-head__subtitle\" style=\"text-align: justify;\"><strong>De acordo com o Corpo de Bombeiros, chamas destru\u00edram roupas, m\u00f3veis e outros objetos do estabelecimento que fica em Martin\u00f3polis.<\/strong><\/h2>\n<div class=\"mc-column content-text active-extra-styles \" data-block-type=\"unstyled\" data-block-weight=\"32\" data-block-id=\"2\">\n<p class=\"content-text__container \" style=\"text-align: justify;\" data-track-category=\"Link no Texto\" data-track-links=\"\">O Corpo de Bombeiros foi acionado para combater um inc\u00eandio em uma barbearia na Vila Alegrete, em\u00a0<a href=\"https:\/\/g1.globo.com\/sp\/presidente-prudente-regiao\/cidade\/martinopolis-sp\/\">Martin\u00f3polis<\/a>. Conforme a corpora\u00e7\u00e3o, o chamado foi feito por volta das 16h30 deste domingo (24).<\/p>\n<\/div>\n<div class=\"wall protected-content\">\n<div class=\"mc-column content-text active-extra-styles \" style=\"text-align: justify;\" data-block-type=\"unstyled\" data-block-weight=\"30\" data-block-id=\"3\">\n<p class=\"content-text__container \" data-track-category=\"Link no Texto\" data-track-links=\"\">Ainda segundo os bombeiros, o fogo destruiu roupas, m\u00f3veis e outros objetos do estabelecimento. A corpora\u00e7\u00e3o afirmou que o pr\u00f3prio dono da barbearia assumiu que havia colocado fogo no im\u00f3vel.<\/p>\n<\/div>\n<div class=\"mc-column content-text active-extra-styles \" style=\"text-align: justify;\" data-block-type=\"unstyled\" data-block-weight=\"28\" data-block-id=\"4\">\n<p class=\"content-text__container \" data-track-category=\"Link no Texto\" data-track-links=\"\">Foi informado que ele n\u00e3o se feriu no inc\u00eandio, por\u00e9m passou mal durante a ocorr\u00eancia e estava \u201caparentemente embriagado\u201d. Ele foi levado para a Santa Casa do munic\u00edpio.<\/p>\n<\/div>\n<div class=\"row medium-uncollapsed content-media content-photo\" style=\"text-align: justify;\" data-block-type=\"backstage-photo\" data-block-id=\"5\">\n<div class=\"mc-column content-media__container\">\n<figure><img decoding=\"async\" class=\"i-amphtml-fill-content i-amphtml-replaced-content\" src=\"https:\/\/s2.glbimg.com\/3kkVXBbuCLYTV9UzhFs8BWL10Xc=\/0x0:740x596\/984x0\/smart\/filters:strip_icc()\/i.s3.glbimg.com\/v1\/AUTH_59edd422c0c84a879bd37670ae4f538a\/internal_photos\/bs\/2020\/4\/p\/QuK9nVRqmjvnjyAS6BTQ\/incendio-2.jpg\" sizes=\"(max-width: 1242px) 648px, 100vw\" srcset=\"https:\/\/s2.glbimg.com\/5IqyPIui0KI8MNOfjt2tXJf3RVQ=\/0x0:740x596\/1000x0\/smart\/filters:strip_icc()\/i.s3.glbimg.com\/v1\/AUTH_59edd422c0c84a879bd37670ae4f538a\/internal_photos\/bs\/2020\/4\/p\/QuK9nVRqmjvnjyAS6BTQ\/incendio-2.jpg 1000w, https:\/\/s2.glbimg.com\/3kkVXBbuCLYTV9UzhFs8BWL10Xc=\/0x0:740x596\/984x0\/smart\/filters:strip_icc()\/i.s3.glbimg.com\/v1\/AUTH_59edd422c0c84a879bd37670ae4f538a\/internal_photos\/bs\/2020\/4\/p\/QuK9nVRqmjvnjyAS6BTQ\/incendio-2.jpg 984w, https:\/\/s2.glbimg.com\/64wDKnTSdRo10XGe9gjYR0MtTVc=\/0x0:740x596\/640x0\/smart\/filters:strip_icc()\/i.s3.glbimg.com\/v1\/AUTH_59edd422c0c84a879bd37670ae4f538a\/internal_photos\/bs\/2020\/4\/p\/QuK9nVRqmjvnjyAS6BTQ\/incendio-2.jpg 640w, https:\/\/s2.glbimg.com\/K2f0Bqq1wHNID0Nb7jr9N04cP3A=\/0x0:740x596\/600x0\/smart\/filters:strip_icc()\/i.s3.glbimg.com\/v1\/AUTH_59edd422c0c84a879bd37670ae4f538a\/internal_photos\/bs\/2020\/4\/p\/QuK9nVRqmjvnjyAS6BTQ\/incendio-2.jpg 600w\" alt=\"Ocorr\u00eancia foi registrada na Vila Alegrete, em Martin\u00f3polis \u2014 Foto: K\u00e1tia Nonato de Almeida\/Cedida\" \/><\/figure>\n<p class=\"content-media__description \">Ocorr\u00eancia foi registrada na Vila Alegrete, em Martin\u00f3polis \u2014 Foto: K\u00e1tia Nonato de Almeida\/Cedida<\/p>\n<\/div>\n<\/div>\n<div class=\"row medium-uncollapsed content-media content-photo\" data-block-type=\"backstage-photo\" data-block-id=\"6\">\n<div class=\"mc-column content-media__container\">\n<figure style=\"text-align: justify;\"><img decoding=\"async\" class=\"i-amphtml-fill-content i-amphtml-replaced-content\" src=\"https:\/\/s2.glbimg.com\/01i-nUrKyD5oOO5rKe2zC_4hWOM=\/0x0:813x558\/984x0\/smart\/filters:strip_icc()\/i.s3.glbimg.com\/v1\/AUTH_59edd422c0c84a879bd37670ae4f538a\/internal_photos\/bs\/2020\/X\/H\/LYAxfsRvuwbRj3zWX7hg\/incendio-3.jpg\" sizes=\"(max-width: 1242px) 648px, 100vw\" srcset=\"https:\/\/s2.glbimg.com\/7SSVIYbD9b5C8KRry_Wg5up3xoc=\/0x0:813x558\/1000x0\/smart\/filters:strip_icc()\/i.s3.glbimg.com\/v1\/AUTH_59edd422c0c84a879bd37670ae4f538a\/internal_photos\/bs\/2020\/X\/H\/LYAxfsRvuwbRj3zWX7hg\/incendio-3.jpg 1000w, https:\/\/s2.glbimg.com\/01i-nUrKyD5oOO5rKe2zC_4hWOM=\/0x0:813x558\/984x0\/smart\/filters:strip_icc()\/i.s3.glbimg.com\/v1\/AUTH_59edd422c0c84a879bd37670ae4f538a\/internal_photos\/bs\/2020\/X\/H\/LYAxfsRvuwbRj3zWX7hg\/incendio-3.jpg 984w, https:\/\/s2.glbimg.com\/E96wuub-kTuzpvz_KkuFWX_Crlg=\/0x0:813x558\/640x0\/smart\/filters:strip_icc()\/i.s3.glbimg.com\/v1\/AUTH_59edd422c0c84a879bd37670ae4f538a\/internal_photos\/bs\/2020\/X\/H\/LYAxfsRvuwbRj3zWX7hg\/incendio-3.jpg 640w, https:\/\/s2.glbimg.com\/2ybOtxLA0p5DaQ6MmkdocPq4as8=\/0x0:813x558\/600x0\/smart\/filters:strip_icc()\/i.s3.glbimg.com\/v1\/AUTH_59edd422c0c84a879bd37670ae4f538a\/internal_photos\/bs\/2020\/X\/H\/LYAxfsRvuwbRj3zWX7hg\/incendio-3.jpg 600w\" alt=\"Ocorr\u00eancia foi registrada na Vila Alegrete, em Martin\u00f3polis \u2014 Foto: K\u00e1tia Nonato de Almeida\/Cedida\" \/><\/figure>\n<p class=\"content-media__description \" style=\"text-align: justify;\">Ocorr\u00eancia foi registrada na Vila Alegrete, em Martin\u00f3polis \u2014 Foto: K\u00e1tia Nonato de Almeida\/Cedida<\/p>\n<p style=\"text-align: justify;\">Fonte: G1<\/p>\n<\/div>\n<\/div>\n<\/div>\n<\/div>\n<\/div>\n<div class=\"content__signa-share\">\n<div class=\"content__signature\">\n<div class=\"content-publication-data\">\n<div class=\"content-publication-data__text\"><\/div>\n<\/div>\n<\/div>\n<\/div>\n","protected":false},"excerpt":{"rendered":"<p>De acordo com o Corpo de Bombeiros, chamas destru\u00edram roupas, m\u00f3veis e outros objetos do estabelecimento que fica em Martin\u00f3polis. O Corpo de Bombeiros foi acionado para combater um inc\u00eandio em uma barbearia na Vila Alegrete, em\u00a0Martin\u00f3polis. Conforme a corpora\u00e7\u00e3o, o chamado foi feito por volta das 16h30 deste domingo (24). Ainda segundo os bombeiros, [&hellip;]<\/p>\n","protected":false},"author":1,"featured_media":26820,"comment_status":"closed","ping_status":"open","sticky":false,"template":"","format":"standard","meta":{"footnotes":""},"categories":[110,2],"tags":[],"class_list":["post-26819","post","type-post","status-publish","format-standard","has-post-thumbnail","hentry","category-noticiasdestaque","category-policial"],"_links":{"self":[{"href":"https:\/\/jorgezanoni.com.br\/2019\/wp-json\/wp\/v2\/posts\/26819","targetHints":{"allow":["GET"]}}],"collection":[{"href":"https:\/\/jorgezanoni.com.br\/2019\/wp-json\/wp\/v2\/posts"}],"about":[{"href":"https:\/\/jorgezanoni.com.br\/2019\/wp-json\/wp\/v2\/types\/post"}],"author":[{"embeddable":true,"href":"https:\/\/jorgezanoni.com.br\/2019\/wp-json\/wp\/v2\/users\/1"}],"replies":[{"embeddable":true,"href":"https:\/\/jorgezanoni.com.br\/2019\/wp-json\/wp\/v2\/comments?post=26819"}],"version-history":[{"count":0,"href":"https:\/\/jorgezanoni.com.br\/2019\/wp-json\/wp\/v2\/posts\/26819\/revisions"}],"wp:featuredmedia":[{"embeddable":true,"href":"https:\/\/jorgezanoni.com.br\/2019\/wp-json\/wp\/v2\/media\/26820"}],"wp:attachment":[{"href":"https:\/\/jorgezanoni.com.br\/2019\/wp-json\/wp\/v2\/media?parent=26819"}],"wp:term":[{"taxonomy":"category","embeddable":true,"href":"https:\/\/jorgezanoni.com.br\/2019\/wp-json\/wp\/v2\/categories?post=26819"},{"taxonomy":"post_tag","embeddable":true,"href":"https:\/\/jorgezanoni.com.br\/2019\/wp-json\/wp\/v2\/tags?post=26819"}],"curies":[{"name":"wp","href":"https:\/\/api.w.org\/{rel}","templated":true}]}}