{"id":2680,"date":"2019-08-03T19:57:03","date_gmt":"2019-08-03T19:57:03","guid":{"rendered":"https:\/\/jorgezanoni.com.br\/2019\/?p=2680"},"modified":"2019-08-03T19:57:03","modified_gmt":"2019-08-03T19:57:03","slug":"secretaria-de-assuntos-viarios-de-dracena-instala-bolsoes-para-motos-nos-semaforos","status":"publish","type":"post","link":"https:\/\/jorgezanoni.com.br\/2019\/secretaria-de-assuntos-viarios-de-dracena-instala-bolsoes-para-motos-nos-semaforos\/","title":{"rendered":"Secretaria de Assuntos Vi\u00e1rios de Dracena instala \u2018bols\u00f5es\u2019 para motos nos sem\u00e1foros"},"content":{"rendered":"<p style=\"text-align: justify;\">A Prefeitura de Dracena, por meio da Secretaria Municipal de Assuntos Vi\u00e1rios, come\u00e7ou a implantar a sinaliza\u00e7\u00e3o da parada exclusiva para motocicletas em sem\u00e1foros na cidade, conhecido como \u2018bols\u00e3o de moto\u2019.<\/p>\n<p style=\"text-align: justify;\">Trata-se de uma \u00e1rea de espera localizada entre a faixa de pedestres e demais ve\u00edculos parados no sinal vermelho, enquanto aguarda-se o sem\u00e1foro abrir. A princ\u00edpio o servi\u00e7o foi realizado nos dois sem\u00e1foros do cruzamento da Avenida Presidente Vargas com a Rua Jos\u00e9 Bonif\u00e1cio, mas em breve ser\u00e1 implantado em demais pontos da cidade.<\/p>\n<p style=\"text-align: justify;\">De acordo com o secret\u00e1rio da pasta, Toshio Yrihoshi, o objetivo \u00e9 auxiliar na preven\u00e7\u00e3o de acidentes, j\u00e1 que desta forma h\u00e1 diminui\u00e7\u00e3o do conflito com ve\u00edculos no momento da largada, ou seja, quando acende a luz verde do sinal.<\/p>\n<p style=\"text-align: justify;\">\u201cEssa nova sinaliza\u00e7\u00e3o evita que a motocicleta continue saindo entre os ve\u00edculos, o que gerava inseguran\u00e7a para motociclistas e demais condutores, al\u00e9m de propiciar aos pedestres maior visibilidade das motocicletas no tr\u00e2nsito, prevenindo atropelamentos\u201d, complementou Yrihoshi.<\/p>\n<p style=\"text-align: justify;\">O secret\u00e1rio ainda pede a colabora\u00e7\u00e3o e conscientiza\u00e7\u00e3o dos motoristas e pedestres e alerta que ve\u00edculos que pararem no local destinado \u00e0s motos podem ser multados.<img loading=\"lazy\" decoding=\"async\" class=\"alignnone size-full wp-image-2681\" src=\"https:\/\/jorgezanoni.com.br\/2019\/wp-content\/uploads\/2019\/08\/bols\u00e3o1-1.jpg\" alt=\"\" width=\"900\" height=\"675\" srcset=\"https:\/\/jorgezanoni.com.br\/2019\/wp-content\/uploads\/2019\/08\/bols\u00e3o1-1.jpg 900w, https:\/\/jorgezanoni.com.br\/2019\/wp-content\/uploads\/2019\/08\/bols\u00e3o1-1-300x225.jpg 300w, https:\/\/jorgezanoni.com.br\/2019\/wp-content\/uploads\/2019\/08\/bols\u00e3o1-1-768x576.jpg 768w, https:\/\/jorgezanoni.com.br\/2019\/wp-content\/uploads\/2019\/08\/bols\u00e3o1-1-80x60.jpg 80w, https:\/\/jorgezanoni.com.br\/2019\/wp-content\/uploads\/2019\/08\/bols\u00e3o1-1-265x198.jpg 265w, https:\/\/jorgezanoni.com.br\/2019\/wp-content\/uploads\/2019\/08\/bols\u00e3o1-1-696x522.jpg 696w, https:\/\/jorgezanoni.com.br\/2019\/wp-content\/uploads\/2019\/08\/bols\u00e3o1-1-560x420.jpg 560w\" sizes=\"auto, (max-width: 900px) 100vw, 900px\" \/><\/p>\n<p>Fonte: Diretoria de Comunica\u00e7\u00e3o<\/p>\n","protected":false},"excerpt":{"rendered":"<p>A Prefeitura de Dracena, por meio da Secretaria Municipal de Assuntos Vi\u00e1rios, come\u00e7ou a implantar a sinaliza\u00e7\u00e3o da parada exclusiva para motocicletas em sem\u00e1foros na cidade, conhecido como \u2018bols\u00e3o de moto\u2019. Trata-se de uma \u00e1rea de espera localizada entre a faixa de pedestres e demais ve\u00edculos parados no sinal vermelho, enquanto aguarda-se o sem\u00e1foro abrir. [&hellip;]<\/p>\n","protected":false},"author":1,"featured_media":2682,"comment_status":"closed","ping_status":"open","sticky":false,"template":"","format":"standard","meta":{"footnotes":""},"categories":[110],"tags":[],"class_list":["post-2680","post","type-post","status-publish","format-standard","has-post-thumbnail","hentry","category-noticiasdestaque"],"_links":{"self":[{"href":"https:\/\/jorgezanoni.com.br\/2019\/wp-json\/wp\/v2\/posts\/2680","targetHints":{"allow":["GET"]}}],"collection":[{"href":"https:\/\/jorgezanoni.com.br\/2019\/wp-json\/wp\/v2\/posts"}],"about":[{"href":"https:\/\/jorgezanoni.com.br\/2019\/wp-json\/wp\/v2\/types\/post"}],"author":[{"embeddable":true,"href":"https:\/\/jorgezanoni.com.br\/2019\/wp-json\/wp\/v2\/users\/1"}],"replies":[{"embeddable":true,"href":"https:\/\/jorgezanoni.com.br\/2019\/wp-json\/wp\/v2\/comments?post=2680"}],"version-history":[{"count":0,"href":"https:\/\/jorgezanoni.com.br\/2019\/wp-json\/wp\/v2\/posts\/2680\/revisions"}],"wp:featuredmedia":[{"embeddable":true,"href":"https:\/\/jorgezanoni.com.br\/2019\/wp-json\/wp\/v2\/media\/2682"}],"wp:attachment":[{"href":"https:\/\/jorgezanoni.com.br\/2019\/wp-json\/wp\/v2\/media?parent=2680"}],"wp:term":[{"taxonomy":"category","embeddable":true,"href":"https:\/\/jorgezanoni.com.br\/2019\/wp-json\/wp\/v2\/categories?post=2680"},{"taxonomy":"post_tag","embeddable":true,"href":"https:\/\/jorgezanoni.com.br\/2019\/wp-json\/wp\/v2\/tags?post=2680"}],"curies":[{"name":"wp","href":"https:\/\/api.w.org\/{rel}","templated":true}]}}