{"id":26796,"date":"2020-05-24T18:40:07","date_gmt":"2020-05-24T18:40:07","guid":{"rendered":"https:\/\/jorgezanoni.com.br\/2019\/?p=26796"},"modified":"2020-05-24T18:40:07","modified_gmt":"2020-05-24T18:40:07","slug":"apesar-de-ser-feriado-bancos-abrem-normalmente-nesta-segunda-no-estado-de-sp","status":"publish","type":"post","link":"https:\/\/jorgezanoni.com.br\/2019\/apesar-de-ser-feriado-bancos-abrem-normalmente-nesta-segunda-no-estado-de-sp\/","title":{"rendered":"Apesar de ser feriado, bancos abrem normalmente nesta segunda no Estado de SP"},"content":{"rendered":"<p style=\"text-align: justify;\">A Federa\u00e7\u00e3o Brasileira de Bancos (Febraban) informou que as institui\u00e7\u00f5es financeiras v\u00e3o manter as ag\u00eancias abertas nesta segunda-feira, dia 25 de maio, quando o governo de S\u00e3o Paulo antecipou o feriado de 09 de julho. A continuidade do atendimento, de acordo com a entidade, visa a assegurar a presta\u00e7\u00e3o dos servi\u00e7os banc\u00e1rios essenciais \u00e0 popula\u00e7\u00e3o, inclusive, o pagamento da segunda parcela do aux\u00edlio emergencial de R$ 600,00, que come\u00e7ou a ser feito ontem.<\/p>\n<p style=\"text-align: justify;\">A Febraban, que representa as institui\u00e7\u00f5es financeiras no Pa\u00eds, refor\u00e7a, por\u00e9m, o pedido para que as pessoas utilizem os canais digitais e evitem ao m\u00e1ximo irem at\u00e9 a rede banc\u00e1ria uma vez que o atendimento est\u00e1 sendo feito de forma contingencia. Segundo a entidade, os meios eletr\u00f4nicos estar\u00e3o dispon\u00edveis e em &#8216;plena capacidade&#8217; para atender os clientes, permitindo que as ag\u00eancias sejam utilizadas somente nos &#8216;casos extremos&#8217;.<\/p>\n<p style=\"text-align: justify;\">As datas de vencimento de contas de concession\u00e1rias e cobran\u00e7a no dia 25 n\u00e3o sofrer\u00e3o altera\u00e7\u00e3o, conforme a Febraban. A entidade informa ainda que, por ocasi\u00e3o dos feriados municipais antecipados nos \u00faltimos dias 20 e 21 de maio na cidade de S\u00e3o Paulo, a Secretaria Nacional do Consumidor-SENACON, com a finalidade de dirimir d\u00favidas sobre a possibilidade de altera\u00e7\u00e3o do vencimento de contas e cobran\u00e7as, informou que n\u00e3o h\u00e1 nenhuma normativa ou motiva\u00e7\u00e3o que pudesse prorrogar o vencimento de boletos.<\/p>\n<p style=\"text-align: justify;\">&#8220;Os bancos continuam comprometidos com o atendimento \u00e0s necessidades essenciais da sociedade e com as medidas sanit\u00e1rias e de distanciamento social, sem descuidar do atendimento a milha res de pessoas que diariamente necessitam de servi\u00e7os banc\u00e1rios&#8221;, diz a Febraban, em nota \u00e0 imprensa.<\/p>\n<p style=\"text-align: justify;\">As ag\u00eancias banc\u00e1rias v\u00e3o funcionar com equipes reduzidas e hor\u00e1rios restritos de funcionamento das 10 \u00e0s 14 horas, conforme as mudan\u00e7as j\u00e1 adotadas durante a pandemia. A atividade banc\u00e1ria foi classificada como essencial pelo Decreto Federal n\u00ba 10.280, de 20 de mar\u00e7o de 2020.<\/p>\n<p style=\"text-align: justify;\">Fonte: Febraban<\/p>\n","protected":false},"excerpt":{"rendered":"<p>A Federa\u00e7\u00e3o Brasileira de Bancos (Febraban) informou que as institui\u00e7\u00f5es financeiras v\u00e3o manter as ag\u00eancias abertas nesta segunda-feira, dia 25 de maio, quando o governo de S\u00e3o Paulo antecipou o feriado de 09 de julho. A continuidade do atendimento, de acordo com a entidade, visa a assegurar a presta\u00e7\u00e3o dos servi\u00e7os banc\u00e1rios essenciais \u00e0 popula\u00e7\u00e3o, [&hellip;]<\/p>\n","protected":false},"author":1,"featured_media":26797,"comment_status":"closed","ping_status":"open","sticky":false,"template":"","format":"standard","meta":{"footnotes":""},"categories":[110,116],"tags":[],"class_list":["post-26796","post","type-post","status-publish","format-standard","has-post-thumbnail","hentry","category-noticiasdestaque","category-politicaeeconomia"],"_links":{"self":[{"href":"https:\/\/jorgezanoni.com.br\/2019\/wp-json\/wp\/v2\/posts\/26796","targetHints":{"allow":["GET"]}}],"collection":[{"href":"https:\/\/jorgezanoni.com.br\/2019\/wp-json\/wp\/v2\/posts"}],"about":[{"href":"https:\/\/jorgezanoni.com.br\/2019\/wp-json\/wp\/v2\/types\/post"}],"author":[{"embeddable":true,"href":"https:\/\/jorgezanoni.com.br\/2019\/wp-json\/wp\/v2\/users\/1"}],"replies":[{"embeddable":true,"href":"https:\/\/jorgezanoni.com.br\/2019\/wp-json\/wp\/v2\/comments?post=26796"}],"version-history":[{"count":0,"href":"https:\/\/jorgezanoni.com.br\/2019\/wp-json\/wp\/v2\/posts\/26796\/revisions"}],"wp:featuredmedia":[{"embeddable":true,"href":"https:\/\/jorgezanoni.com.br\/2019\/wp-json\/wp\/v2\/media\/26797"}],"wp:attachment":[{"href":"https:\/\/jorgezanoni.com.br\/2019\/wp-json\/wp\/v2\/media?parent=26796"}],"wp:term":[{"taxonomy":"category","embeddable":true,"href":"https:\/\/jorgezanoni.com.br\/2019\/wp-json\/wp\/v2\/categories?post=26796"},{"taxonomy":"post_tag","embeddable":true,"href":"https:\/\/jorgezanoni.com.br\/2019\/wp-json\/wp\/v2\/tags?post=26796"}],"curies":[{"name":"wp","href":"https:\/\/api.w.org\/{rel}","templated":true}]}}