{"id":26790,"date":"2020-05-24T17:59:17","date_gmt":"2020-05-24T17:59:17","guid":{"rendered":"https:\/\/jorgezanoni.com.br\/2019\/?p=26790"},"modified":"2020-05-24T17:59:17","modified_gmt":"2020-05-24T17:59:17","slug":"carro-para-entre-arvore-e-muro-no-centro-de-venceslau","status":"publish","type":"post","link":"https:\/\/jorgezanoni.com.br\/2019\/carro-para-entre-arvore-e-muro-no-centro-de-venceslau\/","title":{"rendered":"Carro para entre \u00e1rvore e muro no centro de Venceslau"},"content":{"rendered":"<p style=\"text-align: justify;\">Um acidente foi registrado na madrugada deste domingo (24), no centro de Presidente Venceslau.<\/p>\n<p style=\"text-align: justify;\">Um ve\u00edculo Chevrolet Corsa trafegava pela avenida Dom Pedro II, quando o motorista perdeu o controle da dire\u00e7\u00e3o, colidiu contra uma placa de sinaliza\u00e7\u00e3o em frente a Delegacia da Mulher e parou logo abaixo, entre uma \u00e1rvore e a mureta na cal\u00e7ada de uma\u00a0cl\u00ednica de fisioterapia.<\/p>\n<p style=\"text-align: justify;\">O condutor, que n\u00e3o se feriu,\u00a0aguardou no local a equipe de Resgate do Corpo de Bombeiros e a pol\u00edcia.<\/p>\n<p style=\"text-align: justify;\">As causas do acidente ser\u00e3o apuradas pela per\u00edcia t\u00e9cnica. O ve\u00edculo j\u00e1 foi retirado do local.<\/p>\n<p style=\"text-align: justify;\">Fonte: Portal Bueno<\/p>\n","protected":false},"excerpt":{"rendered":"<p>Um acidente foi registrado na madrugada deste domingo (24), no centro de Presidente Venceslau. Um ve\u00edculo Chevrolet Corsa trafegava pela avenida Dom Pedro II, quando o motorista perdeu o controle da dire\u00e7\u00e3o, colidiu contra uma placa de sinaliza\u00e7\u00e3o em frente a Delegacia da Mulher e parou logo abaixo, entre uma \u00e1rvore e a mureta na [&hellip;]<\/p>\n","protected":false},"author":1,"featured_media":26791,"comment_status":"closed","ping_status":"open","sticky":false,"template":"","format":"standard","meta":{"footnotes":""},"categories":[170,110],"tags":[],"class_list":["post-26790","post","type-post","status-publish","format-standard","has-post-thumbnail","hentry","category-acidentes","category-noticiasdestaque"],"_links":{"self":[{"href":"https:\/\/jorgezanoni.com.br\/2019\/wp-json\/wp\/v2\/posts\/26790","targetHints":{"allow":["GET"]}}],"collection":[{"href":"https:\/\/jorgezanoni.com.br\/2019\/wp-json\/wp\/v2\/posts"}],"about":[{"href":"https:\/\/jorgezanoni.com.br\/2019\/wp-json\/wp\/v2\/types\/post"}],"author":[{"embeddable":true,"href":"https:\/\/jorgezanoni.com.br\/2019\/wp-json\/wp\/v2\/users\/1"}],"replies":[{"embeddable":true,"href":"https:\/\/jorgezanoni.com.br\/2019\/wp-json\/wp\/v2\/comments?post=26790"}],"version-history":[{"count":0,"href":"https:\/\/jorgezanoni.com.br\/2019\/wp-json\/wp\/v2\/posts\/26790\/revisions"}],"wp:featuredmedia":[{"embeddable":true,"href":"https:\/\/jorgezanoni.com.br\/2019\/wp-json\/wp\/v2\/media\/26791"}],"wp:attachment":[{"href":"https:\/\/jorgezanoni.com.br\/2019\/wp-json\/wp\/v2\/media?parent=26790"}],"wp:term":[{"taxonomy":"category","embeddable":true,"href":"https:\/\/jorgezanoni.com.br\/2019\/wp-json\/wp\/v2\/categories?post=26790"},{"taxonomy":"post_tag","embeddable":true,"href":"https:\/\/jorgezanoni.com.br\/2019\/wp-json\/wp\/v2\/tags?post=26790"}],"curies":[{"name":"wp","href":"https:\/\/api.w.org\/{rel}","templated":true}]}}