{"id":26780,"date":"2020-05-24T16:44:24","date_gmt":"2020-05-24T16:44:24","guid":{"rendered":"https:\/\/jorgezanoni.com.br\/2019\/?p=26780"},"modified":"2020-05-24T16:44:24","modified_gmt":"2020-05-24T16:44:24","slug":"batida-entre-motocicletas-deixa-dois-rapazes-feridos-em-teodoro-sampaio","status":"publish","type":"post","link":"https:\/\/jorgezanoni.com.br\/2019\/batida-entre-motocicletas-deixa-dois-rapazes-feridos-em-teodoro-sampaio\/","title":{"rendered":"Batida entre motocicletas deixa dois rapazes feridos em Teodoro Sampaio"},"content":{"rendered":"<h2 class=\"content-head__subtitle\" style=\"text-align: justify;\"><strong>Acidente foi registrado na Avenida Cuiab\u00e1 na noite deste s\u00e1bado (24). Conforme a Pol\u00edcia Civil, um dos condutores n\u00e3o tinha Carteira Nacional de Habilita\u00e7\u00e3o.<\/strong><\/h2>\n<div class=\"mc-column content-text active-extra-styles \" data-block-type=\"unstyled\" data-block-weight=\"32\" data-block-id=\"2\">\n<p class=\"content-text__container \" style=\"text-align: justify;\" data-track-category=\"Link no Texto\" data-track-links=\"\">A Pol\u00edcia Civil registrou um acidente entre duas motocicletas na noite deste s\u00e1bado (23), em\u00a0<a href=\"https:\/\/g1.globo.com\/sp\/presidente-prudente-regiao\/cidade\/teodoro-sampaio-sp\/\">Teodoro Sampaio<\/a>. Ap\u00f3s a batida, um dos ve\u00edculos pegou fogo e o Corpo de Bombeiros foi acionado.<\/p>\n<\/div>\n<div class=\"wall protected-content\">\n<div class=\"mc-column content-text active-extra-styles \" style=\"text-align: justify;\" data-block-type=\"unstyled\" data-block-weight=\"28\" data-block-id=\"3\">\n<p class=\"content-text__container \" data-track-category=\"Link no Texto\" data-track-links=\"\">Ainda de acordo com a corpora\u00e7\u00e3o, um dos rapazes seguia pela Avenida Cuiab\u00e1 e a batida aconteceu quando o outro condutor fez a convers\u00e3o para entrar na avenida.<\/p>\n<\/div>\n<div class=\"mc-column content-text active-extra-styles \" style=\"text-align: justify;\" data-block-type=\"unstyled\" data-block-weight=\"24\" data-block-id=\"4\">\n<p class=\"content-text__container \" data-track-category=\"Link no Texto\" data-track-links=\"\">O Corpo de Bombeiros foi acionado para conter as chamas e os dois rapazes foram encaminhados ao pronto socorro local, inicialmente com ferimentos leves.<\/p>\n<\/div>\n<div class=\"mc-column content-text active-extra-styles \" style=\"text-align: justify;\" data-block-type=\"unstyled\" data-block-weight=\"27\" data-block-id=\"5\">\n<p class=\"content-text__container \" data-track-category=\"Link no Texto\" data-track-links=\"\">A Pol\u00edcia Civil tamb\u00e9m informou que um dos condutores n\u00e3o tinha Carteira Nacional de Habilita\u00e7\u00e3o (CNH). A per\u00edcia foi acionada e vai apontar as causas do acidente.<\/p>\n<\/div>\n<div class=\"row medium-uncollapsed content-media content-photo\" data-block-type=\"backstage-photo\" data-block-id=\"6\">\n<div class=\"mc-column content-media__container\">\n<figure style=\"text-align: justify;\"><img decoding=\"async\" class=\"i-amphtml-fill-content i-amphtml-replaced-content\" src=\"https:\/\/s2.glbimg.com\/Hw31gVy_jyt9RRYBJ_CwgAh96LU=\/0x0:1024x768\/984x0\/smart\/filters:strip_icc()\/i.s3.glbimg.com\/v1\/AUTH_59edd422c0c84a879bd37670ae4f538a\/internal_photos\/bs\/2020\/e\/c\/tDZ9zpTUimG3ac3qHBig\/whatsapp-image-2020-05-24-at-10.52.06.jpeg\" sizes=\"(max-width: 1242px) 648px, 100vw\" srcset=\"https:\/\/s2.glbimg.com\/ih6oYzr3VxHt29ru_LGIGM3qN7Q=\/0x0:1024x768\/1000x0\/smart\/filters:strip_icc()\/i.s3.glbimg.com\/v1\/AUTH_59edd422c0c84a879bd37670ae4f538a\/internal_photos\/bs\/2020\/e\/c\/tDZ9zpTUimG3ac3qHBig\/whatsapp-image-2020-05-24-at-10.52.06.jpeg 1000w, https:\/\/s2.glbimg.com\/Hw31gVy_jyt9RRYBJ_CwgAh96LU=\/0x0:1024x768\/984x0\/smart\/filters:strip_icc()\/i.s3.glbimg.com\/v1\/AUTH_59edd422c0c84a879bd37670ae4f538a\/internal_photos\/bs\/2020\/e\/c\/tDZ9zpTUimG3ac3qHBig\/whatsapp-image-2020-05-24-at-10.52.06.jpeg 984w, https:\/\/s2.glbimg.com\/tx2kWifz6Fb4N3GqmSUJ57FOP4A=\/0x0:1024x768\/640x0\/smart\/filters:strip_icc()\/i.s3.glbimg.com\/v1\/AUTH_59edd422c0c84a879bd37670ae4f538a\/internal_photos\/bs\/2020\/e\/c\/tDZ9zpTUimG3ac3qHBig\/whatsapp-image-2020-05-24-at-10.52.06.jpeg 640w, https:\/\/s2.glbimg.com\/mIjrKm5Y-6CoqDf7hqsLmzD_V_8=\/0x0:1024x768\/600x0\/smart\/filters:strip_icc()\/i.s3.glbimg.com\/v1\/AUTH_59edd422c0c84a879bd37670ae4f538a\/internal_photos\/bs\/2020\/e\/c\/tDZ9zpTUimG3ac3qHBig\/whatsapp-image-2020-05-24-at-10.52.06.jpeg 600w\" alt=\"Acidente foi registrado na Avenida Cuiab\u00e1, em Teodoro Sampaio \u2014 Foto: Pol\u00edcia Civil\" \/><\/figure>\n<p class=\"content-media__description \" style=\"text-align: justify;\">Acidente foi registrado na Avenida Cuiab\u00e1, em Teodoro Sampaio \u2014 Foto: Pol\u00edcia Civil<\/p>\n<figure style=\"text-align: justify;\"><img decoding=\"async\" class=\"i-amphtml-fill-content i-amphtml-replaced-content\" src=\"https:\/\/s2.glbimg.com\/0K3WP9Eq6ga9bp7JMimTpwzSiLc=\/0x0:1024x768\/984x0\/smart\/filters:strip_icc()\/i.s3.glbimg.com\/v1\/AUTH_59edd422c0c84a879bd37670ae4f538a\/internal_photos\/bs\/2020\/S\/t\/zRtLW8QYaUHUAHLyzNNw\/whatsapp-image-2020-05-24-at-10.52.05.jpeg\" sizes=\"(max-width: 1242px) 648px, 100vw\" srcset=\"https:\/\/s2.glbimg.com\/hiSy_fcwPRSYRuLIR4_p1bG5Ftg=\/0x0:1024x768\/1000x0\/smart\/filters:strip_icc()\/i.s3.glbimg.com\/v1\/AUTH_59edd422c0c84a879bd37670ae4f538a\/internal_photos\/bs\/2020\/S\/t\/zRtLW8QYaUHUAHLyzNNw\/whatsapp-image-2020-05-24-at-10.52.05.jpeg 1000w, https:\/\/s2.glbimg.com\/0K3WP9Eq6ga9bp7JMimTpwzSiLc=\/0x0:1024x768\/984x0\/smart\/filters:strip_icc()\/i.s3.glbimg.com\/v1\/AUTH_59edd422c0c84a879bd37670ae4f538a\/internal_photos\/bs\/2020\/S\/t\/zRtLW8QYaUHUAHLyzNNw\/whatsapp-image-2020-05-24-at-10.52.05.jpeg 984w, https:\/\/s2.glbimg.com\/YQ2dcv3L6a6KV4qviC8B-ikRzSo=\/0x0:1024x768\/640x0\/smart\/filters:strip_icc()\/i.s3.glbimg.com\/v1\/AUTH_59edd422c0c84a879bd37670ae4f538a\/internal_photos\/bs\/2020\/S\/t\/zRtLW8QYaUHUAHLyzNNw\/whatsapp-image-2020-05-24-at-10.52.05.jpeg 640w, https:\/\/s2.glbimg.com\/AJ-MEa8-eIbN2JLNd36t-42raVA=\/0x0:1024x768\/600x0\/smart\/filters:strip_icc()\/i.s3.glbimg.com\/v1\/AUTH_59edd422c0c84a879bd37670ae4f538a\/internal_photos\/bs\/2020\/S\/t\/zRtLW8QYaUHUAHLyzNNw\/whatsapp-image-2020-05-24-at-10.52.05.jpeg 600w\" alt=\"Acidente foi registrado na Avenida Cuiab\u00e1, em Teodoro Sampaio \u2014 Foto: Pol\u00edcia Civil\" \/><\/figure>\n<p class=\"content-media__description \" style=\"text-align: justify;\">Acidente foi registrado na Avenida Cuiab\u00e1, em Teodoro Sampaio \u2014 Foto: Pol\u00edcia Civil<\/p>\n<p>Fonte: G1<\/p>\n<p><img loading=\"lazy\" decoding=\"async\" class=\"alignnone size-full wp-image-26781\" src=\"https:\/\/jorgezanoni.com.br\/2019\/wp-content\/uploads\/2020\/05\/fogo-1.jpg\" alt=\"\" width=\"720\" height=\"1280\" srcset=\"https:\/\/jorgezanoni.com.br\/2019\/wp-content\/uploads\/2020\/05\/fogo-1.jpg 720w, https:\/\/jorgezanoni.com.br\/2019\/wp-content\/uploads\/2020\/05\/fogo-1-169x300.jpg 169w, https:\/\/jorgezanoni.com.br\/2019\/wp-content\/uploads\/2020\/05\/fogo-1-576x1024.jpg 576w, https:\/\/jorgezanoni.com.br\/2019\/wp-content\/uploads\/2020\/05\/fogo-1-696x1237.jpg 696w, https:\/\/jorgezanoni.com.br\/2019\/wp-content\/uploads\/2020\/05\/fogo-1-236x420.jpg 236w\" sizes=\"auto, (max-width: 720px) 100vw, 720px\" \/>Foto de Internauta<\/p>\n<p>&nbsp;<\/p>\n<\/div>\n<\/div>\n<div class=\"content-ads content-ads--reveal\" data-block-type=\"ads\" data-block-id=\"7\">\n<div id=\"banner_materia2\" class=\"tag-manager-publicidade-container mc-has-reveal mc-has-ad-lazyload tag-manager-publicidade-banner_materia2 tag-manager-publicidade-container--carregado tag-manager-publicidade-container--visivel\" data-id=\"banner_materia2\" data-google-query-id=\"CIfY3KD2zOkCFcQUhgod6fsHgg\" data-cid=\"138310816872\" data-lid=\"5368513438\">\n<div id=\"google_ads_iframe_\/95377733\/tvg_G1\/Sua_Regiao&gt;Sudeste&gt;Sao_Paulo_(Pres_Prudente)_2__container__\" style=\"box-sizing: inherit; margin: auto; padding: 0px; border: 0pt none; font: inherit; vertical-align: baseline; width: 970px; max-width: 100%; text-align: center; height: 250px;\"><iframe loading=\"lazy\" id=\"google_ads_iframe_\/95377733\/tvg_G1\/Sua_Regiao&gt;Sudeste&gt;Sao_Paulo_(Pres_Prudente)_2\" style=\"box-sizing: inherit; margin: 0px; padding: 0px; border: 0px; font: inherit; vertical-align: bottom;\" title=\"3rd party ad content\" src=\"https:\/\/tpc.googlesyndication.com\/safeframe\/1-0-37\/html\/container.html\" name=\"\" width=\"970\" height=\"250\" frameborder=\"0\" marginwidth=\"0\" marginheight=\"0\" scrolling=\"no\" sandbox=\"allow-forms allow-pointer-lock allow-popups allow-popups-to-escape-sandbox allow-same-origin allow-scripts allow-top-navigation-by-user-activation\" data-is-safeframe=\"true\" data-google-container-id=\"3\" data-load-complete=\"true\" data-mce-fragment=\"1\"><\/iframe><\/div>\n<\/div>\n<\/div>\n<div class=\"row medium-uncollapsed content-media content-photo\" data-block-type=\"backstage-photo\" data-block-id=\"8\">\n<div class=\"mc-column content-media__container\"><\/div>\n<\/div>\n<\/div>\n","protected":false},"excerpt":{"rendered":"<p>Acidente foi registrado na Avenida Cuiab\u00e1 na noite deste s\u00e1bado (24). Conforme a Pol\u00edcia Civil, um dos condutores n\u00e3o tinha Carteira Nacional de Habilita\u00e7\u00e3o. A Pol\u00edcia Civil registrou um acidente entre duas motocicletas na noite deste s\u00e1bado (23), em\u00a0Teodoro Sampaio. Ap\u00f3s a batida, um dos ve\u00edculos pegou fogo e o Corpo de Bombeiros foi acionado. [&hellip;]<\/p>\n","protected":false},"author":1,"featured_media":26782,"comment_status":"closed","ping_status":"open","sticky":false,"template":"","format":"standard","meta":{"footnotes":""},"categories":[170,110],"tags":[],"class_list":["post-26780","post","type-post","status-publish","format-standard","has-post-thumbnail","hentry","category-acidentes","category-noticiasdestaque"],"_links":{"self":[{"href":"https:\/\/jorgezanoni.com.br\/2019\/wp-json\/wp\/v2\/posts\/26780","targetHints":{"allow":["GET"]}}],"collection":[{"href":"https:\/\/jorgezanoni.com.br\/2019\/wp-json\/wp\/v2\/posts"}],"about":[{"href":"https:\/\/jorgezanoni.com.br\/2019\/wp-json\/wp\/v2\/types\/post"}],"author":[{"embeddable":true,"href":"https:\/\/jorgezanoni.com.br\/2019\/wp-json\/wp\/v2\/users\/1"}],"replies":[{"embeddable":true,"href":"https:\/\/jorgezanoni.com.br\/2019\/wp-json\/wp\/v2\/comments?post=26780"}],"version-history":[{"count":0,"href":"https:\/\/jorgezanoni.com.br\/2019\/wp-json\/wp\/v2\/posts\/26780\/revisions"}],"wp:featuredmedia":[{"embeddable":true,"href":"https:\/\/jorgezanoni.com.br\/2019\/wp-json\/wp\/v2\/media\/26782"}],"wp:attachment":[{"href":"https:\/\/jorgezanoni.com.br\/2019\/wp-json\/wp\/v2\/media?parent=26780"}],"wp:term":[{"taxonomy":"category","embeddable":true,"href":"https:\/\/jorgezanoni.com.br\/2019\/wp-json\/wp\/v2\/categories?post=26780"},{"taxonomy":"post_tag","embeddable":true,"href":"https:\/\/jorgezanoni.com.br\/2019\/wp-json\/wp\/v2\/tags?post=26780"}],"curies":[{"name":"wp","href":"https:\/\/api.w.org\/{rel}","templated":true}]}}