{"id":26759,"date":"2020-05-23T20:37:21","date_gmt":"2020-05-23T20:37:21","guid":{"rendered":"https:\/\/jorgezanoni.com.br\/2019\/?p=26759"},"modified":"2020-05-23T20:37:21","modified_gmt":"2020-05-23T20:37:21","slug":"adolescente-de-16-anos-morre-apos-acidente-com-caminhao-em-rodovia","status":"publish","type":"post","link":"https:\/\/jorgezanoni.com.br\/2019\/adolescente-de-16-anos-morre-apos-acidente-com-caminhao-em-rodovia\/","title":{"rendered":"Adolescente de 16 anos morre ap\u00f3s acidente com caminh\u00e3o em rodovia"},"content":{"rendered":"<h2 class=\"content-head__subtitle\">Jovem era passageiro de carro que se chocou contra um caminh\u00e3o canavieiro na rodovia que liga a cidade de Dois C\u00f3rregos a Ja\u00fa (SP). Motorista do carro ficou ferido.<\/h2>\n<div class=\"mc-column content-text active-extra-styles \" data-block-type=\"unstyled\" data-block-weight=\"38\" data-block-id=\"2\">\n<p class=\"content-text__container \" style=\"text-align: justify;\" data-track-category=\"Link no Texto\" data-track-links=\"\">Um adolescente de 16 anos morreu ap\u00f3s se envolver em um grave acidente na Rodovia Deputado Amauri Barroso de Sousa (SP-304), em Dois C\u00f3rregos, na sexta-feira (22). Ele foi enterrado na manh\u00e3 deste s\u00e1bado (23) no cemit\u00e9rio municipal.<\/p>\n<\/div>\n<div class=\"wall protected-content\" style=\"text-align: justify;\">\n<div class=\"mc-column content-text active-extra-styles \" data-block-type=\"unstyled\" data-block-weight=\"29\" data-block-id=\"3\">\n<p class=\"content-text__container \" data-track-category=\"Link no Texto\" data-track-links=\"\">Segundo a Pol\u00edcia Rodovi\u00e1ria, o carro em que Daianderson de Lima Silva era passageiro chocou-se contra um caminh\u00e3o canavieiro. O carro ficou destru\u00eddo com o impacto da batida.<\/p>\n<\/div>\n<div class=\"mc-column content-text active-extra-styles \" data-block-type=\"unstyled\" data-block-weight=\"28\" data-block-id=\"4\">\n<p class=\"content-text__container \" data-track-category=\"Link no Texto\" data-track-links=\"\">O adolescente e o motorista, de 32 anos, foram socorridos com ferimentos graves e levados para a Santa Casa de Ja\u00fa. Por\u00e9m, o jovem n\u00e3o resistiu e morreu.<\/p>\n<\/div>\n<div class=\"mc-column content-text active-extra-styles \" data-block-type=\"unstyled\" data-block-weight=\"20\" data-block-id=\"5\">\n<p class=\"content-text__container \" data-track-category=\"Link no Texto\" data-track-links=\"\">O motorista do caminh\u00e3o n\u00e3o se feriu. A Pol\u00edcia Cient\u00edfica esteve no local do acidente e as causas ser\u00e3o investigadas.<\/p>\n<p data-track-category=\"Link no Texto\" data-track-links=\"\">Fonte: G1<\/p>\n<\/div>\n<\/div>\n<p style=\"text-align: justify;\">\n","protected":false},"excerpt":{"rendered":"<p>Jovem era passageiro de carro que se chocou contra um caminh\u00e3o canavieiro na rodovia que liga a cidade de Dois C\u00f3rregos a Ja\u00fa (SP). Motorista do carro ficou ferido. Um adolescente de 16 anos morreu ap\u00f3s se envolver em um grave acidente na Rodovia Deputado Amauri Barroso de Sousa (SP-304), em Dois C\u00f3rregos, na sexta-feira [&hellip;]<\/p>\n","protected":false},"author":1,"featured_media":26760,"comment_status":"closed","ping_status":"open","sticky":false,"template":"","format":"standard","meta":{"footnotes":""},"categories":[170,110],"tags":[],"class_list":["post-26759","post","type-post","status-publish","format-standard","has-post-thumbnail","hentry","category-acidentes","category-noticiasdestaque"],"_links":{"self":[{"href":"https:\/\/jorgezanoni.com.br\/2019\/wp-json\/wp\/v2\/posts\/26759","targetHints":{"allow":["GET"]}}],"collection":[{"href":"https:\/\/jorgezanoni.com.br\/2019\/wp-json\/wp\/v2\/posts"}],"about":[{"href":"https:\/\/jorgezanoni.com.br\/2019\/wp-json\/wp\/v2\/types\/post"}],"author":[{"embeddable":true,"href":"https:\/\/jorgezanoni.com.br\/2019\/wp-json\/wp\/v2\/users\/1"}],"replies":[{"embeddable":true,"href":"https:\/\/jorgezanoni.com.br\/2019\/wp-json\/wp\/v2\/comments?post=26759"}],"version-history":[{"count":0,"href":"https:\/\/jorgezanoni.com.br\/2019\/wp-json\/wp\/v2\/posts\/26759\/revisions"}],"wp:featuredmedia":[{"embeddable":true,"href":"https:\/\/jorgezanoni.com.br\/2019\/wp-json\/wp\/v2\/media\/26760"}],"wp:attachment":[{"href":"https:\/\/jorgezanoni.com.br\/2019\/wp-json\/wp\/v2\/media?parent=26759"}],"wp:term":[{"taxonomy":"category","embeddable":true,"href":"https:\/\/jorgezanoni.com.br\/2019\/wp-json\/wp\/v2\/categories?post=26759"},{"taxonomy":"post_tag","embeddable":true,"href":"https:\/\/jorgezanoni.com.br\/2019\/wp-json\/wp\/v2\/tags?post=26759"}],"curies":[{"name":"wp","href":"https:\/\/api.w.org\/{rel}","templated":true}]}}