{"id":26753,"date":"2020-05-23T19:49:10","date_gmt":"2020-05-23T19:49:10","guid":{"rendered":"https:\/\/jorgezanoni.com.br\/2019\/?p=26753"},"modified":"2020-05-23T19:49:10","modified_gmt":"2020-05-23T19:49:10","slug":"temporal-provoca-destelhamentos-de-residencias-e-estragos-em-pracinha","status":"publish","type":"post","link":"https:\/\/jorgezanoni.com.br\/2019\/temporal-provoca-destelhamentos-de-residencias-e-estragos-em-pracinha\/","title":{"rendered":"Temporal provoca destelhamentos de resid\u00eancias e estragos em Pracinha"},"content":{"rendered":"<h2 class=\"content-head__subtitle\" style=\"text-align: justify;\"><strong>De acordo com as informa\u00e7\u00f5es fornecidas pela Prefeitura, o volume de chuva chegou a 85 mil\u00edmetros e os danos foram agravados ainda por fortes ventos.<\/strong><\/h2>\n<div class=\"mc-column content-text active-extra-styles \" data-block-type=\"unstyled\" data-block-weight=\"20\" data-block-id=\"2\">\n<p class=\"content-text__container \" style=\"text-align: justify;\" data-track-category=\"Link no Texto\" data-track-links=\"\">O temporal que atingiu\u00a0<a href=\"https:\/\/g1.globo.com\/sp\/presidente-prudente-regiao\/cidade\/pracinha\/\">Pracinha (SP)<\/a>\u00a0na noite desta sexta-feira (22) provocou estragos em resid\u00eancias e preju\u00edzos \u00e0s fam\u00edlias afetadas.<\/p>\n<\/div>\n<div class=\"wall protected-content\">\n<div class=\"mc-column content-text active-extra-styles \" style=\"text-align: justify;\" data-block-type=\"unstyled\" data-block-weight=\"25\" data-block-id=\"3\">\n<p class=\"content-text__container \" data-track-category=\"Link no Texto\" data-track-links=\"\">De acordo com as informa\u00e7\u00f5es fornecidas pela Prefeitura, o volume de chuva chegou a 85 mil\u00edmetros e os danos foram agravados ainda por fortes ventos.<\/p>\n<\/div>\n<div class=\"mc-column content-text active-extra-styles \" style=\"text-align: justify;\" data-block-type=\"unstyled\" data-block-weight=\"10\" data-block-id=\"4\">\n<p class=\"content-text__container \" data-track-category=\"Link no Texto\" data-track-links=\"\">Ainda segundo a Prefeitura, oito casas foram atingidas e destelhadas.<\/p>\n<\/div>\n<div class=\"mc-column content-text active-extra-styles \" style=\"text-align: justify;\" data-block-type=\"unstyled\" data-block-weight=\"8\" data-block-id=\"5\">\n<p class=\"content-text__container \" data-track-category=\"Link no Texto\" data-track-links=\"\">Pelo menos tr\u00eas im\u00f3veis ficaram totalmente sem cobertura.<\/p>\n<\/div>\n<div class=\"mc-column content-text active-extra-styles \" style=\"text-align: justify;\" data-block-type=\"unstyled\" data-block-weight=\"10\" data-block-id=\"6\">\n<p class=\"content-text__container \" data-track-category=\"Link no Texto\" data-track-links=\"\">Funcion\u00e1rios da Prefeitura est\u00e3o trabalhando para ajudar as fam\u00edlias prejudicadas.<\/p>\n<\/div>\n<div class=\"row medium-uncollapsed content-media content-photo\" style=\"text-align: justify;\" data-block-type=\"backstage-photo\" data-block-id=\"7\">\n<div class=\"mc-column content-media__container\">\n<figure><img decoding=\"async\" class=\"i-amphtml-fill-content i-amphtml-replaced-content\" src=\"https:\/\/s2.glbimg.com\/Aznew0pjjr7YSaBXFdVwDyrCEhc=\/0x0:768x1024\/984x0\/smart\/filters:strip_icc()\/i.s3.glbimg.com\/v1\/AUTH_59edd422c0c84a879bd37670ae4f538a\/internal_photos\/bs\/2020\/U\/W\/zglPJGQcyj3LYbwAIHIA\/pracinha-2.jpeg\" sizes=\"(max-width: 1242px) 648px, 100vw\" srcset=\"https:\/\/s2.glbimg.com\/o1OMGpB0QdmfeGOhmtv6pR1CPC8=\/0x0:768x1024\/1000x0\/smart\/filters:strip_icc()\/i.s3.glbimg.com\/v1\/AUTH_59edd422c0c84a879bd37670ae4f538a\/internal_photos\/bs\/2020\/U\/W\/zglPJGQcyj3LYbwAIHIA\/pracinha-2.jpeg 1000w, https:\/\/s2.glbimg.com\/Aznew0pjjr7YSaBXFdVwDyrCEhc=\/0x0:768x1024\/984x0\/smart\/filters:strip_icc()\/i.s3.glbimg.com\/v1\/AUTH_59edd422c0c84a879bd37670ae4f538a\/internal_photos\/bs\/2020\/U\/W\/zglPJGQcyj3LYbwAIHIA\/pracinha-2.jpeg 984w, https:\/\/s2.glbimg.com\/PE44ja_z_Hnk4aDC4m1mgx0-mH0=\/0x0:768x1024\/640x0\/smart\/filters:strip_icc()\/i.s3.glbimg.com\/v1\/AUTH_59edd422c0c84a879bd37670ae4f538a\/internal_photos\/bs\/2020\/U\/W\/zglPJGQcyj3LYbwAIHIA\/pracinha-2.jpeg 640w, https:\/\/s2.glbimg.com\/VoFbHf0VI3U91IHPWgHi6-DLH7w=\/0x0:768x1024\/600x0\/smart\/filters:strip_icc()\/i.s3.glbimg.com\/v1\/AUTH_59edd422c0c84a879bd37670ae4f538a\/internal_photos\/bs\/2020\/U\/W\/zglPJGQcyj3LYbwAIHIA\/pracinha-2.jpeg 600w\" alt=\"Temporal destelhou resid\u00eancias em Pracinha \u2014 Foto: Prefeitura\" \/><\/figure>\n<p class=\"content-media__description \">Temporal destelhou resid\u00eancias em Pracinha \u2014 Foto: Prefeitura<\/p>\n<\/div>\n<\/div>\n<div class=\"row medium-uncollapsed content-media content-photo\" style=\"text-align: justify;\" data-block-type=\"backstage-photo\" data-block-id=\"8\">\n<div class=\"mc-column content-media__container\">\n<figure><img decoding=\"async\" class=\"i-amphtml-fill-content i-amphtml-replaced-content\" src=\"https:\/\/s2.glbimg.com\/IA9KlcwZQ2HBScSFnuSCRDNZqrA=\/0x0:1024x768\/984x0\/smart\/filters:strip_icc()\/i.s3.glbimg.com\/v1\/AUTH_59edd422c0c84a879bd37670ae4f538a\/internal_photos\/bs\/2020\/S\/o\/z2JQcgRYauKAJnoHGnBg\/pracinha-3.jpeg\" sizes=\"(max-width: 1242px) 648px, 100vw\" srcset=\"https:\/\/s2.glbimg.com\/UfdEIIdT4EXFDiAkelYOnI0JhzM=\/0x0:1024x768\/1000x0\/smart\/filters:strip_icc()\/i.s3.glbimg.com\/v1\/AUTH_59edd422c0c84a879bd37670ae4f538a\/internal_photos\/bs\/2020\/S\/o\/z2JQcgRYauKAJnoHGnBg\/pracinha-3.jpeg 1000w, https:\/\/s2.glbimg.com\/IA9KlcwZQ2HBScSFnuSCRDNZqrA=\/0x0:1024x768\/984x0\/smart\/filters:strip_icc()\/i.s3.glbimg.com\/v1\/AUTH_59edd422c0c84a879bd37670ae4f538a\/internal_photos\/bs\/2020\/S\/o\/z2JQcgRYauKAJnoHGnBg\/pracinha-3.jpeg 984w, https:\/\/s2.glbimg.com\/VibUmYWIFk7odoZaLQCRJ61TTtE=\/0x0:1024x768\/640x0\/smart\/filters:strip_icc()\/i.s3.glbimg.com\/v1\/AUTH_59edd422c0c84a879bd37670ae4f538a\/internal_photos\/bs\/2020\/S\/o\/z2JQcgRYauKAJnoHGnBg\/pracinha-3.jpeg 640w, https:\/\/s2.glbimg.com\/KCKakIwsgfjNU3IGbTlwuNJ9gOQ=\/0x0:1024x768\/600x0\/smart\/filters:strip_icc()\/i.s3.glbimg.com\/v1\/AUTH_59edd422c0c84a879bd37670ae4f538a\/internal_photos\/bs\/2020\/S\/o\/z2JQcgRYauKAJnoHGnBg\/pracinha-3.jpeg 600w\" alt=\"Temporal destelhou resid\u00eancias em Pracinha \u2014 Foto: Prefeitura\" \/><\/figure>\n<p class=\"content-media__description \">Temporal destelhou resid\u00eancias em Pracinha \u2014 Foto: Prefeitura<\/p>\n<\/div>\n<\/div>\n<div class=\"row medium-uncollapsed content-media content-photo\" style=\"text-align: justify;\" data-block-type=\"backstage-photo\" data-block-id=\"10\">\n<div class=\"mc-column content-media__container\">\n<figure><img decoding=\"async\" class=\"i-amphtml-fill-content i-amphtml-replaced-content\" src=\"https:\/\/s2.glbimg.com\/ScVe9atG9M7hVaak5G3nNN1hvcE=\/0x0:768x1024\/984x0\/smart\/filters:strip_icc()\/i.s3.glbimg.com\/v1\/AUTH_59edd422c0c84a879bd37670ae4f538a\/internal_photos\/bs\/2020\/A\/B\/drYtLSR7uTN4bsUZUbDw\/pracinha-4.jpeg\" sizes=\"(max-width: 1242px) 648px, 100vw\" srcset=\"https:\/\/s2.glbimg.com\/KfEaPfpc4dHFaCVzLb5ZS8jxb-w=\/0x0:768x1024\/1000x0\/smart\/filters:strip_icc()\/i.s3.glbimg.com\/v1\/AUTH_59edd422c0c84a879bd37670ae4f538a\/internal_photos\/bs\/2020\/A\/B\/drYtLSR7uTN4bsUZUbDw\/pracinha-4.jpeg 1000w, https:\/\/s2.glbimg.com\/ScVe9atG9M7hVaak5G3nNN1hvcE=\/0x0:768x1024\/984x0\/smart\/filters:strip_icc()\/i.s3.glbimg.com\/v1\/AUTH_59edd422c0c84a879bd37670ae4f538a\/internal_photos\/bs\/2020\/A\/B\/drYtLSR7uTN4bsUZUbDw\/pracinha-4.jpeg 984w, https:\/\/s2.glbimg.com\/5fxbsxguXpFpGTgEb6z9peQ8NCs=\/0x0:768x1024\/640x0\/smart\/filters:strip_icc()\/i.s3.glbimg.com\/v1\/AUTH_59edd422c0c84a879bd37670ae4f538a\/internal_photos\/bs\/2020\/A\/B\/drYtLSR7uTN4bsUZUbDw\/pracinha-4.jpeg 640w, https:\/\/s2.glbimg.com\/SilmBdkc157DiNVeuadoSauLvz4=\/0x0:768x1024\/600x0\/smart\/filters:strip_icc()\/i.s3.glbimg.com\/v1\/AUTH_59edd422c0c84a879bd37670ae4f538a\/internal_photos\/bs\/2020\/A\/B\/drYtLSR7uTN4bsUZUbDw\/pracinha-4.jpeg 600w\" alt=\"Temporal destelhou resid\u00eancias em Pracinha \u2014 Foto: Prefeitura\" \/><\/figure>\n<p class=\"content-media__description \">Temporal destelhou resid\u00eancias em Pracinha \u2014 Foto: Prefeitura<\/p>\n<\/div>\n<\/div>\n<div class=\"row medium-uncollapsed content-media content-photo\" data-block-type=\"backstage-photo\" data-block-id=\"11\">\n<div class=\"mc-column content-media__container\">\n<figure style=\"text-align: justify;\"><img decoding=\"async\" class=\"i-amphtml-fill-content i-amphtml-replaced-content\" src=\"https:\/\/s2.glbimg.com\/aBX8Om3EAQJPcwsaUvqQL109O7E=\/0x0:768x1024\/984x0\/smart\/filters:strip_icc()\/i.s3.glbimg.com\/v1\/AUTH_59edd422c0c84a879bd37670ae4f538a\/internal_photos\/bs\/2020\/w\/4\/tXWqZiRHKrjNNg6cAESw\/pracinha-5.jpeg\" sizes=\"(max-width: 1242px) 648px, 100vw\" srcset=\"https:\/\/s2.glbimg.com\/6XtobmVTK4jtaDkkTmpOMeDr_yU=\/0x0:768x1024\/1000x0\/smart\/filters:strip_icc()\/i.s3.glbimg.com\/v1\/AUTH_59edd422c0c84a879bd37670ae4f538a\/internal_photos\/bs\/2020\/w\/4\/tXWqZiRHKrjNNg6cAESw\/pracinha-5.jpeg 1000w, https:\/\/s2.glbimg.com\/aBX8Om3EAQJPcwsaUvqQL109O7E=\/0x0:768x1024\/984x0\/smart\/filters:strip_icc()\/i.s3.glbimg.com\/v1\/AUTH_59edd422c0c84a879bd37670ae4f538a\/internal_photos\/bs\/2020\/w\/4\/tXWqZiRHKrjNNg6cAESw\/pracinha-5.jpeg 984w, https:\/\/s2.glbimg.com\/nIPfuDXP9_T1dbuFORA3RvfJzMo=\/0x0:768x1024\/640x0\/smart\/filters:strip_icc()\/i.s3.glbimg.com\/v1\/AUTH_59edd422c0c84a879bd37670ae4f538a\/internal_photos\/bs\/2020\/w\/4\/tXWqZiRHKrjNNg6cAESw\/pracinha-5.jpeg 640w, https:\/\/s2.glbimg.com\/05r0360bn-e_d904qxTXXafNnt8=\/0x0:768x1024\/600x0\/smart\/filters:strip_icc()\/i.s3.glbimg.com\/v1\/AUTH_59edd422c0c84a879bd37670ae4f538a\/internal_photos\/bs\/2020\/w\/4\/tXWqZiRHKrjNNg6cAESw\/pracinha-5.jpeg 600w\" alt=\"Temporal destelhou resid\u00eancias em Pracinha \u2014 Foto: Prefeitura\" \/><\/figure>\n<p class=\"content-media__description \" style=\"text-align: justify;\">Temporal destelhou resid\u00eancias em Pracinha \u2014 Foto: Prefeitura<\/p>\n<p>Fonte: G1<\/p>\n<\/div>\n<\/div>\n<\/div>\n","protected":false},"excerpt":{"rendered":"<p>De acordo com as informa\u00e7\u00f5es fornecidas pela Prefeitura, o volume de chuva chegou a 85 mil\u00edmetros e os danos foram agravados ainda por fortes ventos. O temporal que atingiu\u00a0Pracinha (SP)\u00a0na noite desta sexta-feira (22) provocou estragos em resid\u00eancias e preju\u00edzos \u00e0s fam\u00edlias afetadas. De acordo com as informa\u00e7\u00f5es fornecidas pela Prefeitura, o volume de chuva [&hellip;]<\/p>\n","protected":false},"author":1,"featured_media":26754,"comment_status":"closed","ping_status":"open","sticky":false,"template":"","format":"standard","meta":{"footnotes":""},"categories":[114,110],"tags":[],"class_list":["post-26753","post","type-post","status-publish","format-standard","has-post-thumbnail","hentry","category-geralecomercio","category-noticiasdestaque"],"_links":{"self":[{"href":"https:\/\/jorgezanoni.com.br\/2019\/wp-json\/wp\/v2\/posts\/26753","targetHints":{"allow":["GET"]}}],"collection":[{"href":"https:\/\/jorgezanoni.com.br\/2019\/wp-json\/wp\/v2\/posts"}],"about":[{"href":"https:\/\/jorgezanoni.com.br\/2019\/wp-json\/wp\/v2\/types\/post"}],"author":[{"embeddable":true,"href":"https:\/\/jorgezanoni.com.br\/2019\/wp-json\/wp\/v2\/users\/1"}],"replies":[{"embeddable":true,"href":"https:\/\/jorgezanoni.com.br\/2019\/wp-json\/wp\/v2\/comments?post=26753"}],"version-history":[{"count":0,"href":"https:\/\/jorgezanoni.com.br\/2019\/wp-json\/wp\/v2\/posts\/26753\/revisions"}],"wp:featuredmedia":[{"embeddable":true,"href":"https:\/\/jorgezanoni.com.br\/2019\/wp-json\/wp\/v2\/media\/26754"}],"wp:attachment":[{"href":"https:\/\/jorgezanoni.com.br\/2019\/wp-json\/wp\/v2\/media?parent=26753"}],"wp:term":[{"taxonomy":"category","embeddable":true,"href":"https:\/\/jorgezanoni.com.br\/2019\/wp-json\/wp\/v2\/categories?post=26753"},{"taxonomy":"post_tag","embeddable":true,"href":"https:\/\/jorgezanoni.com.br\/2019\/wp-json\/wp\/v2\/tags?post=26753"}],"curies":[{"name":"wp","href":"https:\/\/api.w.org\/{rel}","templated":true}]}}