{"id":26705,"date":"2020-05-23T14:24:45","date_gmt":"2020-05-23T14:24:45","guid":{"rendered":"https:\/\/jorgezanoni.com.br\/2019\/?p=26705"},"modified":"2020-05-23T14:25:21","modified_gmt":"2020-05-23T14:25:21","slug":"madrugada-com-baixa-temperatura-registra-geada-em-dracena","status":"publish","type":"post","link":"https:\/\/jorgezanoni.com.br\/2019\/madrugada-com-baixa-temperatura-registra-geada-em-dracena\/","title":{"rendered":"Madrugada com baixa temperatura registra Geada em Dracena"},"content":{"rendered":"<p style=\"text-align: justify;\">Foram registradas imagens por Internauta de Geada em Dracena, mais precisamente nas baixadas pr\u00f3ximo ao Distrito de Jamaica.<\/p>\n<p>Jorge Zanoni<\/p>\n<div style=\"width: 640px;\" class=\"wp-video\"><video class=\"wp-video-shortcode\" id=\"video-26705-1\" width=\"640\" height=\"352\" preload=\"metadata\" controls=\"controls\"><source type=\"video\/mp4\" src=\"https:\/\/jorgezanoni.com.br\/2019\/wp-content\/uploads\/2020\/05\/WhatsApp-Video-2020-05-23-at-08.35.00.mp4?_=1\" \/><a href=\"https:\/\/jorgezanoni.com.br\/2019\/wp-content\/uploads\/2020\/05\/WhatsApp-Video-2020-05-23-at-08.35.00.mp4\">https:\/\/jorgezanoni.com.br\/2019\/wp-content\/uploads\/2020\/05\/WhatsApp-Video-2020-05-23-at-08.35.00.mp4<\/a><\/video><\/div>\n<p><img loading=\"lazy\" decoding=\"async\" class=\"alignnone size-full wp-image-26707\" src=\"https:\/\/jorgezanoni.com.br\/2019\/wp-content\/uploads\/2020\/05\/eada1.jpg\" alt=\"\" width=\"960\" height=\"1280\" srcset=\"https:\/\/jorgezanoni.com.br\/2019\/wp-content\/uploads\/2020\/05\/eada1.jpg 960w, https:\/\/jorgezanoni.com.br\/2019\/wp-content\/uploads\/2020\/05\/eada1-225x300.jpg 225w, https:\/\/jorgezanoni.com.br\/2019\/wp-content\/uploads\/2020\/05\/eada1-768x1024.jpg 768w, https:\/\/jorgezanoni.com.br\/2019\/wp-content\/uploads\/2020\/05\/eada1-696x928.jpg 696w, https:\/\/jorgezanoni.com.br\/2019\/wp-content\/uploads\/2020\/05\/eada1-315x420.jpg 315w\" sizes=\"auto, (max-width: 960px) 100vw, 960px\" \/>V\u00eddeo e Fotos M\u00e1rcio Packer<\/p>\n<p style=\"text-align: justify;\"><b>Geada<\/b>\u00a0\u00e9 a forma\u00e7\u00e3o de uma camada de cristais de gelo na superf\u00edcie ou na folhagem exposta devido \u00e0 queda de temperatura. A principal causa da forma\u00e7\u00e3o de\u00a0<b>geada<\/b>\u00a0\u00e9 a advec\u00e7\u00e3o de massa de ar polar.<\/p>\n<p style=\"text-align: justify;\">A geada \u00e9 produzida quando a superf\u00edcie terrestre perde muita energia para o espa\u00e7o devido \u00e0 aus\u00eancia de nuvens; devido a isso a camada da atmosfera que est\u00e1 em contato com a superf\u00edcie e possui alguma umidade,\u00a0<a title=\"Condensa\u00e7\u00e3o\" href=\"https:\/\/pt.wikipedia.org\/wiki\/Condensa%C3%A7%C3%A3o\">condensa<\/a>\u00a0sobre o solo com o gradual arrefecimento ou diminui\u00e7\u00e3o da temperatura (ver &#8220;<a title=\"Ponto de orvalho\" href=\"https:\/\/pt.wikipedia.org\/wiki\/Ponto_de_orvalho\">Ponto de orvalho<\/a>&#8220;) e congela quando a temperatura desce abaixo dos 0\u00b0C.<sup id=\"cite_ref-1\" class=\"reference\"><a href=\"https:\/\/pt.wikipedia.org\/wiki\/Geada#cite_note-1\">[1]<\/a><\/sup><\/p>\n<p style=\"text-align: justify;\">Tamb\u00e9m ocorre geada quando a \u00e1gua existente no ar\u00a0<a title=\"Sublima\u00e7\u00e3o\" href=\"https:\/\/pt.wikipedia.org\/wiki\/Sublima%C3%A7%C3%A3o\">sublima<\/a>\u00a0(passa do estado gasoso direto para o estado s\u00f3lido, sem passar pelo l\u00edquido).<sup id=\"cite_ref-2\" class=\"reference\"><\/sup><\/p>\n<h3 style=\"text-align: justify;\"><span id=\"Geada_branca\" class=\"mw-headline\">Geada branca<\/span><\/h3>\n<p style=\"text-align: justify;\">A\u00a0<b>geada branca<\/b>\u00a0ou\u00a0<b>escarcha<\/b>\u00a0\u00e9 um dep\u00f3sito de\u00a0<a title=\"Gelo\" href=\"https:\/\/pt.wikipedia.org\/wiki\/Gelo\">gelo<\/a>\u00a0de apar\u00eancia cristalina, geralmente com forma de\u00a0<a title=\"Escama\" href=\"https:\/\/pt.wikipedia.org\/wiki\/Escama\">escamas<\/a>,\u00a0<a title=\"Agulha\" href=\"https:\/\/pt.wikipedia.org\/wiki\/Agulha\">agulhas<\/a>,\u00a0<a title=\"Pena\" href=\"https:\/\/pt.wikipedia.org\/wiki\/Pena\">penas<\/a>\u00a0ou\u00a0<a title=\"Leque\" href=\"https:\/\/pt.wikipedia.org\/wiki\/Leque\">leques<\/a>. Este fen\u00f4meno ocorre em noites muito frias, com temperatura na relva inferior a 0\u00a0\u00b0C e temperatura do ar inferior a 5\u00a0\u00b0C, com c\u00e9u limpo e umidade relativa do ar elevada, de 100% (com a temperatura ambiente atingindo o ponto de orvalho), formado diretamente por\u00a0<a title=\"Sublima\u00e7\u00e3o\" href=\"https:\/\/pt.wikipedia.org\/wiki\/Sublima%C3%A7%C3%A3o\">sublima\u00e7\u00e3o<\/a>\u00a0do\u00a0<a class=\"mw-redirect\" title=\"Vapor d'\u00e1gua\" href=\"https:\/\/pt.wikipedia.org\/wiki\/Vapor_d%27%C3%A1gua\">vapor d&#8217;\u00e1gua<\/a>.<\/p>\n<h3 style=\"text-align: justify;\"><span id=\"Geada_negra\" class=\"mw-headline\">Geada negra<\/span><\/h3>\n<p style=\"text-align: justify;\">A\u00a0<b>geada negra<\/b>\u00a0n\u00e3o \u00e9 em sentido estrito uma\u00a0<i>geada<\/i>\u00a0(resultante do congelamento do\u00a0<a title=\"Orvalho\" href=\"https:\/\/pt.wikipedia.org\/wiki\/Orvalho\">orvalho<\/a>\u00a0ou da umidade do ar) mas sim uma condi\u00e7\u00e3o atmosf\u00e9rica que provoca o congelamento da parte interna da planta (da\u00a0<a title=\"Seiva\" href=\"https:\/\/pt.wikipedia.org\/wiki\/Seiva\">seiva<\/a>); devido ao frio intenso, a planta fica escura, queimada e morre. As condi\u00e7\u00f5es para a forma\u00e7\u00e3o deste fen\u00f3meno ocorrem quando o ar \u00e9 extremamente frio e tamb\u00e9m extremamente seco e o vento tem uma intensidade de moderada a forte.<sup id=\"cite_ref-3\" class=\"reference\"><a href=\"https:\/\/pt.wikipedia.org\/wiki\/Geada#cite_note-3\">[3]<\/a><\/sup><sup id=\"cite_ref-4\" class=\"reference\"><a href=\"https:\/\/pt.wikipedia.org\/wiki\/Geada#cite_note-4\">[4]<\/a><\/sup><sup id=\"cite_ref-5\" class=\"reference\"><a href=\"https:\/\/pt.wikipedia.org\/wiki\/Geada#cite_note-5\">[5]<\/a><\/sup><\/p>\n<h4 style=\"text-align: justify;\"><span id=\"Ocorr\u00eancias_no_Brasil\" class=\"mw-headline\">Ocorr\u00eancias no Brasil<\/span><\/h4>\n<p style=\"text-align: justify;\">A Geada Negra de\u00a0<a title=\"1975\" href=\"https:\/\/pt.wikipedia.org\/wiki\/1975\">1975<\/a>\u00a0foi um\u00a0<a class=\"mw-redirect\" title=\"Fen\u00f4meno clim\u00e1tico\" href=\"https:\/\/pt.wikipedia.org\/wiki\/Fen%C3%B4meno_clim%C3%A1tico\">fen\u00f4meno clim\u00e1tico<\/a>\u00a0que ocorreu no\u00a0<a class=\"mw-redirect\" title=\"Mesorregi\u00e3o do Norte Pioneiro Paranaense\" href=\"https:\/\/pt.wikipedia.org\/wiki\/Mesorregi%C3%A3o_do_Norte_Pioneiro_Paranaense\">Norte Pioneiro<\/a>\u00a0do estado\u00a0<a title=\"Brasil\" href=\"https:\/\/pt.wikipedia.org\/wiki\/Brasil\">brasileiro<\/a>\u00a0do\u00a0<a title=\"Paran\u00e1\" href=\"https:\/\/pt.wikipedia.org\/wiki\/Paran%C3%A1\">Paran\u00e1<\/a>\u00a0na madrugada de\u00a0<a title=\"18 de julho\" href=\"https:\/\/pt.wikipedia.org\/wiki\/18_de_julho\">18 de julho<\/a>\u00a0daquele ano. As consequ\u00eancias para a economia do estado foram devastadores, pois dizimou a principal riqueza da regi\u00e3o: a produ\u00e7\u00e3o cafeeira.<sup id=\"cite_ref-6\" class=\"reference\"><a href=\"https:\/\/pt.wikipedia.org\/wiki\/Geada#cite_note-6\">[6]<\/a><\/sup><sup id=\"cite_ref-7\" class=\"reference\"><a href=\"https:\/\/pt.wikipedia.org\/wiki\/Geada#cite_note-7\">[7]<\/a><\/sup><\/p>\n<p style=\"text-align: justify;\">O fen\u00f4meno meteorol\u00f3gico da baixa temperatura cobriu quase todo o territ\u00f3rio paranaense, inclusive a capital,\u00a0<a title=\"Curitiba\" href=\"https:\/\/pt.wikipedia.org\/wiki\/Curitiba\">Curitiba<\/a>, fato conhecido como\u00a0<a title=\"Nevada em Curitiba em 1975\" href=\"https:\/\/pt.wikipedia.org\/wiki\/Nevada_em_Curitiba_em_1975\">a nevada de 1975.<\/a><sup id=\"cite_ref-8\" class=\"reference\"><\/sup><\/p>\n<p>Fonte: https:\/\/pt.wikipedia.org\/wiki\/Geada<\/p>\n","protected":false},"excerpt":{"rendered":"<p>Foram registradas imagens por Internauta de Geada em Dracena, mais precisamente nas baixadas pr\u00f3ximo ao Distrito de Jamaica. Jorge Zanoni V\u00eddeo e Fotos M\u00e1rcio Packer Geada\u00a0\u00e9 a forma\u00e7\u00e3o de uma camada de cristais de gelo na superf\u00edcie ou na folhagem exposta devido \u00e0 queda de temperatura. A principal causa da forma\u00e7\u00e3o de\u00a0geada\u00a0\u00e9 a advec\u00e7\u00e3o de [&hellip;]<\/p>\n","protected":false},"author":1,"featured_media":26708,"comment_status":"closed","ping_status":"open","sticky":false,"template":"","format":"video","meta":{"footnotes":""},"categories":[110,169],"tags":[],"class_list":["post-26705","post","type-post","status-publish","format-video","has-post-thumbnail","hentry","category-noticiasdestaque","category-videos","post_format-post-format-video"],"_links":{"self":[{"href":"https:\/\/jorgezanoni.com.br\/2019\/wp-json\/wp\/v2\/posts\/26705","targetHints":{"allow":["GET"]}}],"collection":[{"href":"https:\/\/jorgezanoni.com.br\/2019\/wp-json\/wp\/v2\/posts"}],"about":[{"href":"https:\/\/jorgezanoni.com.br\/2019\/wp-json\/wp\/v2\/types\/post"}],"author":[{"embeddable":true,"href":"https:\/\/jorgezanoni.com.br\/2019\/wp-json\/wp\/v2\/users\/1"}],"replies":[{"embeddable":true,"href":"https:\/\/jorgezanoni.com.br\/2019\/wp-json\/wp\/v2\/comments?post=26705"}],"version-history":[{"count":0,"href":"https:\/\/jorgezanoni.com.br\/2019\/wp-json\/wp\/v2\/posts\/26705\/revisions"}],"wp:featuredmedia":[{"embeddable":true,"href":"https:\/\/jorgezanoni.com.br\/2019\/wp-json\/wp\/v2\/media\/26708"}],"wp:attachment":[{"href":"https:\/\/jorgezanoni.com.br\/2019\/wp-json\/wp\/v2\/media?parent=26705"}],"wp:term":[{"taxonomy":"category","embeddable":true,"href":"https:\/\/jorgezanoni.com.br\/2019\/wp-json\/wp\/v2\/categories?post=26705"},{"taxonomy":"post_tag","embeddable":true,"href":"https:\/\/jorgezanoni.com.br\/2019\/wp-json\/wp\/v2\/tags?post=26705"}],"curies":[{"name":"wp","href":"https:\/\/api.w.org\/{rel}","templated":true}]}}