{"id":26669,"date":"2020-05-23T12:43:57","date_gmt":"2020-05-23T12:43:57","guid":{"rendered":"https:\/\/jorgezanoni.com.br\/2019\/?p=26669"},"modified":"2020-05-23T12:43:57","modified_gmt":"2020-05-23T12:43:57","slug":"mulher-fica-em-estado-grave-apos-capotar-e-ser-arremessada-para-fora-do-veiculo","status":"publish","type":"post","link":"https:\/\/jorgezanoni.com.br\/2019\/mulher-fica-em-estado-grave-apos-capotar-e-ser-arremessada-para-fora-do-veiculo\/","title":{"rendered":"Mulher fica em estado grave ap\u00f3s capotar e ser arremessada para fora do ve\u00edculo"},"content":{"rendered":"<p style=\"text-align: justify;\">Uma mulher ficou gravemente ferida ap\u00f3s capotar um Nissan Versa com placas de Adamantina na vicinal que liga Adamantina a Mari\u00e1polis por volta das 0h deste s\u00e1bado (23).<\/p>\n<p style=\"text-align: justify;\">Segundo a Pol\u00edcia Militar Rodovi\u00e1ria, por motivos desconhecidos, ocorreu o capotamento que arremessou a v\u00edtima para fora do ve\u00edculo.<\/p>\n<p style=\"text-align: justify;\">Ela foi socorrida pelo Corpo de Bombeiros e levada para o Pronto Socorro de Adamantina.<\/p>\n<p style=\"text-align: justify;\">As causas do acidente ser\u00e3o investigadas.<\/p>\n<p style=\"text-align: justify;\">Fonte: adamantinanet.com.br<\/p>\n","protected":false},"excerpt":{"rendered":"<p>Uma mulher ficou gravemente ferida ap\u00f3s capotar um Nissan Versa com placas de Adamantina na vicinal que liga Adamantina a Mari\u00e1polis por volta das 0h deste s\u00e1bado (23). Segundo a Pol\u00edcia Militar Rodovi\u00e1ria, por motivos desconhecidos, ocorreu o capotamento que arremessou a v\u00edtima para fora do ve\u00edculo. Ela foi socorrida pelo Corpo de Bombeiros e [&hellip;]<\/p>\n","protected":false},"author":1,"featured_media":26670,"comment_status":"closed","ping_status":"open","sticky":false,"template":"","format":"standard","meta":{"footnotes":""},"categories":[170,110],"tags":[],"class_list":["post-26669","post","type-post","status-publish","format-standard","has-post-thumbnail","hentry","category-acidentes","category-noticiasdestaque"],"_links":{"self":[{"href":"https:\/\/jorgezanoni.com.br\/2019\/wp-json\/wp\/v2\/posts\/26669","targetHints":{"allow":["GET"]}}],"collection":[{"href":"https:\/\/jorgezanoni.com.br\/2019\/wp-json\/wp\/v2\/posts"}],"about":[{"href":"https:\/\/jorgezanoni.com.br\/2019\/wp-json\/wp\/v2\/types\/post"}],"author":[{"embeddable":true,"href":"https:\/\/jorgezanoni.com.br\/2019\/wp-json\/wp\/v2\/users\/1"}],"replies":[{"embeddable":true,"href":"https:\/\/jorgezanoni.com.br\/2019\/wp-json\/wp\/v2\/comments?post=26669"}],"version-history":[{"count":0,"href":"https:\/\/jorgezanoni.com.br\/2019\/wp-json\/wp\/v2\/posts\/26669\/revisions"}],"wp:featuredmedia":[{"embeddable":true,"href":"https:\/\/jorgezanoni.com.br\/2019\/wp-json\/wp\/v2\/media\/26670"}],"wp:attachment":[{"href":"https:\/\/jorgezanoni.com.br\/2019\/wp-json\/wp\/v2\/media?parent=26669"}],"wp:term":[{"taxonomy":"category","embeddable":true,"href":"https:\/\/jorgezanoni.com.br\/2019\/wp-json\/wp\/v2\/categories?post=26669"},{"taxonomy":"post_tag","embeddable":true,"href":"https:\/\/jorgezanoni.com.br\/2019\/wp-json\/wp\/v2\/tags?post=26669"}],"curies":[{"name":"wp","href":"https:\/\/api.w.org\/{rel}","templated":true}]}}