{"id":26664,"date":"2020-05-23T12:35:12","date_gmt":"2020-05-23T12:35:12","guid":{"rendered":"https:\/\/jorgezanoni.com.br\/2019\/?p=26664"},"modified":"2020-05-23T12:35:12","modified_gmt":"2020-05-23T12:35:12","slug":"jovem-de-22-morre-apos-capotamento-na-vicinal-adamantina-a-mariapolis","status":"publish","type":"post","link":"https:\/\/jorgezanoni.com.br\/2019\/jovem-de-22-morre-apos-capotamento-na-vicinal-adamantina-a-mariapolis\/","title":{"rendered":"Jovem de 22 morre ap\u00f3s capotamento na vicinal Adamantina a Mari\u00e1polis"},"content":{"rendered":"<h1 class=\"mvp-post-title left entry-title\">Adamantinense morre ap\u00f3s capotar camionete e ficar preso nas ferragens.<\/h1>\n<p><img loading=\"lazy\" decoding=\"async\" class=\"alignnone size-full wp-image-26665\" src=\"https:\/\/jorgezanoni.com.br\/2019\/wp-content\/uploads\/2020\/05\/cap-adamantina.jpg\" alt=\"\" width=\"738\" height=\"800\" srcset=\"https:\/\/jorgezanoni.com.br\/2019\/wp-content\/uploads\/2020\/05\/cap-adamantina.jpg 738w, https:\/\/jorgezanoni.com.br\/2019\/wp-content\/uploads\/2020\/05\/cap-adamantina-277x300.jpg 277w, https:\/\/jorgezanoni.com.br\/2019\/wp-content\/uploads\/2020\/05\/cap-adamantina-696x754.jpg 696w, https:\/\/jorgezanoni.com.br\/2019\/wp-content\/uploads\/2020\/05\/cap-adamantina-387x420.jpg 387w\" sizes=\"auto, (max-width: 738px) 100vw, 738px\" \/><\/p>\n<p style=\"text-align: justify;\">O adamantinense Daniel Henrique dos Santos Jaci \u2013 \u201cMangaia\u201d, 22 anos de idade, morreu em decorr\u00eancia de um grave capotamento ocorrido na noite desta sexta-feira (22), na vicinal Adamantina\/Mari\u00e1polis.<\/p>\n<p><img loading=\"lazy\" decoding=\"async\" class=\"alignnone size-full wp-image-26666\" src=\"https:\/\/jorgezanoni.com.br\/2019\/wp-content\/uploads\/2020\/05\/adamantina-2-1.jpg\" alt=\"\" width=\"508\" height=\"465\" srcset=\"https:\/\/jorgezanoni.com.br\/2019\/wp-content\/uploads\/2020\/05\/adamantina-2-1.jpg 508w, https:\/\/jorgezanoni.com.br\/2019\/wp-content\/uploads\/2020\/05\/adamantina-2-1-300x275.jpg 300w, https:\/\/jorgezanoni.com.br\/2019\/wp-content\/uploads\/2020\/05\/adamantina-2-1-459x420.jpg 459w\" sizes=\"auto, (max-width: 508px) 100vw, 508px\" \/><\/p>\n<p style=\"text-align: justify;\">De acordo com informa\u00e7\u00f5es do policiamento rodovi\u00e1rio, ele seguia pela vicinal com uma camionete GM\/S10 pela via quando ao atingir o km 15, j\u00e1 no limite de Mari\u00e1polis ocorreu o acidente.<\/p>\n<p style=\"text-align: justify;\">Ap\u00f3s capotar, a camionete parou com as rodas para o ar com o motorista preso nas ferragens.<\/p>\n<p style=\"text-align: justify;\">Ele chegou \u00e1 ser socorrido pelo Corpo de Bombeiros, por\u00e9m, n\u00e3o resistiu aos ferimentos e acabou falecendo.<\/p>\n<p style=\"text-align: justify;\">Al\u00e9m da Pol\u00edcia Rodovi\u00e1ria e Bombeiros, tamb\u00e9m aturam nesta ocorr\u00eancia a Pol\u00edcia Militar, Pol\u00edcia Cient\u00edfica e a Pol\u00edcia Civil.<\/p>\n<p style=\"text-align: justify;\">A ocorr\u00eancia mobilizou equipes da Pol\u00edcia Militar Rodovi\u00e1ria, policiamento territorial da PM, Corpo de Bombeiros, Pol\u00edcia Cient\u00edfica e Instituto M\u00e9dico Legal (IML) e profissionais da Unidade B\u00e1sica de Atendimento do DER.<\/p>\n<p style=\"text-align: justify;\">O caso ser\u00e1 investigado pela Pol\u00edcia Civil.<\/p>\n<p>Fonte: adamantinanet.com.br<\/p>\n","protected":false},"excerpt":{"rendered":"<p>Adamantinense morre ap\u00f3s capotar camionete e ficar preso nas ferragens. O adamantinense Daniel Henrique dos Santos Jaci \u2013 \u201cMangaia\u201d, 22 anos de idade, morreu em decorr\u00eancia de um grave capotamento ocorrido na noite desta sexta-feira (22), na vicinal Adamantina\/Mari\u00e1polis. De acordo com informa\u00e7\u00f5es do policiamento rodovi\u00e1rio, ele seguia pela vicinal com uma camionete GM\/S10 pela [&hellip;]<\/p>\n","protected":false},"author":1,"featured_media":26667,"comment_status":"closed","ping_status":"open","sticky":false,"template":"","format":"standard","meta":{"footnotes":""},"categories":[170,110],"tags":[],"class_list":["post-26664","post","type-post","status-publish","format-standard","has-post-thumbnail","hentry","category-acidentes","category-noticiasdestaque"],"_links":{"self":[{"href":"https:\/\/jorgezanoni.com.br\/2019\/wp-json\/wp\/v2\/posts\/26664","targetHints":{"allow":["GET"]}}],"collection":[{"href":"https:\/\/jorgezanoni.com.br\/2019\/wp-json\/wp\/v2\/posts"}],"about":[{"href":"https:\/\/jorgezanoni.com.br\/2019\/wp-json\/wp\/v2\/types\/post"}],"author":[{"embeddable":true,"href":"https:\/\/jorgezanoni.com.br\/2019\/wp-json\/wp\/v2\/users\/1"}],"replies":[{"embeddable":true,"href":"https:\/\/jorgezanoni.com.br\/2019\/wp-json\/wp\/v2\/comments?post=26664"}],"version-history":[{"count":0,"href":"https:\/\/jorgezanoni.com.br\/2019\/wp-json\/wp\/v2\/posts\/26664\/revisions"}],"wp:featuredmedia":[{"embeddable":true,"href":"https:\/\/jorgezanoni.com.br\/2019\/wp-json\/wp\/v2\/media\/26667"}],"wp:attachment":[{"href":"https:\/\/jorgezanoni.com.br\/2019\/wp-json\/wp\/v2\/media?parent=26664"}],"wp:term":[{"taxonomy":"category","embeddable":true,"href":"https:\/\/jorgezanoni.com.br\/2019\/wp-json\/wp\/v2\/categories?post=26664"},{"taxonomy":"post_tag","embeddable":true,"href":"https:\/\/jorgezanoni.com.br\/2019\/wp-json\/wp\/v2\/tags?post=26664"}],"curies":[{"name":"wp","href":"https:\/\/api.w.org\/{rel}","templated":true}]}}