{"id":26653,"date":"2020-05-23T01:30:08","date_gmt":"2020-05-23T01:30:08","guid":{"rendered":"https:\/\/jorgezanoni.com.br\/2019\/?p=26653"},"modified":"2020-05-23T01:30:08","modified_gmt":"2020-05-23T01:30:08","slug":"plano-regional-propoe-retomada-de-atividades-economicas-a-partir-do-dia-1o-de-junho-no-oeste-paulista-em-3-fases-escalonadas","status":"publish","type":"post","link":"https:\/\/jorgezanoni.com.br\/2019\/plano-regional-propoe-retomada-de-atividades-economicas-a-partir-do-dia-1o-de-junho-no-oeste-paulista-em-3-fases-escalonadas\/","title":{"rendered":"Plano regional prop\u00f5e retomada de atividades econ\u00f4micas a partir do dia 1\u00ba de junho no Oeste Paulista em 3 fases escalonadas"},"content":{"rendered":"<h2 class=\"content-head__subtitle\" style=\"text-align: justify;\"><strong>Esbo\u00e7o da regi\u00e3o de Presidente Prudente foi encaminhado nesta sexta-feira (22) ao governo do Estado de S\u00e3o Paulo.<\/strong><\/h2>\n<div class=\"mc-column content-text active-extra-styles \" data-block-type=\"unstyled\" data-block-weight=\"52\" data-block-id=\"2\"><\/div>\n<div class=\"wall protected-content\">\n<div class=\"mc-column content-text active-extra-styles \" data-block-type=\"unstyled\" data-block-weight=\"72\" data-block-id=\"27\">\n<div class=\"mc-column content-text active-extra-styles \" data-block-type=\"unstyled\" data-block-weight=\"52\" data-block-id=\"2\">\n<p class=\"content-text__container \" style=\"text-align: justify;\" data-track-category=\"Link no Texto\" data-track-links=\"\">O prefeito de\u00a0<a href=\"https:\/\/g1.globo.com\/sp\/presidente-prudente-regiao\/cidade\/presidente-prudente\/\">Presidente Prudente<\/a>, Nelson Roberto Bugalho (PSDB), apresentou nesta sexta-feira (22) ao Conselho Municipalista, \u00f3rg\u00e3o criado pelo governo do Estado de S\u00e3o Paulo, o Desenvolve Oeste \u2013 Plano Regional para Retomada das Atividades Econ\u00f4micas na 10\u00aa Regi\u00e3o Administrativa, que engloba 53 munic\u00edpios da Alta Sorocabana e da Nova Alta Paulista.<\/p>\n<\/div>\n<div class=\"wall protected-content\">\n<div class=\"mc-column content-text active-extra-styles \" style=\"text-align: justify;\" data-block-type=\"unstyled\" data-block-weight=\"7\" data-block-id=\"3\">\n<p class=\"content-text__container \" data-track-category=\"Link no Texto\" data-track-links=\"\">O documento na\u00a0<a href=\"http:\/\/www.presidenteprudente.sp.gov.br\/site\/Documento.do?cod=53979\" target=\"_blank\" rel=\"noopener noreferrer\">\u00edntegra est\u00e1 dispon\u00edvel aqui<\/a>.<\/p>\n<\/div>\n<div class=\"mc-column content-text active-extra-styles \" style=\"text-align: justify;\" data-block-type=\"unstyled\" data-block-weight=\"49\" data-block-id=\"4\">\n<p class=\"content-text__container \" data-track-category=\"Link no Texto\" data-track-links=\"\">O plano, apresentado em videoconfer\u00eancia nesta sexta-feira (22\/05), prev\u00ea a retomada das atividades econ\u00f4micas a partir de 1\u00ba de junho, dividida por tr\u00eas fases, sendo a implanta\u00e7\u00e3o de cada uma a cada 14 dias. Com isso, a previs\u00e3o \u00e9 de que em 42 dias os servi\u00e7os sejam liberados gradativamente.<\/p>\n<\/div>\n<div class=\"mc-column content-text active-extra-styles \" style=\"text-align: justify;\" data-block-type=\"unstyled\" data-block-weight=\"47\" data-block-id=\"5\">\n<p class=\"content-text__container \" data-track-category=\"Link no Texto\" data-track-links=\"\">Desde a segunda quinzena de mar\u00e7o, as atividades econ\u00f4micas est\u00e3o parcialmente paralisadas no Oeste Paulista em decorr\u00eancia do per\u00edodo de quarentena determinado pelas prefeituras e pelo governo do Estado de S\u00e3o Paulo como forma de promover o isolamento social para conter a propaga\u00e7\u00e3o da pandemia do coronav\u00edrus.<\/p>\n<\/div>\n<div class=\"mc-column content-text active-extra-styles \" data-block-type=\"unstyled\" data-block-weight=\"59\" data-block-id=\"6\">\n<p class=\"content-text__container \" style=\"text-align: justify;\" data-track-category=\"Link no Texto\" data-track-links=\"\">As fases de retomada ser\u00e3o definidas por cores, sendo a laranja, prevista para ser implantada em 1\u00b0 de junho, a amarela, cogitada para 15 de junho, e a verde, programada para 30 de junho. A primeira representa o atendimento individual ou de baixo fluxo de pessoas; a segunda, o m\u00e9dio fluxo; e a terceira, com grande fluxo de pessoas.<\/p>\n<div class=\"mc-column content-text active-extra-styles \" style=\"text-align: justify;\" data-block-type=\"unstyled\" data-block-weight=\"52\" data-block-id=\"8\">\n<p class=\"content-text__container \" data-track-category=\"Link no Texto\" data-track-links=\"\">No entanto, a mudan\u00e7a de fase s\u00f3 ser\u00e1 poss\u00edvel mediante a estabilidade do n\u00famero de novos casos de coronav\u00edrus, causador da Covid-19, e de leitos hospitalares dispon\u00edveis para atendimento da demanda de pacientes. Essa an\u00e1lise ser\u00e1 feita pelo Comit\u00ea de Contingenciamento do Coronav\u00edrus, o qual dar\u00e1 respaldo para as decis\u00f5es do Executivo.<\/p>\n<\/div>\n<div class=\"mc-column content-text active-extra-styles \" style=\"text-align: justify;\" data-block-type=\"unstyled\" data-block-weight=\"30\" data-block-id=\"9\">\n<p class=\"content-text__container \" data-track-category=\"Link no Texto\" data-track-links=\"\">O esbo\u00e7o regional foi elaborado a partir de diretrizes contidas no Plano S\u00e3o Paulo, divulgado pelo governo do Estado, e em consenso entre os prefeitos e lideran\u00e7as do Oeste Paulista.<\/p>\n<\/div>\n<div class=\"mc-column content-text active-extra-styles \" style=\"text-align: justify;\" data-block-type=\"unstyled\" data-block-weight=\"36\" data-block-id=\"10\">\n<p class=\"content-text__container \" data-track-category=\"Link no Texto\" data-track-links=\"\">A expectativa \u00e9 de que o assunto seja discutido com representantes do Estado, inclusive o governador Jo\u00e3o Doria Junior (PSDB), em uma videoconfer\u00eancia na pr\u00f3xima ter\u00e7a-feira (26), para quando est\u00e1 prevista uma delibera\u00e7\u00e3o sobre o tema.<\/p>\n<\/div>\n<div class=\"mc-column content-text active-extra-styles \" style=\"text-align: justify;\" data-block-type=\"unstyled\" data-block-weight=\"15\" data-block-id=\"11\">\n<p class=\"content-text__container \" data-track-category=\"Link no Texto\" data-track-links=\"\">Assim, confira a proposta de retomada na regi\u00e3o de Presidente Prudente por setores da economia:<\/p>\n<\/div>\n<div class=\"mc-column content-text active-extra-styles\" style=\"text-align: justify;\" data-block-type=\"raw\" data-block-weight=\"1\" data-block-id=\"12\">\n<div class=\"content-intertitle\">\n<h2>Com\u00e9rcio<\/h2>\n<\/div>\n<\/div>\n<div class=\"mc-column content-text active-extra-styles \" style=\"text-align: justify;\" data-block-type=\"unstyled\" data-block-weight=\"53\" data-block-id=\"13\">\n<p class=\"content-text__container \" data-track-category=\"Link no Texto\" data-track-links=\"\">Na fase laranja, o com\u00e9rcio poder\u00e1 funcionar de segunda a sexta-feira, das 10h \u00e0s 16h. J\u00e1 na fase amarela, o hor\u00e1rio durante a semana ser\u00e1 das 10h \u00e0s 17h, enquanto na fase verde poder\u00e1 ser das 10h \u00e0s 18h. Em todas as fases, aos s\u00e1bados as lojas poder\u00e3o funcionar das 9h \u00e0s 12h.<\/p>\n<\/div>\n<div class=\"mc-column content-text active-extra-styles \" style=\"text-align: justify;\" data-block-type=\"unstyled\" data-block-weight=\"80\" data-block-id=\"14\">\n<p class=\"content-text__container \" data-track-category=\"Link no Texto\" data-track-links=\"\">Tamb\u00e9m em todas as fases, a orienta\u00e7\u00e3o \u00e9 para que o atendimento seja individual com funcion\u00e1rios trabalhando de forma escalonada e com controle de entrada de clientes, de acordo com o tamanho do estabelecimento. Inclusive, dever\u00e1 haver limite no n\u00famero de clientes ao de atendentes, ou seja, se houver dois vendedores, poder\u00e3o entrar apenas dois compradores. Dever\u00e1 ainda ser respeitado o distanciamento de 2 metros entre clientes e funcion\u00e1rios, e ser\u00e1 obrigat\u00f3rio o uso de m\u00e1scaras e \u00e1lcool em gel.<\/p>\n<\/div>\n<div class=\"mc-column content-text active-extra-styles\" style=\"text-align: justify;\" data-block-type=\"raw\" data-block-weight=\"7\" data-block-id=\"15\">\n<div class=\"content-intertitle\">\n<h2>Restaurantes, bares sem m\u00fasica, padarias e cong\u00eaneres<\/h2>\n<\/div>\n<\/div>\n<div class=\"mc-column content-text active-extra-styles \" data-block-type=\"unstyled\" data-block-weight=\"84\" data-block-id=\"16\">\n<p class=\"content-text__container \" style=\"text-align: justify;\" data-track-category=\"Link no Texto\" data-track-links=\"\">Na fase laranja, o atendimento no local dever\u00e1 ser com no m\u00e1ximo 30% da capacidade. Na fase amarela, a porcentagem permitida ser\u00e1 de 50%, enquanto na verde os estabelecimentos poder\u00e3o ocupar at\u00e9 70% da capacidade. Mesmo assim, o plano orienta que sejam priorizados os servi\u00e7os de entrega e que, no atendimento no local, seja respeitado o distanciamento de 2 metros entre clientes e funcion\u00e1rios e que n\u00e3o haja mesas e cadeiras nas cal\u00e7adas. O uso de m\u00e1scara e \u00e1lcool em gel tamb\u00e9m ser\u00e1 obrigat\u00f3rio.<\/p>\n<div class=\"mc-column content-text active-extra-styles \" style=\"text-align: justify;\" data-block-type=\"unstyled\" data-block-weight=\"37\" data-block-id=\"18\">\n<p class=\"content-text__container \" data-track-category=\"Link no Texto\" data-track-links=\"\">J\u00e1 os bares com m\u00fasicas e as casas noturnas s\u00f3 poder\u00e3o funcionar a partir da fase verde. Ainda assim, ser\u00e1 permitida a ocupa\u00e7\u00e3o de 30% da capacidade local e atendendo todas as medidas de higiene e seguran\u00e7a.<\/p>\n<\/div>\n<div class=\"mc-column content-text active-extra-styles\" style=\"text-align: justify;\" data-block-type=\"raw\" data-block-weight=\"4\" data-block-id=\"19\">\n<div class=\"content-intertitle\">\n<h2>Est\u00e9tica, beleza e tatuagem<\/h2>\n<\/div>\n<\/div>\n<div class=\"mc-column content-text active-extra-styles \" style=\"text-align: justify;\" data-block-type=\"unstyled\" data-block-weight=\"21\" data-block-id=\"20\">\n<p class=\"content-text__container \" data-track-category=\"Link no Texto\" data-track-links=\"\">Nas tr\u00eas fases, s\u00f3 ser\u00e1 permitido atendimento individual com hora marcada, incluindo o uso de m\u00e1scara e \u00e1lcool em gel obrigat\u00f3rio.<\/p>\n<\/div>\n<div class=\"mc-column content-text active-extra-styles\" style=\"text-align: justify;\" data-block-type=\"raw\" data-block-weight=\"4\" data-block-id=\"21\">\n<div class=\"content-intertitle\">\n<h2>Shoppings centers e galerias<\/h2>\n<\/div>\n<\/div>\n<div class=\"mc-column content-text active-extra-styles \" style=\"text-align: justify;\" data-block-type=\"unstyled\" data-block-weight=\"76\" data-block-id=\"22\">\n<p class=\"content-text__container \" data-track-category=\"Link no Texto\" data-track-links=\"\">Esses locais s\u00f3 poder\u00e3o funcionar a partir da fase amarela, ou seja, ap\u00f3s 14 dias da implanta\u00e7\u00e3o da fase laranja e com observa\u00e7\u00e3o de efic\u00e1cia das medidas. Na fase amarela, o atendimento dever\u00e1 ser limitado a 50% da capacidade m\u00e1xima de pessoas previstas em Auto de Vistoria do Corpo de Bombeiros (AVCB) ou alvar\u00e1 da Prefeitura, incluindo controle de acesso, assim como de ocupa\u00e7\u00e3o das vagas de estacionamento. Na fase verde, a porcentagem sobre para 60%.<\/p>\n<\/div>\n<div class=\"mc-column content-text active-extra-styles \" style=\"text-align: justify;\" data-block-type=\"unstyled\" data-block-weight=\"54\" data-block-id=\"23\">\n<p class=\"content-text__container \" data-track-category=\"Link no Texto\" data-track-links=\"\">Em ambas as fases, o hor\u00e1rio de atendimento das lojas e quiosques ser\u00e1 das 12h \u00e0s 20h, e da pra\u00e7a de alimenta\u00e7\u00e3o das 11h30 \u00e0s 21h30. Al\u00e9m disso, os estabelecimentos dever\u00e3o implantar controle fiscalizat\u00f3rio, cuidados r\u00edgidos de higiene nas \u00e1reas de circula\u00e7\u00e3o e lojas, bem como uso obrigat\u00f3rio de m\u00e1scaras e \u00e1lcool em gel.<\/p>\n<\/div>\n<div class=\"mc-column content-text active-extra-styles\" style=\"text-align: justify;\" data-block-type=\"raw\" data-block-weight=\"2\" data-block-id=\"24\">\n<div class=\"content-intertitle\">\n<h2>Institui\u00e7\u00f5es religiosas<\/h2>\n<\/div>\n<\/div>\n<div class=\"mc-column content-text active-extra-styles \" style=\"text-align: justify;\" data-block-type=\"unstyled\" data-block-weight=\"80\" data-block-id=\"25\">\n<p class=\"content-text__container \" data-track-category=\"Link no Texto\" data-track-links=\"\">Na fase laranja, ficar\u00e1 permitida a promo\u00e7\u00e3o de pequenos grupos de ora\u00e7\u00f5es com limite de capacidade de 20% da institui\u00e7\u00e3o. Na fase amarela, a porcentagem sobe para 30%, enquanto na verde poder\u00e1 haver ocupa\u00e7\u00e3o de 50%. Nas tr\u00eas fases, as atividades poder\u00e3o ter uma hora de dura\u00e7\u00e3o, e dever\u00e3o ser adotadas todas as medidas de higiene e seguran\u00e7a, como distanciamento de 2 metros entre os fi\u00e9is, sem aperto de m\u00e3o e\/ou abra\u00e7os, e uso de m\u00e1scaras e \u00e1lcool em gel.<\/p>\n<\/div>\n<div class=\"mc-column content-text active-extra-styles\" style=\"text-align: justify;\" data-block-type=\"raw\" data-block-weight=\"9\" data-block-id=\"26\">\n<div class=\"content-intertitle\">\n<h2>Academias de gin\u00e1stica, escolas de dan\u00e7a e de m\u00fasica<\/h2>\n<\/div>\n<\/div>\n<div class=\"mc-column content-text active-extra-styles \" data-block-type=\"unstyled\" data-block-weight=\"72\" data-block-id=\"27\">\n<p class=\"content-text__container \" style=\"text-align: justify;\" data-track-category=\"Link no Texto\" data-track-links=\"\">Na fase laranja, ser\u00e1 permitida a ocupa\u00e7\u00e3o de 10% da capacidade dos aparelhos e\/ou da \u00e1rea constru\u00edda, incluindo atendimento individual agendado. Na fase amarela, a porcentagem permitida ser\u00e1 de 30% e, na verde, de 50%. Em todas, dever\u00e1 ser respeitado o distanciamento de 2 metros entre as pessoas, bem como medidas de seguran\u00e7a e higiene, incluindo limpeza de aparelhos ap\u00f3s o uso. Ser\u00e1 obrigat\u00f3rio o uso de m\u00e1scaras e \u00e1lcool em gel.<\/p>\n<p style=\"text-align: justify;\" data-track-category=\"Link no Texto\" data-track-links=\"\">Fonte: G1<\/p>\n<\/div>\n<\/div>\n<\/div>\n<div class=\"content-ads content-ads--reveal\" data-block-type=\"ads\" data-block-id=\"7\">\n<div id=\"banner_materia2\" class=\"tag-manager-publicidade-container mc-has-reveal mc-has-ad-lazyload tag-manager-publicidade-banner_materia2 tag-manager-publicidade-container--carregado tag-manager-publicidade-container--visivel\" data-id=\"banner_materia2\" data-google-query-id=\"CNeb67npyOkCFQiuhwodyHAL6w\" data-cid=\"138307877777\" data-lid=\"5368513405\"><\/div>\n<\/div>\n<\/div>\n<\/div>\n<\/div>\n","protected":false},"excerpt":{"rendered":"<p>Esbo\u00e7o da regi\u00e3o de Presidente Prudente foi encaminhado nesta sexta-feira (22) ao governo do Estado de S\u00e3o Paulo. O prefeito de\u00a0Presidente Prudente, Nelson Roberto Bugalho (PSDB), apresentou nesta sexta-feira (22) ao Conselho Municipalista, \u00f3rg\u00e3o criado pelo governo do Estado de S\u00e3o Paulo, o Desenvolve Oeste \u2013 Plano Regional para Retomada das Atividades Econ\u00f4micas na 10\u00aa [&hellip;]<\/p>\n","protected":false},"author":1,"featured_media":26654,"comment_status":"closed","ping_status":"open","sticky":false,"template":"","format":"standard","meta":{"footnotes":""},"categories":[110,116],"tags":[],"class_list":["post-26653","post","type-post","status-publish","format-standard","has-post-thumbnail","hentry","category-noticiasdestaque","category-politicaeeconomia"],"_links":{"self":[{"href":"https:\/\/jorgezanoni.com.br\/2019\/wp-json\/wp\/v2\/posts\/26653","targetHints":{"allow":["GET"]}}],"collection":[{"href":"https:\/\/jorgezanoni.com.br\/2019\/wp-json\/wp\/v2\/posts"}],"about":[{"href":"https:\/\/jorgezanoni.com.br\/2019\/wp-json\/wp\/v2\/types\/post"}],"author":[{"embeddable":true,"href":"https:\/\/jorgezanoni.com.br\/2019\/wp-json\/wp\/v2\/users\/1"}],"replies":[{"embeddable":true,"href":"https:\/\/jorgezanoni.com.br\/2019\/wp-json\/wp\/v2\/comments?post=26653"}],"version-history":[{"count":0,"href":"https:\/\/jorgezanoni.com.br\/2019\/wp-json\/wp\/v2\/posts\/26653\/revisions"}],"wp:featuredmedia":[{"embeddable":true,"href":"https:\/\/jorgezanoni.com.br\/2019\/wp-json\/wp\/v2\/media\/26654"}],"wp:attachment":[{"href":"https:\/\/jorgezanoni.com.br\/2019\/wp-json\/wp\/v2\/media?parent=26653"}],"wp:term":[{"taxonomy":"category","embeddable":true,"href":"https:\/\/jorgezanoni.com.br\/2019\/wp-json\/wp\/v2\/categories?post=26653"},{"taxonomy":"post_tag","embeddable":true,"href":"https:\/\/jorgezanoni.com.br\/2019\/wp-json\/wp\/v2\/tags?post=26653"}],"curies":[{"name":"wp","href":"https:\/\/api.w.org\/{rel}","templated":true}]}}