{"id":26647,"date":"2020-05-22T23:36:58","date_gmt":"2020-05-22T23:36:58","guid":{"rendered":"https:\/\/jorgezanoni.com.br\/2019\/?p=26647"},"modified":"2020-05-22T23:36:58","modified_gmt":"2020-05-22T23:36:58","slug":"alesp-aprova-antecipacao-do-feriado-de-9-de-julho","status":"publish","type":"post","link":"https:\/\/jorgezanoni.com.br\/2019\/alesp-aprova-antecipacao-do-feriado-de-9-de-julho\/","title":{"rendered":"Alesp aprova antecipa\u00e7\u00e3o do feriado de 9 de julho"},"content":{"rendered":"<p style=\"text-align: justify;\">A\u00a0Assembleia Legislativa de S\u00e3o Paulo (Alesp)\u00a0aprovou na madrugada desta sexta-feira (22) a antecipa\u00e7\u00e3o do feriado estadual de 9 de julho para a segunda-feira (25). Uma nova sess\u00e3o foi marcada para esta sexta, \u00e0s 10 horas, para discuss\u00e3o das emendas.<\/p>\n<p style=\"text-align: justify;\">O projeto de lei enviado pelo governador\u00a0Jo\u00e3o Doria (PSDB), com o objetivo de tentar ampliar o isolamento social no Estado, passou com 57 votos a favor e 5 contra.\u00a0Por\u00e9m, sem a conclus\u00e3o da vota\u00e7\u00e3o das emendas, o projeto n\u00e3o poder\u00e1 seguir para a san\u00e7\u00e3o.<\/p>\n<p style=\"text-align: justify;\">Apesar do resultado amplamente favor\u00e1vel \u00e0 proposta do governo, o tema foi objeto de longas e acaloradas discuss\u00f5es, com parlamentares da Baixada Santista e do interior protestando contra o potencial aumento de fluxo de turistas da capital para suas regi\u00f5es, o que pode ajudar a disseminar o novo coronav\u00edrus.<\/p>\n<p style=\"text-align: justify;\">Se o feriado na segunda for confirmado, a cidade de S\u00e3o Paulo completar\u00e1 uma folga de seis dias, j\u00e1 que a gest\u00e3o municipal antecipou as comemora\u00e7\u00f5es de Corpus Christi (originalmente em 11 de junho) e da Consci\u00eancia Negra (20 de novembro) para a quarta-feira (20) e a quinta-feira (21), respectivamente.<\/p>\n<p style=\"text-align: justify;\">Esta sexta-feira (22) \u00e9 um ponto facultativo na cidade.<\/p>\n<p style=\"text-align: justify;\">Fonte: Jovem Pan<\/p>\n","protected":false},"excerpt":{"rendered":"<p>A\u00a0Assembleia Legislativa de S\u00e3o Paulo (Alesp)\u00a0aprovou na madrugada desta sexta-feira (22) a antecipa\u00e7\u00e3o do feriado estadual de 9 de julho para a segunda-feira (25). Uma nova sess\u00e3o foi marcada para esta sexta, \u00e0s 10 horas, para discuss\u00e3o das emendas. O projeto de lei enviado pelo governador\u00a0Jo\u00e3o Doria (PSDB), com o objetivo de tentar ampliar o [&hellip;]<\/p>\n","protected":false},"author":1,"featured_media":26648,"comment_status":"closed","ping_status":"open","sticky":false,"template":"","format":"standard","meta":{"footnotes":""},"categories":[110,116],"tags":[],"class_list":["post-26647","post","type-post","status-publish","format-standard","has-post-thumbnail","hentry","category-noticiasdestaque","category-politicaeeconomia"],"_links":{"self":[{"href":"https:\/\/jorgezanoni.com.br\/2019\/wp-json\/wp\/v2\/posts\/26647","targetHints":{"allow":["GET"]}}],"collection":[{"href":"https:\/\/jorgezanoni.com.br\/2019\/wp-json\/wp\/v2\/posts"}],"about":[{"href":"https:\/\/jorgezanoni.com.br\/2019\/wp-json\/wp\/v2\/types\/post"}],"author":[{"embeddable":true,"href":"https:\/\/jorgezanoni.com.br\/2019\/wp-json\/wp\/v2\/users\/1"}],"replies":[{"embeddable":true,"href":"https:\/\/jorgezanoni.com.br\/2019\/wp-json\/wp\/v2\/comments?post=26647"}],"version-history":[{"count":0,"href":"https:\/\/jorgezanoni.com.br\/2019\/wp-json\/wp\/v2\/posts\/26647\/revisions"}],"wp:featuredmedia":[{"embeddable":true,"href":"https:\/\/jorgezanoni.com.br\/2019\/wp-json\/wp\/v2\/media\/26648"}],"wp:attachment":[{"href":"https:\/\/jorgezanoni.com.br\/2019\/wp-json\/wp\/v2\/media?parent=26647"}],"wp:term":[{"taxonomy":"category","embeddable":true,"href":"https:\/\/jorgezanoni.com.br\/2019\/wp-json\/wp\/v2\/categories?post=26647"},{"taxonomy":"post_tag","embeddable":true,"href":"https:\/\/jorgezanoni.com.br\/2019\/wp-json\/wp\/v2\/tags?post=26647"}],"curies":[{"name":"wp","href":"https:\/\/api.w.org\/{rel}","templated":true}]}}