{"id":26629,"date":"2020-05-22T20:38:59","date_gmt":"2020-05-22T20:38:59","guid":{"rendered":"https:\/\/jorgezanoni.com.br\/2019\/?p=26629"},"modified":"2020-05-22T20:38:59","modified_gmt":"2020-05-22T20:38:59","slug":"feriado-de-9-de-julho-sera-nesta-segunda-feira-25-em-dracena","status":"publish","type":"post","link":"https:\/\/jorgezanoni.com.br\/2019\/feriado-de-9-de-julho-sera-nesta-segunda-feira-25-em-dracena\/","title":{"rendered":"Feriado de 9 de julho ser\u00e1 nesta segunda-feira (25) em Dracena"},"content":{"rendered":"<p style=\"text-align: justify;\">Com a antecipa\u00e7\u00e3o do feriado de 09 de Julho para esta segunda-feira (25), veja como funcionam os \u00f3rg\u00e3os p\u00fablicos municipais no final de semana e no feriado.<\/p>\n<p style=\"text-align: justify;\">A Prefeitura de Dracena informa que n\u00e3o haver\u00e1 expediente nos \u00f3rg\u00e3os p\u00fablicos municipais nesta segunda-feira (25). A exce\u00e7\u00e3o \u00e9 para a Policl\u00ednica e Pronto Atendimento Municipal (PAM).<\/p>\n<p style=\"text-align: justify;\">A Policl\u00ednica estar\u00e1 em funcionamento no s\u00e1bado (23), domingo (24) e segunda-feira (25) somente para hidrata\u00e7\u00e3o em casos de Dengue, das 8h\u00a0<span class=\"text_exposed_show\">\u00e0s 14h.<\/span><\/p>\n<div class=\"text_exposed_show\">\n<p style=\"text-align: justify;\">O PAM e a extens\u00e3o do PAM (Covid-19) seguem suas atividades normais, aberto todos os dias da semana em tempo integral.<\/p>\n<p style=\"text-align: justify;\">A EMDAEP manter\u00e1 plant\u00e3o no final de semana e no feriado para emerg\u00eancias no setor de \u00e1gua e esgoto. Telefones (18) 3821-1146 e (18) 3821-4110.<\/p>\n<p style=\"text-align: justify;\">As atividades dos demais setores p\u00fablicos retornam na ter\u00e7a-feira, dia 26 de maio.<\/p>\n<p style=\"text-align: justify;\">Fonte: https:\/\/www.facebook.com\/prefeituradracena\/<\/p>\n<\/div>\n","protected":false},"excerpt":{"rendered":"<p>Com a antecipa\u00e7\u00e3o do feriado de 09 de Julho para esta segunda-feira (25), veja como funcionam os \u00f3rg\u00e3os p\u00fablicos municipais no final de semana e no feriado. A Prefeitura de Dracena informa que n\u00e3o haver\u00e1 expediente nos \u00f3rg\u00e3os p\u00fablicos municipais nesta segunda-feira (25). A exce\u00e7\u00e3o \u00e9 para a Policl\u00ednica e Pronto Atendimento Municipal (PAM). A [&hellip;]<\/p>\n","protected":false},"author":1,"featured_media":26630,"comment_status":"closed","ping_status":"open","sticky":false,"template":"","format":"standard","meta":{"footnotes":""},"categories":[179,184,110],"tags":[],"class_list":["post-26629","post","type-post","status-publish","format-standard","has-post-thumbnail","hentry","category-cidadeseregiao","category-dracena","category-noticiasdestaque"],"_links":{"self":[{"href":"https:\/\/jorgezanoni.com.br\/2019\/wp-json\/wp\/v2\/posts\/26629","targetHints":{"allow":["GET"]}}],"collection":[{"href":"https:\/\/jorgezanoni.com.br\/2019\/wp-json\/wp\/v2\/posts"}],"about":[{"href":"https:\/\/jorgezanoni.com.br\/2019\/wp-json\/wp\/v2\/types\/post"}],"author":[{"embeddable":true,"href":"https:\/\/jorgezanoni.com.br\/2019\/wp-json\/wp\/v2\/users\/1"}],"replies":[{"embeddable":true,"href":"https:\/\/jorgezanoni.com.br\/2019\/wp-json\/wp\/v2\/comments?post=26629"}],"version-history":[{"count":0,"href":"https:\/\/jorgezanoni.com.br\/2019\/wp-json\/wp\/v2\/posts\/26629\/revisions"}],"wp:featuredmedia":[{"embeddable":true,"href":"https:\/\/jorgezanoni.com.br\/2019\/wp-json\/wp\/v2\/media\/26630"}],"wp:attachment":[{"href":"https:\/\/jorgezanoni.com.br\/2019\/wp-json\/wp\/v2\/media?parent=26629"}],"wp:term":[{"taxonomy":"category","embeddable":true,"href":"https:\/\/jorgezanoni.com.br\/2019\/wp-json\/wp\/v2\/categories?post=26629"},{"taxonomy":"post_tag","embeddable":true,"href":"https:\/\/jorgezanoni.com.br\/2019\/wp-json\/wp\/v2\/tags?post=26629"}],"curies":[{"name":"wp","href":"https:\/\/api.w.org\/{rel}","templated":true}]}}