{"id":26626,"date":"2020-05-22T15:51:48","date_gmt":"2020-05-22T15:51:48","guid":{"rendered":"https:\/\/jorgezanoni.com.br\/2019\/?p=26626"},"modified":"2020-05-22T15:51:48","modified_gmt":"2020-05-22T15:51:48","slug":"cursos-da-unifadra-dracena-tem-alta-procura-e-grande-empregabilidade","status":"publish","type":"post","link":"https:\/\/jorgezanoni.com.br\/2019\/cursos-da-unifadra-dracena-tem-alta-procura-e-grande-empregabilidade\/","title":{"rendered":"Cursos da Unifadra Dracena t\u00eam alta procura e grande empregabilidade\u00a0"},"content":{"rendered":"<p dir=\"ltr\" style=\"text-align: justify;\">O momento de escolher a profiss\u00e3o \u00e9 sempre desafiador. \u00c9 necess\u00e1rio levar em conta diversos fatores para escolher que curso fazer. Habilidade, sonhos, viabilidade econ\u00f4mica, procura pelos profissionais e empregabilidade do setor s\u00e3o os principais itens avaliados pelos vestibulandos ao escolher a faculdade.<\/p>\n<p dir=\"ltr\" style=\"text-align: justify;\">Os cursos ofertados pela Unifadra t\u00eam se mostrado em evid\u00eancia no mercado de trabalho, com r\u00e1pida e alta empregabilidade. De acordo com o SEMESP (Sindicato das Entidades Mantenedoras de Estabelecimentos de Ensino Superior no Estado de S\u00e3o Paulo), em 2018 apresentou-se uma crescente procura por cursos de Licenciatura, que t\u00eam gerado empregabilidade quase imediata para professores.<br \/>\nDe acordo com o diretor acad\u00eamico da Unifadra Enio Garbelini, o Brasil tem uma grande demanda para contrata\u00e7\u00e3o de professores e pedagogos. &#8220;O mercado est\u00e1 sempre aquecido para novos professores&#8221;, explicou Garbelini. Concursos p\u00fablicos, escolas, cursinhos, aulas particulares e gest\u00e3o escolar s\u00e3o as principais \u00e1reas de atua\u00e7\u00e3o para os licenciados. Em licenciatura, a Unifadra possui os cursos de Pedagogia, Letras, Matem\u00e1tica, Ci\u00eancias Biol\u00f3gicas, Artes Visuais e Educa\u00e7\u00e3o F\u00edsica (licenciatura e bacharelado).<\/p>\n<p dir=\"ltr\" style=\"text-align: justify;\">Acompanhando a constante evolu\u00e7\u00e3o digital, a \u00e1rea de TI (Tecnologia da Informa\u00e7\u00e3o) est\u00e1 em alta, com um mercado sempre crescente e com um leque de atua\u00e7\u00f5es. Cria\u00e7\u00e3o de sistemas, aprimoramento de aplicativos e softwares para empresas e tantas outras s\u00e3o op\u00e7\u00f5es para os profissionais de An\u00e1lise e Desenvolvimento de Sistemas.<\/p>\n<p dir=\"ltr\" style=\"text-align: justify;\">A Associa\u00e7\u00e3o Brasileira das Empresas de Tecnologia da Informa\u00e7\u00e3o e Comunica\u00e7\u00e3o (Brasscom) fez um levantamento recente que apontou uma proje\u00e7\u00e3o de que ser\u00e3o necess\u00e1rios 70 mil novos profissionais de TI por ano no Brasil entre 2019 e 2024, em raz\u00e3o da evolu\u00e7\u00e3o tecnol\u00f3gica. A quantidade de pessoas que se formam nessa \u00e1rea vai na contram\u00e3o do que o pa\u00eds ir\u00e1 necessitar, pois apenas 46 mil pessoas se formam ao ano no ensino superior com o perfil necess\u00e1rio para atender essas vagas. A Brasscom estima que o mercado de TI pode apresentar d\u00e9ficit de 290 mil profissionais em 2024. Isso comprova o quanto esse mercado se manter\u00e1 em constante crescimento.<br \/>\nCursos nas \u00e1reas da sa\u00fade tamb\u00e9m se mostram em grande evid\u00eancia. O acesso \u00e0 sa\u00fade \u00e9 cada vez maior \u00e0 popula\u00e7\u00e3o. Programas de sa\u00fade na esfera p\u00fablica geram in\u00fameras vagas de trabalho. Enfermagem e Medicina s\u00e3o profiss\u00f5es que sempre est\u00e3o entre as mais procuradas e permitem uma atua\u00e7\u00e3o n\u00e3o s\u00f3 em hospitais, mas tamb\u00e9m em cl\u00ednicas e variados segmentos emergentes.<br \/>\nEm sa\u00fade mental, o curso de Psicologia tamb\u00e9m apresenta uma vasta \u00e1rea para atua\u00e7\u00e3o. Hospitais, unidades p\u00fablicas de sa\u00fade, empresas, escolas, gest\u00e3o de pessoas, cl\u00ednicas, penitenci\u00e1rias e trabalhos de orienta\u00e7\u00e3o vocacional s\u00e3o as possibilidades que mais se destacam na regi\u00e3o.<\/p>\n<p dir=\"ltr\" style=\"text-align: justify;\">Uma nova lei, publicada em dezembro de 2019, que determina a atua\u00e7\u00e3o de psic\u00f3logos e assistentes sociais em escolas, beneficia os formados nos cursos de Psicologia e Servi\u00e7o Social, aquecendo a procura por esses profissionais no mercado. Uma das grandes frentes de trabalho do Servi\u00e7o Social \u00e9 nas pol\u00edticas p\u00fablicas, n\u00e3o s\u00f3 para a assist\u00eancia social, mas tamb\u00e9m para a educa\u00e7\u00e3o.<br \/>\nO curso de Educa\u00e7\u00e3o F\u00edsica da Unifadra contempla a forma\u00e7\u00e3o tanto de licenciatura quanto de bacharelado. A Educa\u00e7\u00e3o F\u00edsica vai al\u00e9m das quadras da escola e das academias. A pr\u00e1tica de atividades f\u00edsicas \u00e9 a chave para o bem estar e para a sa\u00fade. Por isso, o profissional da \u00e1rea tem um leque de op\u00e7\u00f5es para atuar no mercado de trabalho. O profissional de Educa\u00e7\u00e3o F\u00edsica tem habilidades para conhecer e avaliar cada aluno com suas individualidades biopsicossociais e entender as modifica\u00e7\u00f5es mec\u00e2nicas e fisiol\u00f3gicas proporcionadas pelo exerc\u00edcio f\u00edsico. Assim, est\u00e1 apto para atuar tanto na \u00e1rea de fitness, de condicionamento f\u00edsico, treinamento esportivo, recrea\u00e7\u00e3o, reabilita\u00e7\u00e3o, quanto na inicia\u00e7\u00e3o esportiva e no est\u00edmulo ao desenvolvimento motor na \u00e1rea escolar.<\/p>\n<p dir=\"ltr\" style=\"text-align: justify;\">Os alunos formados pela Unifadra t\u00eam conquistado o mercado p\u00fablico e privado, com aprova\u00e7\u00f5es em concursos p\u00fablicos e excelentes coloca\u00e7\u00f5es em empresas.<br \/>\nA Unifadra incentiva seu aluno a se reinventar e mostrar seu diferencial com a disciplina extracurricular de Empreendedorismo. &#8220;Os profissionais de todas as \u00e1reas precisam saber como se gerenciar, como ser empreendedor e ter seu diferencial no mercado&#8221;, destacou Enio Garbelini.<\/p>\n<p dir=\"ltr\" style=\"text-align: justify;\">VESTIBULAR DE INVERNO<br \/>\nCursos noturnos (Artes Visuais, An\u00e1lise e Desenvolvimento de Sistemas, Ci\u00eancias Biol\u00f3gicas, Educa\u00e7\u00e3o F\u00edsica, Enfermagem, Letras, Matem\u00e1tica, Pedagogia, Psicologia e Servi\u00e7o Social) &#8211; PROVA 19\/06 &#8211; \u00e0s 13h &#8211; inscri\u00e7\u00f5es at\u00e9 15\/07.<br \/>\nMedicina &#8211; PROVA 30\/08 &#8211; \u00e0s 13h &#8211; inscri\u00e7\u00f5es at\u00e9 10\/08.<\/p>\n<p dir=\"ltr\" style=\"text-align: justify;\">Inscri\u00e7\u00f5es: <a href=\"http:\/\/www.fundec.edu.br\/\" target=\"_blank\" rel=\"noopener noreferrer\">www.fundec.edu.br<\/a><\/p>\n<p dir=\"ltr\" style=\"text-align: justify;\">Reserva de vagas para 2021.<span id=\"gmail-docs-internal-guid-b8d9c750-7fff-0b8e-4ad5-fa86bc05d7c6\"><\/span><\/p>\n<div class=\"gmail_signature\" dir=\"ltr\">\n<div dir=\"ltr\" style=\"text-align: justify;\"><b>Carolina Colnago<br \/>\nAssistente de Comunica\u00e7\u00e3o\u00a0<\/b><br \/>\n<b>Funda\u00e7\u00e3o Dracenense de Educa\u00e7\u00e3o e Cultura<\/b><\/div>\n<\/div>\n","protected":false},"excerpt":{"rendered":"<p>O momento de escolher a profiss\u00e3o \u00e9 sempre desafiador. \u00c9 necess\u00e1rio levar em conta diversos fatores para escolher que curso fazer. Habilidade, sonhos, viabilidade econ\u00f4mica, procura pelos profissionais e empregabilidade do setor s\u00e3o os principais itens avaliados pelos vestibulandos ao escolher a faculdade. Os cursos ofertados pela Unifadra t\u00eam se mostrado em evid\u00eancia no mercado [&hellip;]<\/p>\n","protected":false},"author":1,"featured_media":26627,"comment_status":"closed","ping_status":"open","sticky":false,"template":"","format":"standard","meta":{"footnotes":""},"categories":[122],"tags":[],"class_list":["post-26626","post","type-post","status-publish","format-standard","has-post-thumbnail","hentry","category-saudeeducacaoeconcurso"],"_links":{"self":[{"href":"https:\/\/jorgezanoni.com.br\/2019\/wp-json\/wp\/v2\/posts\/26626","targetHints":{"allow":["GET"]}}],"collection":[{"href":"https:\/\/jorgezanoni.com.br\/2019\/wp-json\/wp\/v2\/posts"}],"about":[{"href":"https:\/\/jorgezanoni.com.br\/2019\/wp-json\/wp\/v2\/types\/post"}],"author":[{"embeddable":true,"href":"https:\/\/jorgezanoni.com.br\/2019\/wp-json\/wp\/v2\/users\/1"}],"replies":[{"embeddable":true,"href":"https:\/\/jorgezanoni.com.br\/2019\/wp-json\/wp\/v2\/comments?post=26626"}],"version-history":[{"count":0,"href":"https:\/\/jorgezanoni.com.br\/2019\/wp-json\/wp\/v2\/posts\/26626\/revisions"}],"wp:featuredmedia":[{"embeddable":true,"href":"https:\/\/jorgezanoni.com.br\/2019\/wp-json\/wp\/v2\/media\/26627"}],"wp:attachment":[{"href":"https:\/\/jorgezanoni.com.br\/2019\/wp-json\/wp\/v2\/media?parent=26626"}],"wp:term":[{"taxonomy":"category","embeddable":true,"href":"https:\/\/jorgezanoni.com.br\/2019\/wp-json\/wp\/v2\/categories?post=26626"},{"taxonomy":"post_tag","embeddable":true,"href":"https:\/\/jorgezanoni.com.br\/2019\/wp-json\/wp\/v2\/tags?post=26626"}],"curies":[{"name":"wp","href":"https:\/\/api.w.org\/{rel}","templated":true}]}}