{"id":26623,"date":"2020-05-22T15:40:28","date_gmt":"2020-05-22T15:40:28","guid":{"rendered":"https:\/\/jorgezanoni.com.br\/2019\/?p=26623"},"modified":"2020-05-22T15:40:28","modified_gmt":"2020-05-22T15:40:28","slug":"anglo-cid-realiza-circuito-vocacional-por-videoconferencia-para-alunos-do-ensino-medio","status":"publish","type":"post","link":"https:\/\/jorgezanoni.com.br\/2019\/anglo-cid-realiza-circuito-vocacional-por-videoconferencia-para-alunos-do-ensino-medio\/","title":{"rendered":"Anglo-CID realiza Circuito Vocacional por videoconfer\u00eancia para alunos do ensino m\u00e9dio"},"content":{"rendered":"<p dir=\"ltr\" style=\"text-align: justify;\">O Col\u00e9gio Anglo-CID Dracena finalizou, nesta quarta-feira, dia 20, o Circuito Vocacional &#8220;Ciclo de Debates 2020&#8221;, para os alunos do 3\u00ba ano do ensino m\u00e9dio. O evento foi realizado nos dias 18, 19 e 20, por videoconfer\u00eancia, via aplicativo Google Meet, fornecendo aos estudantes informa\u00e7\u00f5es sobre as profiss\u00f5es e o mercado de trabalho, em que os alunos demonstraram interesse.<\/p>\n<p dir=\"ltr\" style=\"text-align: justify;\">O evento est\u00e1 em sua 15\u00aa edi\u00e7\u00e3o e\u00a0 \u00e9 organizado anualmente pela psic\u00f3loga e neuropsic\u00f3loga do Col\u00e9gio Anglo-CID M\u00e9rieli Guerra F\u00e1varo. E, neste ano, o evento tamb\u00e9m teve como organizadoras a professora de apoio pedag\u00f3gico do ensino m\u00e9dio Rosana Ramos Socha e a professora de apoio t\u00e9cnico Amanda Matreiro. Foi a primeira vez que o evento foi realizado \u00e0 dist\u00e2ncia, devido ao cen\u00e1rio atual de isolamento.<\/p>\n<p dir=\"ltr\" style=\"text-align: justify;\">Al\u00e9m disso, nesta edi\u00e7\u00e3o, houve a participa\u00e7\u00e3o especial de ex-alunos do col\u00e9gio Anglo-CID que j\u00e1 atuam no mercado de trabalho, em variadas profiss\u00f5es. Participaram do evento profissionais das \u00e1reas de Biomedicina, Administra\u00e7\u00e3o, Engenharia Civil, Engenharia El\u00e9trica, Engenharia Qu\u00edmica, Engenharia de Produ\u00e7\u00e3o, Engenharia Mec\u00e2nica, Engenharia F\u00edsica, Academia do Barro Branco, Arquitetura e Urbanismo, Agronomia, Medicina, Psicologia, Direito, Ci\u00eancia da Computa\u00e7\u00e3o, Economia, Design, Educa\u00e7\u00e3o F\u00edsica, Matem\u00e1tica, Farm\u00e1cia, Fonoaudiologia, Fisioterapia, Nutri\u00e7\u00e3o e Rela\u00e7\u00f5es Internacionais.<\/p>\n<p dir=\"ltr\" style=\"text-align: justify;\">A diretora do Anglo-CID Eul\u00e1lia Pires Fava explicou que\u00a0 os alunos tiveram a experi\u00eancia\u00a0 de participar de um projeto t\u00e3o importante que \u00e9 a orienta\u00e7\u00e3o da escolha de uma profiss\u00e3o de\u00a0 maneira in\u00e9dita, sendo tudo feito virtualmente, e puderam ouvir ex-alunos que j\u00e1 est\u00e3o no mercado de trabalho e com experi\u00eancias \u00fanicas. &#8220;Poder ouvir nossos ex-alunos foi o maior prazer que tivemos, confirmando a qualidade do nosso ensino em aprovar os estudantes em \u00f3timas universidades, preparando-os n\u00e3o s\u00f3 para a vida acad\u00eamica, mas tamb\u00e9m para seus sucessos profissionais e pessoais&#8221;, acrescentou a diretora.<\/p>\n<p dir=\"ltr\" style=\"text-align: justify;\">O atual aluno Bruno Possari comentou que &#8220;o circuito foi fant\u00e1stico, contribuiu demais para a minha escolha no futuro. Ver o conhecimento aplicado de uma pessoa que est\u00e1 exercendo aquilo que voc\u00ea quer exercer no futuro \u00e9 sensacional! N\u00e3o s\u00f3 pra mim como tamb\u00e9m para os meus amigos, que afirmaram ser muito esclarecedor, pra tirar as d\u00favidas, ter certeza da \u00e1rea que v\u00e3o seguir. At\u00e9 mesmo trouxe uma motiva\u00e7\u00e3o a mais para os empenhos no vestibular e estudos, mesmo com a atual situa\u00e7\u00e3o. Sem d\u00favidas, foi muito bacana!&#8221;.<\/p>\n<p dir=\"ltr\" style=\"text-align: justify;\">Segundo Rosana Ramos Socha, o Circuito Vocacional foi um sucesso, repleto de perguntas e com um bate-papo com os profissionais que esclareceram muitas d\u00favidas dos alunos, neste momento t\u00e3o importante. &#8220;Agradecemos a todos os profissionais que participaram deste evento virtual e dividiram suas experi\u00eancias, auxiliando nossos alunos em uma escolha t\u00e3o importante que \u00e9 a da profiss\u00e3o&#8221;, destacou a professora.<\/p>\n<p dir=\"ltr\" style=\"text-align: justify;\">M\u00e9rieli Guerra F\u00e1varo finalizou deixando uma mensagem de agradecimento e rever\u00eancia \u00e0queles que fizeram deste evento um sucesso, e desejando &#8220;que as pequenas sementes nestes dias plantadas cres\u00e7am e se tornem \u00e1rvores frut\u00edferas t\u00e3o frondosas como as encontradas no mercado de trabalho hoje&#8221;.<span id=\"gmail-docs-internal-guid-e730a551-7fff-65a9-cf7a-d8fafeb53c81\"><\/span><\/p>\n<div class=\"gmail_signature\" dir=\"ltr\">\n<div dir=\"ltr\" style=\"text-align: justify;\">Carolina Colnago<br \/>\nAssistente de Comunica\u00e7\u00e3o<br \/>\nFunda\u00e7\u00e3o Dracenense de Educa\u00e7\u00e3o e Cultura<\/div>\n<\/div>\n","protected":false},"excerpt":{"rendered":"<p>O Col\u00e9gio Anglo-CID Dracena finalizou, nesta quarta-feira, dia 20, o Circuito Vocacional &#8220;Ciclo de Debates 2020&#8221;, para os alunos do 3\u00ba ano do ensino m\u00e9dio. O evento foi realizado nos dias 18, 19 e 20, por videoconfer\u00eancia, via aplicativo Google Meet, fornecendo aos estudantes informa\u00e7\u00f5es sobre as profiss\u00f5es e o mercado de trabalho, em que [&hellip;]<\/p>\n","protected":false},"author":1,"featured_media":26624,"comment_status":"closed","ping_status":"open","sticky":false,"template":"","format":"standard","meta":{"footnotes":""},"categories":[122],"tags":[],"class_list":["post-26623","post","type-post","status-publish","format-standard","has-post-thumbnail","hentry","category-saudeeducacaoeconcurso"],"_links":{"self":[{"href":"https:\/\/jorgezanoni.com.br\/2019\/wp-json\/wp\/v2\/posts\/26623","targetHints":{"allow":["GET"]}}],"collection":[{"href":"https:\/\/jorgezanoni.com.br\/2019\/wp-json\/wp\/v2\/posts"}],"about":[{"href":"https:\/\/jorgezanoni.com.br\/2019\/wp-json\/wp\/v2\/types\/post"}],"author":[{"embeddable":true,"href":"https:\/\/jorgezanoni.com.br\/2019\/wp-json\/wp\/v2\/users\/1"}],"replies":[{"embeddable":true,"href":"https:\/\/jorgezanoni.com.br\/2019\/wp-json\/wp\/v2\/comments?post=26623"}],"version-history":[{"count":0,"href":"https:\/\/jorgezanoni.com.br\/2019\/wp-json\/wp\/v2\/posts\/26623\/revisions"}],"wp:featuredmedia":[{"embeddable":true,"href":"https:\/\/jorgezanoni.com.br\/2019\/wp-json\/wp\/v2\/media\/26624"}],"wp:attachment":[{"href":"https:\/\/jorgezanoni.com.br\/2019\/wp-json\/wp\/v2\/media?parent=26623"}],"wp:term":[{"taxonomy":"category","embeddable":true,"href":"https:\/\/jorgezanoni.com.br\/2019\/wp-json\/wp\/v2\/categories?post=26623"},{"taxonomy":"post_tag","embeddable":true,"href":"https:\/\/jorgezanoni.com.br\/2019\/wp-json\/wp\/v2\/tags?post=26623"}],"curies":[{"name":"wp","href":"https:\/\/api.w.org\/{rel}","templated":true}]}}