{"id":26616,"date":"2020-05-22T15:19:58","date_gmt":"2020-05-22T15:19:58","guid":{"rendered":"https:\/\/jorgezanoni.com.br\/2019\/?p=26616"},"modified":"2020-05-22T15:19:58","modified_gmt":"2020-05-22T15:19:58","slug":"campanha-futsal-faz-bem-sera-neste-sabado-23","status":"publish","type":"post","link":"https:\/\/jorgezanoni.com.br\/2019\/campanha-futsal-faz-bem-sera-neste-sabado-23\/","title":{"rendered":"Campanha &#8220;Futsal faz bem&#8221; ser\u00e1 neste s\u00e1bado (23)"},"content":{"rendered":"<p style=\"font-weight: 400; text-align: justify;\">A pra\u00e7a Arthur Pagnozzi ser\u00e1 o local do posto de recolhimento dos donativos da campanha &#8220;Futsal faz bem&#8221;, liderada no munic\u00edpio pelo Dracena Tempersul Intelli.<\/p>\n<p><img loading=\"lazy\" decoding=\"async\" class=\"alignnone size-full wp-image-26617\" src=\"https:\/\/jorgezanoni.com.br\/2019\/wp-content\/uploads\/2020\/05\/fut.jpeg\" alt=\"\" width=\"1242\" height=\"1242\" srcset=\"https:\/\/jorgezanoni.com.br\/2019\/wp-content\/uploads\/2020\/05\/fut.jpeg 1242w, https:\/\/jorgezanoni.com.br\/2019\/wp-content\/uploads\/2020\/05\/fut-300x300.jpeg 300w, https:\/\/jorgezanoni.com.br\/2019\/wp-content\/uploads\/2020\/05\/fut-1024x1024.jpeg 1024w, https:\/\/jorgezanoni.com.br\/2019\/wp-content\/uploads\/2020\/05\/fut-150x150.jpeg 150w, https:\/\/jorgezanoni.com.br\/2019\/wp-content\/uploads\/2020\/05\/fut-768x768.jpeg 768w, https:\/\/jorgezanoni.com.br\/2019\/wp-content\/uploads\/2020\/05\/fut-696x696.jpeg 696w, https:\/\/jorgezanoni.com.br\/2019\/wp-content\/uploads\/2020\/05\/fut-1068x1068.jpeg 1068w, https:\/\/jorgezanoni.com.br\/2019\/wp-content\/uploads\/2020\/05\/fut-420x420.jpeg 420w\" sizes=\"auto, (max-width: 1242px) 100vw, 1242px\" \/><\/p>\n<p style=\"font-weight: 400; text-align: justify;\">Das 9h \u00e0s 12h deste s\u00e1bado (23), atletas, comiss\u00e3o t\u00e9cnica e diretores da equipe estar\u00e3o no recebendo os alimentos que posteriormente ser\u00e3o encaminhados a fam\u00edlias carentes.<\/p>\n<p style=\"font-weight: 400; text-align: justify;\">Al\u00e9m do time dracenense, fazem parte dessa campanha v\u00e1rias equipes que disputam a Liga Nacional de Futsal: Assoeva (RS), Atl\u00e2ntico (RS), Bras\u00edlia (DF), Campo Mour\u00e3o (PR), Corinthians (SP), Foz Cataratas (PR), Jaragu\u00e1 (SC), Joinville (SC) e Umuarama (PR), entre outras.<\/p>\n<p style=\"font-weight: 400; text-align: justify;\">&#8220;Desde o lan\u00e7amento da campanha a repercuss\u00e3o tem sido muito boa. J\u00e1 recebemos algumas cestas b\u00e1sicas e acreditamos que amanh\u00e3 mais pessoas far\u00e3o a doa\u00e7\u00e3o&#8221;, salientou o presidente do Dracena Tempersul, Lucas Batista. &#8220;Em crises como esta que estamos passando, quem tem condi\u00e7\u00f5es financeiras precisa ajudar os menos favorecidos&#8221;, completou.<\/p>\n<p style=\"font-weight: 400; text-align: justify;\">Quem n\u00e3o puder levar os alimentos na Pra\u00e7a Arthur Pagnozzi, pode entrar em contato com a equipe pelo Facebook e\/ou Instagram. A diretoria disponibilizar\u00e1 um ve\u00edculo para buscar os donativos.<\/p>\n<p style=\"text-align: justify;\">Fonte: Assessoria de Imprensa<\/p>\n","protected":false},"excerpt":{"rendered":"<p>A pra\u00e7a Arthur Pagnozzi ser\u00e1 o local do posto de recolhimento dos donativos da campanha &#8220;Futsal faz bem&#8221;, liderada no munic\u00edpio pelo Dracena Tempersul Intelli. Das 9h \u00e0s 12h deste s\u00e1bado (23), atletas, comiss\u00e3o t\u00e9cnica e diretores da equipe estar\u00e3o no recebendo os alimentos que posteriormente ser\u00e3o encaminhados a fam\u00edlias carentes. Al\u00e9m do time dracenense, [&hellip;]<\/p>\n","protected":false},"author":1,"featured_media":26618,"comment_status":"closed","ping_status":"open","sticky":false,"template":"","format":"standard","meta":{"footnotes":""},"categories":[111],"tags":[],"class_list":["post-26616","post","type-post","status-publish","format-standard","has-post-thumbnail","hentry","category-esporteecultura"],"_links":{"self":[{"href":"https:\/\/jorgezanoni.com.br\/2019\/wp-json\/wp\/v2\/posts\/26616","targetHints":{"allow":["GET"]}}],"collection":[{"href":"https:\/\/jorgezanoni.com.br\/2019\/wp-json\/wp\/v2\/posts"}],"about":[{"href":"https:\/\/jorgezanoni.com.br\/2019\/wp-json\/wp\/v2\/types\/post"}],"author":[{"embeddable":true,"href":"https:\/\/jorgezanoni.com.br\/2019\/wp-json\/wp\/v2\/users\/1"}],"replies":[{"embeddable":true,"href":"https:\/\/jorgezanoni.com.br\/2019\/wp-json\/wp\/v2\/comments?post=26616"}],"version-history":[{"count":0,"href":"https:\/\/jorgezanoni.com.br\/2019\/wp-json\/wp\/v2\/posts\/26616\/revisions"}],"wp:featuredmedia":[{"embeddable":true,"href":"https:\/\/jorgezanoni.com.br\/2019\/wp-json\/wp\/v2\/media\/26618"}],"wp:attachment":[{"href":"https:\/\/jorgezanoni.com.br\/2019\/wp-json\/wp\/v2\/media?parent=26616"}],"wp:term":[{"taxonomy":"category","embeddable":true,"href":"https:\/\/jorgezanoni.com.br\/2019\/wp-json\/wp\/v2\/categories?post=26616"},{"taxonomy":"post_tag","embeddable":true,"href":"https:\/\/jorgezanoni.com.br\/2019\/wp-json\/wp\/v2\/tags?post=26616"}],"curies":[{"name":"wp","href":"https:\/\/api.w.org\/{rel}","templated":true}]}}