{"id":26612,"date":"2020-05-22T14:49:36","date_gmt":"2020-05-22T14:49:36","guid":{"rendered":"https:\/\/jorgezanoni.com.br\/2019\/?p=26612"},"modified":"2020-05-22T15:04:39","modified_gmt":"2020-05-22T15:04:39","slug":"ja-foi-a-terra-da-garoa","status":"publish","type":"post","link":"https:\/\/jorgezanoni.com.br\/2019\/ja-foi-a-terra-da-garoa\/","title":{"rendered":"J\u00e1 foi a Terra da Garoa&#8230;"},"content":{"rendered":"<p style=\"text-align: justify;\"><strong>J\u00c1 FOI A TERRA DA GAROA&#8230; <\/strong><strong>\u00a0 \u00a0 \u00a0 \u00a0 \u00a0 \u00a0 \u00a0 \u00a0 \u00a0 \u00a0 \u00a0 \u00a0 \u00a0 \u00a0 \u00a0 \u00a0 \u00a0 \u00a0 \u00a0 \u00a0 \u00a0 \u00a0 \u00a0 \u00a0 \u00a0 \u00a0 \u00a0 \u00a0 \u00a0\u00a0<\/strong><\/p>\n<p style=\"text-align: justify;\"><strong>*CLAUDIVAL CLEMENTE.<\/strong><\/p>\n<p style=\"text-align: justify;\"><strong>**CLAUDIVAL MOURA CLEMENTE<\/strong><\/p>\n<p style=\"text-align: justify;\">A garoa estava sempre presente, caracter\u00edstica do clima tropical de altitude, pois se localiza acima do n\u00edvel do mar, fincada no planalto paulista, entremeada de v\u00e1rios c\u00f3rregos e rios, entre os quais se destacam o Tiet\u00ea, Pinheiros e Tamanduate\u00ed.<\/p>\n<p style=\"text-align: justify;\">Com o tempo a cidade foi crescendo, v\u00e1rios pr\u00e9dios constru\u00eddos, pessoas chegando das mais diversas partes do pa\u00eds e tamb\u00e9m do mundo, perdendo a caracter\u00edstica de \u201cterra da garoa\u201d. Se tornou grande, barulhenta e populosa, trocando o charme da terra da garoa para a \u201ccidade que n\u00e3o pode parar\u201d, que de fato n\u00e3o parou&#8230;<\/p>\n<p style=\"text-align: justify;\">Estabeleceu um sistema vi\u00e1rio, por meio das marginais e da Av.do Estados, utilizando os principais rios como refer\u00eancia, ligando a capital ao interior e \u00e0s cidades do entorno, caracterizando-se como uma regi\u00e3o metropolitana extremamente potente, polarizando e dinamizando estas localidades.<\/p>\n<p style=\"text-align: justify;\">Mas tamb\u00e9m \u00e9 o ambiente perfeito para propaga\u00e7\u00e3o do v\u00edrus SARS-Coc2, que provoca a Covid19, cuja transmiss\u00e3o se d\u00e1 por meio de got\u00edculas de salivas, preferencialmente em locais onde se aglomeram v\u00e1rias pessoas ao mesmo tempo.<\/p>\n<p style=\"text-align: justify;\">O governador do Estado e o Prefeito de S\u00e3o Paulo, desde o in\u00edcio da pandemia em mar\u00e7o deste ano, tem procurado alternativas para combater a expans\u00e3o do v\u00edrus e ao longo do tempo foram implantando medidas que tinham como objetivo diminuir a contamina\u00e7\u00e3o das pessoas, pois embora seja uma doen\u00e7a com baixa letalidade, pode levar v\u00e1rias pessoas a desenvolver complica\u00e7\u00f5es respirat\u00f3rias, exigindo interna\u00e7\u00e3o em Unidade de Terapia Intensiva e utiliza\u00e7\u00e3o de respiradores mec\u00e2nicos, para auxiliar o corpo a realizar o trabalho dos pulm\u00f5es que ficam comprometidos.<\/p>\n<p style=\"text-align: justify;\">Apesar da exist\u00eancia do SUS \u2013 Sistema \u00danico de Sa\u00fade que implantou v\u00e1rias Unidades B\u00e1sicas de Sa\u00fades \u2013 UBS e podem ser utilizadas na localiza\u00e7\u00e3o e triagem dos infectados, a rede hospitalar p\u00fablica n\u00e3o tem capacidade para atender v\u00e1rios pacientes ao mesmo tempo. Lamentavelmente os \u00faltimos governantes se preocuparam em investir em outras \u00e1reas, com visibilidade maior, relegando \u00e0 sa\u00fade uma pequena parte da verba p\u00fablica.<\/p>\n<p style=\"text-align: justify;\">O trabalho para evitar a contamina\u00e7\u00e3o de v\u00e1rias pessoas ao mesmo tempo tem esta preocupa\u00e7\u00e3o, poupar leitos para os que realmente necessitarem, especialmente os portadores de doen\u00e7as graves ou cr\u00f4nicas.<\/p>\n<p style=\"text-align: justify;\">O isolamento social com o fechamento dos com\u00e9rcios n\u00e3o essenciais, suspens\u00e3o de aulas em escolas e universidades, se mostraramparcialmente ineficientes, pois a popula\u00e7\u00e3o continua saindo e se reunindo em v\u00e1rios locais, ou seja, causando aglomera\u00e7\u00f5es, criando facilidades ao espalhamento do v\u00edrus.<\/p>\n<p style=\"text-align: justify;\">Por isso foi adotado a antecipa\u00e7\u00e3o de alguns feriados, surgindo um mega feriado do dia 20 ao dia 25 de maio; mas n\u00e3o \u00e9 um feriado prolongado para as pessoas sa\u00edrem de f\u00e9rias, passeios e lazer. \u00c9 para permitir que as pessoas possam ficar em casa, a despeito de todas as dificuldades econ\u00f4micas que possam provocar a perman\u00eancia em casa.<\/p>\n<p style=\"text-align: justify;\">Esta pandemia certamente ir\u00e1 mudar o mundo, talvez n\u00e3o como os otimistas pensem, mas far\u00e1 com as autoridades iniciem um planejamento de longo prazo, priorizando investimentos na \u00e1rea da sa\u00fade, investindo e modernizando as instala\u00e7\u00f5es do SUS que podem servir como extensa e pontual rede de atendimento \u00e0 todas as pessoas, independentemente de classes sociais.<\/p>\n<p style=\"text-align: justify;\">Mas al\u00e9m disso investir em ci\u00eancia e tecnologia, unir-se \u00e0s universidades e pesquisadores para que o pa\u00eds esteja preparado para novos e futuros v\u00edrus que poder\u00e3o voltar para assolar a humanidade, estudando, inclusive, se as medidas implantadas, tais como o isolamento social realmente consegue baixar os n\u00edveis de contamina\u00e7\u00e3o.<\/p>\n<p style=\"text-align: justify;\">Da mesma forma, as autoridades t\u00eam que estabelecer nos or\u00e7amentos p\u00fablicos uma verba destinada ao aux\u00edlio emergencial para a popula\u00e7\u00e3o de baixa renda e para as empresas, especialmente as pequenas e micro empresas, para substituir a renda perdida durante o isolamento. O Estado tem que cumprir o seu papel.<\/p>\n<p style=\"text-align: justify;\">O mais importante neste momento \u00e9 procurar uma forma de ficar em casa, de se isolar com a fam\u00edlia, intensificando o combate ao inimigo mortal e invis\u00edvel, caso seja necess\u00e1rios sair, sempre \u00a0mantendo dist\u00e2ncia segura entre as pessoas, usando as m\u00e1scaras, manter as m\u00e3os limpas com \u00e1gua e sab\u00e3o ou \u00e1lcool gel.<\/p>\n<p style=\"text-align: justify;\">Juntos somos mais fortes, juntos venceremos. O Brasil ir\u00e1 vencer o v\u00edrus. O Brasil precisa de todos n\u00f3s.<\/p>\n<p style=\"text-align: justify;\">Envie d\u00favidas, coment\u00e1rios ou sugest\u00f5es para <a href=\"mailto:bcrcconsultoria@gmail.com\">bcrcconsultoria@gmail.com<\/a>. At\u00e9 a pr\u00f3xima.<\/p>\n<p style=\"text-align: justify;\">*Formado em Direito pela Universidade Estadual de Direito do Norte Pioneiro em Jacarezinho e em Administra\u00e7\u00e3o de Empresas nas Faculdades Integradas de Ourinhos. MBA em Comunica\u00e7\u00e3o Corporativa pela Universidade Est\u00e1cio de S\u00e1(em curso) . S\u00f3cio s\u00eanior da BCRC Consultoria em Comunica\u00e7\u00e3o.<\/p>\n<p style=\"text-align: justify;\">** Revis\u00e3o e colabora\u00e7\u00e3o\u00a0 &#8211; Acad\u00eamico de Administra\u00e7\u00e3o de Empresas na UNICID.<\/p>\n","protected":false},"excerpt":{"rendered":"<p>J\u00c1 FOI A TERRA DA GAROA&#8230; \u00a0 \u00a0 \u00a0 \u00a0 \u00a0 \u00a0 \u00a0 \u00a0 \u00a0 \u00a0 \u00a0 \u00a0 \u00a0 \u00a0 \u00a0 \u00a0 \u00a0 \u00a0 \u00a0 \u00a0 \u00a0 \u00a0 \u00a0 \u00a0 \u00a0 \u00a0 \u00a0 \u00a0 \u00a0\u00a0 *CLAUDIVAL CLEMENTE. **CLAUDIVAL MOURA CLEMENTE A garoa estava sempre presente, caracter\u00edstica do clima tropical de altitude, pois se localiza acima [&hellip;]<\/p>\n","protected":false},"author":1,"featured_media":26613,"comment_status":"closed","ping_status":"open","sticky":false,"template":"","format":"standard","meta":{"footnotes":""},"categories":[175],"tags":[],"class_list":["post-26612","post","type-post","status-publish","format-standard","has-post-thumbnail","hentry","category-artigos"],"_links":{"self":[{"href":"https:\/\/jorgezanoni.com.br\/2019\/wp-json\/wp\/v2\/posts\/26612","targetHints":{"allow":["GET"]}}],"collection":[{"href":"https:\/\/jorgezanoni.com.br\/2019\/wp-json\/wp\/v2\/posts"}],"about":[{"href":"https:\/\/jorgezanoni.com.br\/2019\/wp-json\/wp\/v2\/types\/post"}],"author":[{"embeddable":true,"href":"https:\/\/jorgezanoni.com.br\/2019\/wp-json\/wp\/v2\/users\/1"}],"replies":[{"embeddable":true,"href":"https:\/\/jorgezanoni.com.br\/2019\/wp-json\/wp\/v2\/comments?post=26612"}],"version-history":[{"count":0,"href":"https:\/\/jorgezanoni.com.br\/2019\/wp-json\/wp\/v2\/posts\/26612\/revisions"}],"wp:featuredmedia":[{"embeddable":true,"href":"https:\/\/jorgezanoni.com.br\/2019\/wp-json\/wp\/v2\/media\/26613"}],"wp:attachment":[{"href":"https:\/\/jorgezanoni.com.br\/2019\/wp-json\/wp\/v2\/media?parent=26612"}],"wp:term":[{"taxonomy":"category","embeddable":true,"href":"https:\/\/jorgezanoni.com.br\/2019\/wp-json\/wp\/v2\/categories?post=26612"},{"taxonomy":"post_tag","embeddable":true,"href":"https:\/\/jorgezanoni.com.br\/2019\/wp-json\/wp\/v2\/tags?post=26612"}],"curies":[{"name":"wp","href":"https:\/\/api.w.org\/{rel}","templated":true}]}}