{"id":26592,"date":"2020-05-22T14:14:28","date_gmt":"2020-05-22T14:14:28","guid":{"rendered":"https:\/\/jorgezanoni.com.br\/2019\/?p=26592"},"modified":"2020-05-22T14:14:28","modified_gmt":"2020-05-22T14:14:28","slug":"capitao-pm-julio-romagnoli-e-promovido-ao-posto-de-major","status":"publish","type":"post","link":"https:\/\/jorgezanoni.com.br\/2019\/capitao-pm-julio-romagnoli-e-promovido-ao-posto-de-major\/","title":{"rendered":"Capit\u00e3o PM J\u00falio Romagnoli \u00e9 promovido ao posto de Major"},"content":{"rendered":"<p style=\"text-align: justify;\">UMA HIST\u00d3RIA DE SUCESSO: CAPIT\u00c3O PM J\u00daLIO ROMAGNOLI \u00c9 PROMOVIDO AO POSTO DE MAJOR DA POL\u00cdCIA MILITAR.<\/p>\n<p style=\"text-align: justify;\">Na data de quarta-feira (20) foi publicado no Di\u00e1rio Oficial do Estado de S\u00e3o Paulo a promo\u00e7\u00e3o do Oficialato da Pol\u00edcia Militar incluindo o Oficiais da \u00e1rea do Comando de Policiamento do Interior Oito.<br \/>\nO Capit\u00e3o de Pol\u00edcia Militar J\u00falio Marcelo Romagnoli dos Santos, com uma hist\u00f3ria de 20 anos de dedica\u00e7\u00e3o no 25\u00ba BPM\/I, est\u00e1 entre eles, sendo promovido ao posto de Major da Pol\u00edcia Militar.<br \/>\nO Major PM J\u00falio ingressou na Academia do Barro Branco da Pol\u00edcia Militar do Estado de S\u00e3o Paulo no m\u00eas de janeiro de 1994 e em 1997, ap\u00f3s 4 anos de forma\u00e7\u00e3o, foi promovido a Aspirante a Oficial, tendo sido classificado no 4\u00ba Batalh\u00e3o de Pol\u00edcia Militar na Capital do Estado. Em 1998 foi promovido a 2\u00ba Tenente PM. Em 2001 foi classificado no 25\u00ba Batalh\u00e3o de Pol\u00edcia Militar do Interior, com sede em Dracena\/SP. Em 2005 foi promovido a 1\u00ba Tenente da Pol\u00edcia Militar. Em 2006 assumiu o comando de Pelot\u00e3o de For\u00e7a T\u00e1tica do Batalh\u00e3o, Pelot\u00e3o rec\u00e9m inaugurado na Unidade. Atuou em in\u00fameras crises como negociador e Cmt de Pelot\u00e3o de Choque. Em 2012 foi promovido a Capit\u00e3o da Pol\u00edcia Militar, onde assumiu a titularidade do Comando da 2\u00aa Companhia PM em Adamantina\/SP.<br \/>\nNos anos de 2018 at\u00e9 a atualidade assumiu a fun\u00e7\u00e3o Interina de Subcomandante de Batalh\u00e3o e Coordenador Operacional da regi\u00e3o.<br \/>\nForma\u00e7\u00e3o:<br \/>\nBacharel em Ci\u00eancias Policiais de Seguran\u00e7a e Ordem P\u00fablica pela Academia de Pol\u00edcia Militar do Barro Branco.<br \/>\nMestre em Ci\u00eancias Policiais de Seguran\u00e7a e Ordem P\u00fablica pela Academia de Pol\u00edcia Militar do Barro Branco.<br \/>\nBacharel em Direito pela Faculdade Educacional Vale do Jurumirim de Avar\u00e9\/SP, com especializa\u00e7\u00e3o \u201clatu senso\u201d em Direito Administrativo pela Rede de Ensino Luiz Fl\u00e1vio Gomes e especializa\u00e7\u00e3o em Direito Penal pela UNIP.<br \/>\nCurso de Media\u00e7\u00e3o Judicial pelo Tribunal de Justi\u00e7a do Estado de S\u00e3o Paulo.<br \/>\nDesde o ano de 2002 \u00e9 professor do Curso de Forma\u00e7\u00e3o de Soldados e atualiza\u00e7\u00e3o profissional aos Policiais Militares da regi\u00e3o com in\u00fameros cursos realizados na institui\u00e7\u00e3o Policial Militar.<br \/>\nRelembrando os momentos marcantes de sua carreira e fazendo uma proje\u00e7\u00e3o futura, o Major PM J\u00falio citou:<br \/>\n\u201cTive a honra de em todas as promo\u00e7\u00f5es em ser promovido por merecimento, o que acabou por coroar a expectativa de ter realizado o meu melhor durante os 26 anos e meio de servi\u00e7os prestados a sociedade.<br \/>\nTinha uma meta em poder ajudar na cria\u00e7\u00e3o de dois Centros Judici\u00e1rios de Solu\u00e7\u00e3o de Conflitos\/N\u00facleo de Media\u00e7\u00e3o Comunit\u00e1ria nas cidades de Adamantina e Dracena, onde conseguimos com o apoio do Poder Judici\u00e1rio concretizar o planejamento.<br \/>\nFiquei muito feliz que em 2018 fui reconhecido pelos servi\u00e7os prestados pela C\u00e2mara Municipal de Adamantina\/SP com o T\u00edtulo de Cidad\u00e3o Adamantinense.<br \/>\nA promo\u00e7\u00e3o ao posto de Major da Pol\u00edcia Militar traz novos desafios, como Oficial Superior o comprometimento com a causa p\u00fablica se torna mais desafiador e de maior responsabilidade. Tenho certeza que a integra\u00e7\u00e3o da Pol\u00edcia Militar com as demais autoridades constitu\u00eddas ser\u00e1 fundamental para alcan\u00e7ar o sucesso na busca da sensa\u00e7\u00e3o de seguran\u00e7a tanto almejada pela sociedade. E sem d\u00favida o est\u00edmulo a integra\u00e7\u00e3o da sociedade com assuntos relacionados a seguran\u00e7a p\u00fablica ser\u00e1 fundamental, tamb\u00e9m, para a manuten\u00e7\u00e3o dos \u00edndices criminais em nossa \u00e1rea de atua\u00e7\u00e3o e quanto a este fato, fomos pioneiros na forma\u00e7\u00e3o do programa Vizinhan\u00e7a Solid\u00e1ria na cidade de Adamantina\/SP, buscando a corresponsabilidade de todos os cidad\u00e3os em assuntos de seguran\u00e7a p\u00fablica, assim como \u00e9 defensor da atua\u00e7\u00e3o do Conselho de Seguran\u00e7a Comunit\u00e1ria (CONSEG).<br \/>\nMeu agradecimento a esta promo\u00e7\u00e3o de hoje, em primeiro lugar, a Deus, Grande Arquiteto do Universo, que me trouxe luz em meio a decis\u00f5es importantes durante a minha carreira. Agrade\u00e7o tamb\u00e9m a minha fam\u00edlia, Francy, J\u00fanior e Pedro, que sempre me acompanhou e me apoiou em todos os momentos. Agrade\u00e7o aos meus antigos e atuais comandantes pelos ensinamentos e aos meus amigos civis e militares com quem as experi\u00eancias compartilhei.<br \/>\nTenho a esperan\u00e7a que neste momento de cautela com a sa\u00fade seja superado e possamos viver tempos melhores na companhia de todos\u201d<\/p>\n<p>Fonte: Com. Social Pol\u00edcia Militar<\/p>\n","protected":false},"excerpt":{"rendered":"<p>UMA HIST\u00d3RIA DE SUCESSO: CAPIT\u00c3O PM J\u00daLIO ROMAGNOLI \u00c9 PROMOVIDO AO POSTO DE MAJOR DA POL\u00cdCIA MILITAR. Na data de quarta-feira (20) foi publicado no Di\u00e1rio Oficial do Estado de S\u00e3o Paulo a promo\u00e7\u00e3o do Oficialato da Pol\u00edcia Militar incluindo o Oficiais da \u00e1rea do Comando de Policiamento do Interior Oito. O Capit\u00e3o de Pol\u00edcia [&hellip;]<\/p>\n","protected":false},"author":1,"featured_media":26593,"comment_status":"closed","ping_status":"open","sticky":false,"template":"","format":"standard","meta":{"footnotes":""},"categories":[110,2],"tags":[],"class_list":["post-26592","post","type-post","status-publish","format-standard","has-post-thumbnail","hentry","category-noticiasdestaque","category-policial"],"_links":{"self":[{"href":"https:\/\/jorgezanoni.com.br\/2019\/wp-json\/wp\/v2\/posts\/26592","targetHints":{"allow":["GET"]}}],"collection":[{"href":"https:\/\/jorgezanoni.com.br\/2019\/wp-json\/wp\/v2\/posts"}],"about":[{"href":"https:\/\/jorgezanoni.com.br\/2019\/wp-json\/wp\/v2\/types\/post"}],"author":[{"embeddable":true,"href":"https:\/\/jorgezanoni.com.br\/2019\/wp-json\/wp\/v2\/users\/1"}],"replies":[{"embeddable":true,"href":"https:\/\/jorgezanoni.com.br\/2019\/wp-json\/wp\/v2\/comments?post=26592"}],"version-history":[{"count":0,"href":"https:\/\/jorgezanoni.com.br\/2019\/wp-json\/wp\/v2\/posts\/26592\/revisions"}],"wp:featuredmedia":[{"embeddable":true,"href":"https:\/\/jorgezanoni.com.br\/2019\/wp-json\/wp\/v2\/media\/26593"}],"wp:attachment":[{"href":"https:\/\/jorgezanoni.com.br\/2019\/wp-json\/wp\/v2\/media?parent=26592"}],"wp:term":[{"taxonomy":"category","embeddable":true,"href":"https:\/\/jorgezanoni.com.br\/2019\/wp-json\/wp\/v2\/categories?post=26592"},{"taxonomy":"post_tag","embeddable":true,"href":"https:\/\/jorgezanoni.com.br\/2019\/wp-json\/wp\/v2\/tags?post=26592"}],"curies":[{"name":"wp","href":"https:\/\/api.w.org\/{rel}","templated":true}]}}