{"id":26589,"date":"2020-05-22T13:49:39","date_gmt":"2020-05-22T13:49:39","guid":{"rendered":"https:\/\/jorgezanoni.com.br\/2019\/?p=26589"},"modified":"2020-05-22T13:49:39","modified_gmt":"2020-05-22T13:49:39","slug":"policia-militar-esclarece-atraves-de-nota-como-esta-agindo-na-pandemia","status":"publish","type":"post","link":"https:\/\/jorgezanoni.com.br\/2019\/policia-militar-esclarece-atraves-de-nota-como-esta-agindo-na-pandemia\/","title":{"rendered":"Pol\u00edcia Militar esclarece atrav\u00e9s de Nota como est\u00e1 agindo na Pandemia"},"content":{"rendered":"<p style=\"text-align: justify;\"><u>Nota de ImprensaN\u00ba 25BPMI-055\/50\/20<\/u><\/p>\n<p style=\"text-align: justify;\"><strong><u>\u00a0<\/u><\/strong><strong><u>COMPET\u00caNCIA DE FISCALIZA\u00c7\u00c3O. <\/u><\/strong><\/p>\n<p style=\"text-align: justify;\">A Pol\u00edcia Militar do Estado de S\u00e3o Paulo (PMESP), especificamente na \u00e1rea circunscricional do 25\u00ba Batalh\u00e3o de Pol\u00edcia Militar do Interior, vem desenvolvendo suas atribui\u00e7\u00f5es constitucionais, relacionadas \u00e0 pol\u00edcia ostensiva e preserva\u00e7\u00e3o da ordem p\u00fablica, com especial observa\u00e7\u00e3o ao cumprimento do Decreto Estadual n\u00ba 64.881, de 23\/03\/2020 (alterado pelos Decretos Estaduais n\u00ba 64.946, de 17\/04\/2020; n\u00ba 64.949, de 23\/04\/2020; e n\u00ba 64.975, de 13\/05\/2020).<\/p>\n<p style=\"text-align: justify;\">\u00a0\u00a0\u00a0\u00a0\u00a0\u00a0\u00a0\u00a0\u00a0\u00a0\u00a0 Desde o in\u00edcio da vig\u00eancia da \u201cquarentena\u201d o policiamento preventivo vem atuando na orienta\u00e7\u00e3o \u00e0 popula\u00e7\u00e3o e em apoio ao Poder P\u00fablico Municipal quanto \u00e0 fiscaliza\u00e7\u00e3o de estabelecimentos que n\u00e3o atente para as suspens\u00f5es impostas pelos supracitados decretos estaduais.<\/p>\n<p style=\"text-align: justify;\">\u00a0\u00a0\u00a0\u00a0\u00a0\u00a0\u00a0\u00a0\u00a0\u00a0\u00a0 As a\u00e7\u00f5es policiais militares est\u00e3o pautadas nas Miss\u00f5es Institucionais da PMESP (proteger as pessoas, fazer cumprir as leis, combater o crime e preservar a ordem p\u00fablica), com foco especial no cen\u00e1rio atual, atinente \u00e0s demandas relacionadas \u00e0 Pandemia do Covid-19 e suas consequ\u00eancias na esfera da Seguran\u00e7a P\u00fablica.<\/p>\n<p style=\"text-align: justify;\">\u00a0\u00a0\u00a0\u00a0\u00a0\u00a0\u00a0\u00a0\u00a0\u00a0\u00a0 Com rela\u00e7\u00e3o <strong>\u00e0 circula\u00e7\u00e3o de pessoas <\/strong><strong>no \u00e2mbito do Estado de S\u00e3o Paulo<\/strong>, consta no artigo 4\u00ba, do Decreto 64.881\/2020 que se trata de <strong>recomenda\u00e7\u00e3o<\/strong>, nesse sentido a Pol\u00edcia Militar vem atuando, com foco na seguran\u00e7a das \u00e1reas comerciais dos munic\u00edpios.<\/p>\n<p style=\"text-align: justify;\">\u00a0\u00a0\u00a0\u00a0\u00a0\u00a0\u00a0\u00a0\u00a0\u00a0\u00a0 O Decreto n\u00ba 64.959, de 04\/05\/2020 <strong>delega aos Munic\u00edpios a atribui\u00e7\u00e3o para fiscaliza\u00e7\u00e3o<\/strong>nos espa\u00e7os de acesso aberto ao p\u00fablico, inclu\u00eddos os bens de uso comum da popula\u00e7\u00e3o e em estabelecimentos que executem atividades essenciais, isso no que diz respeito ao uso de m\u00e1scara de prote\u00e7\u00e3o facial.<\/p>\n<p style=\"text-align: justify;\">\u00a0\u00a0\u00a0\u00a0\u00a0\u00a0\u00a0\u00a0\u00a0\u00a0\u00a0 Nessa toada, <strong>Decretos Municipais n\u00e3o tem o cond\u00e3o de vincular procedimentos ou alterar protocolo de atua\u00e7\u00e3o da PMESP, cabendo responsabilidades, t\u00e3o somente para as respectivas Prefeituras Municipais.<\/strong><\/p>\n<p style=\"text-align: justify;\"><strong>\u00a0\u00a0\u00a0\u00a0\u00a0\u00a0\u00a0\u00a0\u00a0\u00a0\u00a0 <\/strong>Policiais Militares poder\u00e3o ser acionados para prestarem apoio aos fiscais municipais, com vistas \u00e0 preserva\u00e7\u00e3o da Ordem P\u00fablica e na Legisla\u00e7\u00e3o Federal e Estadual.<\/p>\n<p style=\"text-align: justify;\">Se\u00e7\u00e3o de Comunica\u00e7\u00e3o Social<\/p>\n<p style=\"text-align: justify;\">VIG\u00c9SIMO QUINTO BATALH\u00c3O DE POLICIA MILITAR DO INTERIOR<\/p>\n<p style=\"text-align: justify;\">Rua Messias Ferreira da Palma, 163 \u2013 Centro \u2013 Dracena\/SP.<\/p>\n<p style=\"text-align: justify;\">Fone: (18) 3821-3313 \u2013 E-mail: <a href=\"mailto:25bpmip5@policiamilitar.sp.gov.br\">25bpmip5@policiamilitar.sp.gov.br<\/a><\/p>\n<p style=\"text-align: justify;\"><strong><em>\u00a0\u201cN\u00f3s, Policiais Militares, sob a prote\u00e7\u00e3o de Deus, estamos compromissados com a defesa da Vida, da Integridade F\u00edsica e da Dignidade da Pessoa Humana\u201d.<\/em><\/strong><\/p>\n","protected":false},"excerpt":{"rendered":"<p>Nota de ImprensaN\u00ba 25BPMI-055\/50\/20 \u00a0COMPET\u00caNCIA DE FISCALIZA\u00c7\u00c3O. A Pol\u00edcia Militar do Estado de S\u00e3o Paulo (PMESP), especificamente na \u00e1rea circunscricional do 25\u00ba Batalh\u00e3o de Pol\u00edcia Militar do Interior, vem desenvolvendo suas atribui\u00e7\u00f5es constitucionais, relacionadas \u00e0 pol\u00edcia ostensiva e preserva\u00e7\u00e3o da ordem p\u00fablica, com especial observa\u00e7\u00e3o ao cumprimento do Decreto Estadual n\u00ba 64.881, de 23\/03\/2020 (alterado [&hellip;]<\/p>\n","protected":false},"author":1,"featured_media":26590,"comment_status":"closed","ping_status":"open","sticky":false,"template":"","format":"standard","meta":{"footnotes":""},"categories":[110,2],"tags":[],"class_list":["post-26589","post","type-post","status-publish","format-standard","has-post-thumbnail","hentry","category-noticiasdestaque","category-policial"],"_links":{"self":[{"href":"https:\/\/jorgezanoni.com.br\/2019\/wp-json\/wp\/v2\/posts\/26589","targetHints":{"allow":["GET"]}}],"collection":[{"href":"https:\/\/jorgezanoni.com.br\/2019\/wp-json\/wp\/v2\/posts"}],"about":[{"href":"https:\/\/jorgezanoni.com.br\/2019\/wp-json\/wp\/v2\/types\/post"}],"author":[{"embeddable":true,"href":"https:\/\/jorgezanoni.com.br\/2019\/wp-json\/wp\/v2\/users\/1"}],"replies":[{"embeddable":true,"href":"https:\/\/jorgezanoni.com.br\/2019\/wp-json\/wp\/v2\/comments?post=26589"}],"version-history":[{"count":0,"href":"https:\/\/jorgezanoni.com.br\/2019\/wp-json\/wp\/v2\/posts\/26589\/revisions"}],"wp:featuredmedia":[{"embeddable":true,"href":"https:\/\/jorgezanoni.com.br\/2019\/wp-json\/wp\/v2\/media\/26590"}],"wp:attachment":[{"href":"https:\/\/jorgezanoni.com.br\/2019\/wp-json\/wp\/v2\/media?parent=26589"}],"wp:term":[{"taxonomy":"category","embeddable":true,"href":"https:\/\/jorgezanoni.com.br\/2019\/wp-json\/wp\/v2\/categories?post=26589"},{"taxonomy":"post_tag","embeddable":true,"href":"https:\/\/jorgezanoni.com.br\/2019\/wp-json\/wp\/v2\/tags?post=26589"}],"curies":[{"name":"wp","href":"https:\/\/api.w.org\/{rel}","templated":true}]}}