{"id":26582,"date":"2020-05-22T13:13:26","date_gmt":"2020-05-22T13:13:26","guid":{"rendered":"https:\/\/jorgezanoni.com.br\/2019\/?p=26582"},"modified":"2020-05-22T13:13:26","modified_gmt":"2020-05-22T13:13:26","slug":"aviao-cai-em-area-urbana-do-paquistao-com-mais-de-100-a-bordo","status":"publish","type":"post","link":"https:\/\/jorgezanoni.com.br\/2019\/aviao-cai-em-area-urbana-do-paquistao-com-mais-de-100-a-bordo\/","title":{"rendered":"Avi\u00e3o cai em \u00e1rea urbana do Paquist\u00e3o com mais de 100 a bordo"},"content":{"rendered":"<h2 class=\"content-head__subtitle\" style=\"text-align: justify;\"><strong>Aeronave da Pakistan International Airlines caiu em Karachi. Informa\u00e7\u00f5es iniciais indicam que ele transportava 99 passageiros e 8 tripulantes.<\/strong><\/h2>\n<div class=\"mc-column content-text active-extra-styles \" data-block-type=\"unstyled\" data-block-weight=\"34\" data-block-id=\"2\">\n<p class=\"content-text__container \" style=\"text-align: justify;\" data-track-category=\"Link no Texto\" data-track-links=\"\">Um avi\u00e3o da Pakistan International Airlines caiu nesta sexta-feira (22) em uma \u00e1rea residencial de Karachi, no\u00a0<a href=\"https:\/\/g1.globo.com\/tudo-sobre\/paquistao\/\">Paquist\u00e3o<\/a>. A aeronave seguia para o aeroporto Internacional de Jinnah, um dos aeroportos mais movimentados do pa\u00eds.<\/p>\n<\/div>\n<div class=\"wall protected-content\">\n<div class=\"mc-column content-text active-extra-styles \" data-block-type=\"unstyled\" data-block-weight=\"31\" data-block-id=\"3\">\n<p class=\"content-text__container \" style=\"text-align: justify;\" data-track-category=\"Link no Texto\" data-track-links=\"\">O voo PK 8303, que tinha partido da cidade de Lahore, transportava 99 passageiros e oito tripulantes, segundo informa\u00e7\u00f5es iniciais divulgadas por Abdul Sattar, porta-voz da autoridade paquistanesa de avia\u00e7\u00e3o.<\/p>\n<p style=\"text-align: justify;\" data-track-category=\"Link no Texto\" data-track-links=\"\">Testemunhas disseram que o Airbus A320 tentou pousar mais de uma vez antes de cair perto de Model Colony, um bairro de Karachi a cerca de 3,2 km a nordeste do aeroporto. Equipes de resgate relataram que casas ficaram danificadas no bairro pobre e muito populoso. A fuma\u00e7a foi vista \u00e0 dist\u00e2ncia.<\/p>\n<div class=\"mc-column content-text active-extra-styles \" style=\"text-align: justify;\" data-block-type=\"unstyled\" data-block-weight=\"20\" data-block-id=\"7\">\n<p class=\"content-text__container \" data-track-category=\"Link no Texto\" data-track-links=\"\">Uma emissora local mostrou muitas pessoas que se aglomeravam perto do local do acidente e ambul\u00e2ncias que tentavam se deslocar.<\/p>\n<\/div>\n<div class=\"mc-column content-text active-extra-styles \" style=\"text-align: justify;\" data-block-type=\"unstyled\" data-block-weight=\"40\" data-block-id=\"8\">\n<p class=\"content-text__container \" data-track-category=\"Link no Texto\" data-track-links=\"\">Um funcion\u00e1rio da avia\u00e7\u00e3o civil disse \u00e0 Reuters que aparentemente o avi\u00e3o teve uma falha t\u00e9cnica no trem de pouso, mas que ainda \u00e9 cedo para determinar a causa do acidente. A Airbus n\u00e3o se manifestou sobre o acidente.<\/p>\n<\/div>\n<div class=\"row medium-uncollapsed content-media content-photo\" style=\"text-align: justify;\" data-block-type=\"backstage-photo\" data-block-id=\"9\">\n<div class=\"mc-column content-media__container\">\n<figure><img decoding=\"async\" class=\"i-amphtml-fill-content i-amphtml-replaced-content\" src=\"https:\/\/s2.glbimg.com\/Ij4Nkz7ztwd7nfGzjYMfOSxbkY4=\/0x0:5568x3712\/984x0\/smart\/filters:strip_icc()\/i.s3.glbimg.com\/v1\/AUTH_59edd422c0c84a879bd37670ae4f538a\/internal_photos\/bs\/2020\/j\/p\/L6YQQfR7O4NsfolXFpAw\/aeronave.jpg\" sizes=\"(max-width: 1242px) 648px, 100vw\" srcset=\"https:\/\/s2.glbimg.com\/OjdfCbSSylQJWWLCCh2y4ntFN_E=\/0x0:5568x3712\/1000x0\/smart\/filters:strip_icc()\/i.s3.glbimg.com\/v1\/AUTH_59edd422c0c84a879bd37670ae4f538a\/internal_photos\/bs\/2020\/j\/p\/L6YQQfR7O4NsfolXFpAw\/aeronave.jpg 1000w, https:\/\/s2.glbimg.com\/Ij4Nkz7ztwd7nfGzjYMfOSxbkY4=\/0x0:5568x3712\/984x0\/smart\/filters:strip_icc()\/i.s3.glbimg.com\/v1\/AUTH_59edd422c0c84a879bd37670ae4f538a\/internal_photos\/bs\/2020\/j\/p\/L6YQQfR7O4NsfolXFpAw\/aeronave.jpg 984w, https:\/\/s2.glbimg.com\/4o4jpMuFsBFeW_goBA4nw9iPfIg=\/0x0:5568x3712\/640x0\/smart\/filters:strip_icc()\/i.s3.glbimg.com\/v1\/AUTH_59edd422c0c84a879bd37670ae4f538a\/internal_photos\/bs\/2020\/j\/p\/L6YQQfR7O4NsfolXFpAw\/aeronave.jpg 640w, https:\/\/s2.glbimg.com\/G9BdPUMgHE-KxFddTwcvbwnPAzA=\/0x0:5568x3712\/600x0\/smart\/filters:strip_icc()\/i.s3.glbimg.com\/v1\/AUTH_59edd422c0c84a879bd37670ae4f538a\/internal_photos\/bs\/2020\/j\/p\/L6YQQfR7O4NsfolXFpAw\/aeronave.jpg 600w\" alt=\"Equipe de resgate joga \u00e1gua em parte de aeronave da Pakistan International Airlines que caiu em \u00e1rea comercial de Karachi, no Paquist\u00e3o, nesta sexta-feira (22)  \u2014 Foto: Asif Hassan \/ AFP\" \/><\/figure>\n<p class=\"content-media__description \">Equipe de resgate joga \u00e1gua em parte de aeronave da Pakistan International Airlines que caiu em \u00e1rea comercial de Karachi, no Paquist\u00e3o, nesta sexta-feira (22) \u2014 Foto: Asif Hassan \/ AFP<\/p>\n<\/div>\n<\/div>\n<div class=\"mc-column content-text active-extra-styles \" style=\"text-align: justify;\" data-block-type=\"unstyled\" data-block-weight=\"20\" data-block-id=\"10\">\n<p class=\"content-text__container \" data-track-category=\"Link no Texto\" data-track-links=\"\">O voo normalmente leva uma hora e meia da cidade de Lahore (em Punjab, no nordeste do pa\u00eds) at\u00e9 Karachi.<\/p>\n<\/div>\n<div class=\"mc-column content-text active-extra-styles \" data-block-type=\"unstyled\" data-block-weight=\"35\" data-block-id=\"11\">\n<p class=\"content-text__container \" style=\"text-align: justify;\" data-track-category=\"Link no Texto\" data-track-links=\"\">O acidente ocorre apenas alguns dias ap\u00f3s o pa\u00eds come\u00e7ar a permitir a retomada dos voos comerciais ap\u00f3s o bloqueio imposto para conter a propaga\u00e7\u00e3o da pandemia de Covid-19, a doen\u00e7a provocada pelo novo coronav\u00edrus.<\/p>\n<figure style=\"text-align: justify;\"><img decoding=\"async\" class=\"i-amphtml-fill-content i-amphtml-replaced-content\" src=\"https:\/\/s2.glbimg.com\/TpoKIBcVMjM8OC4Tx5YSm1j__Cc=\/0x0:3840x2160\/984x0\/smart\/filters:strip_icc()\/i.s3.glbimg.com\/v1\/AUTH_59edd422c0c84a879bd37670ae4f538a\/internal_photos\/bs\/2020\/E\/m\/NGSRLVTT2WGBLEF8b8mA\/fumaca.jpg\" sizes=\"(max-width: 1242px) 648px, 100vw\" srcset=\"https:\/\/s2.glbimg.com\/quTCrKoBMR8ZoY5wAhdZOg1rWLY=\/0x0:3840x2160\/1000x0\/smart\/filters:strip_icc()\/i.s3.glbimg.com\/v1\/AUTH_59edd422c0c84a879bd37670ae4f538a\/internal_photos\/bs\/2020\/E\/m\/NGSRLVTT2WGBLEF8b8mA\/fumaca.jpg 1000w, https:\/\/s2.glbimg.com\/TpoKIBcVMjM8OC4Tx5YSm1j__Cc=\/0x0:3840x2160\/984x0\/smart\/filters:strip_icc()\/i.s3.glbimg.com\/v1\/AUTH_59edd422c0c84a879bd37670ae4f538a\/internal_photos\/bs\/2020\/E\/m\/NGSRLVTT2WGBLEF8b8mA\/fumaca.jpg 984w, https:\/\/s2.glbimg.com\/_9p5xFthOkWmjWvuk0GR4JHGOIA=\/0x0:3840x2160\/640x0\/smart\/filters:strip_icc()\/i.s3.glbimg.com\/v1\/AUTH_59edd422c0c84a879bd37670ae4f538a\/internal_photos\/bs\/2020\/E\/m\/NGSRLVTT2WGBLEF8b8mA\/fumaca.jpg 640w, https:\/\/s2.glbimg.com\/zyEh94abMHMlfGTPvlAaf5_y7DU=\/0x0:3840x2160\/600x0\/smart\/filters:strip_icc()\/i.s3.glbimg.com\/v1\/AUTH_59edd422c0c84a879bd37670ae4f538a\/internal_photos\/bs\/2020\/E\/m\/NGSRLVTT2WGBLEF8b8mA\/fumaca.jpg 600w\" alt=\"Uma nuvem de fuma\u00e7a \u00e9 vista ap\u00f3s o acidente de uma aeronave em Karachi, no Paquist\u00e3o, nesta sexta-feira (22)  \u2014 Foto: Twitter \/ Shahabnafees via Reuters\" \/><\/figure>\n<p class=\"content-media__description \" style=\"text-align: justify;\">Uma nuvem de fuma\u00e7a \u00e9 vista ap\u00f3s o acidente de uma aeronave em Karachi, no Paquist\u00e3o, nesta sexta-feira (22) \u2014 Foto: Twitter \/ Shahabnafees via Reuters<\/p>\n<p style=\"text-align: justify;\">Fonte: https:\/\/g1.globo.com\/mundo\/noticia\/2020\/05\/22\/aviao-cai-no-paquistao.ghtml<\/p>\n<\/div>\n<\/div>\n<\/div>\n","protected":false},"excerpt":{"rendered":"<p>Aeronave da Pakistan International Airlines caiu em Karachi. Informa\u00e7\u00f5es iniciais indicam que ele transportava 99 passageiros e 8 tripulantes. Um avi\u00e3o da Pakistan International Airlines caiu nesta sexta-feira (22) em uma \u00e1rea residencial de Karachi, no\u00a0Paquist\u00e3o. A aeronave seguia para o aeroporto Internacional de Jinnah, um dos aeroportos mais movimentados do pa\u00eds. O voo PK [&hellip;]<\/p>\n","protected":false},"author":1,"featured_media":26583,"comment_status":"closed","ping_status":"open","sticky":false,"template":"","format":"standard","meta":{"footnotes":""},"categories":[170,110],"tags":[],"class_list":["post-26582","post","type-post","status-publish","format-standard","has-post-thumbnail","hentry","category-acidentes","category-noticiasdestaque"],"_links":{"self":[{"href":"https:\/\/jorgezanoni.com.br\/2019\/wp-json\/wp\/v2\/posts\/26582","targetHints":{"allow":["GET"]}}],"collection":[{"href":"https:\/\/jorgezanoni.com.br\/2019\/wp-json\/wp\/v2\/posts"}],"about":[{"href":"https:\/\/jorgezanoni.com.br\/2019\/wp-json\/wp\/v2\/types\/post"}],"author":[{"embeddable":true,"href":"https:\/\/jorgezanoni.com.br\/2019\/wp-json\/wp\/v2\/users\/1"}],"replies":[{"embeddable":true,"href":"https:\/\/jorgezanoni.com.br\/2019\/wp-json\/wp\/v2\/comments?post=26582"}],"version-history":[{"count":0,"href":"https:\/\/jorgezanoni.com.br\/2019\/wp-json\/wp\/v2\/posts\/26582\/revisions"}],"wp:featuredmedia":[{"embeddable":true,"href":"https:\/\/jorgezanoni.com.br\/2019\/wp-json\/wp\/v2\/media\/26583"}],"wp:attachment":[{"href":"https:\/\/jorgezanoni.com.br\/2019\/wp-json\/wp\/v2\/media?parent=26582"}],"wp:term":[{"taxonomy":"category","embeddable":true,"href":"https:\/\/jorgezanoni.com.br\/2019\/wp-json\/wp\/v2\/categories?post=26582"},{"taxonomy":"post_tag","embeddable":true,"href":"https:\/\/jorgezanoni.com.br\/2019\/wp-json\/wp\/v2\/tags?post=26582"}],"curies":[{"name":"wp","href":"https:\/\/api.w.org\/{rel}","templated":true}]}}