{"id":2658,"date":"2019-08-03T18:19:23","date_gmt":"2019-08-03T18:19:23","guid":{"rendered":"https:\/\/jorgezanoni.com.br\/2019\/?p=2658"},"modified":"2019-08-03T18:19:23","modified_gmt":"2019-08-03T18:19:23","slug":"alunas-da-unifadra-fazem-intercambio-em-portugal","status":"publish","type":"post","link":"https:\/\/jorgezanoni.com.br\/2019\/alunas-da-unifadra-fazem-intercambio-em-portugal\/","title":{"rendered":"Alunas da Unifadra fazem interc\u00e2mbio em Portugal"},"content":{"rendered":"<p style=\"font-weight: 400; text-align: justify;\">Dando continuidade ao processo de internacionaliza\u00e7\u00e3o da Institui\u00e7\u00e3o, por meio do interc\u00e2mbio com universidades de v\u00e1rios pa\u00edses, as alunas B\u00e1rbara Tonasse e Tayn\u00e1 Moraes Ferreira, do curso de Enfermagem, e Ana Beatriz Fumagali Fernandes, do curso de Pedagogia, contempladas pelos Programas Bolsas Santander Mundi e Ibero-Americanas, est\u00e3o desde o final do semestre passado em Portugal.<\/p>\n<p style=\"font-weight: 400; text-align: justify;\">Seguindo os planos de estudos realizados e sendo apoiadas pelas coordenadoras Dra. Lilian Carla Ferrari S. Pan\u00edcio (Enfermagem) e Ma. Vanessa Andretto (Pedagogia), as alunas v\u00eam participando de cursos, congressos, projetos, entre outros, na Universidade de \u00c9vora, na cidade de \u00c9vora.<\/p>\n<p style=\"font-weight: 400; text-align: justify;\">Segundo o diretor acad\u00eamico da Unifadra Prof. Dr. Enio Garbelini, os programas do Santander Universidades visam proporcionar aos estudantes a oportunidade de acesso a outras culturas e a complementa\u00e7\u00e3o do seu curr\u00edculo por meio de interc\u00e2mbios com institui\u00e7\u00f5es de ensino superior vinculadas ao programa.<br \/>\nNo \u00faltimo ano, o aluno Silvio Matheus Hirata tamb\u00e9m participou do interc\u00e2mbio pelo\u00a0Programa F\u00f3rmula de Bolsas de Mobilidade Internacional Santander Universidades, na cidade de Corvilh\u00e3, em Portugal.<\/p>\n<p style=\"font-weight: 400; text-align: justify;\">Carolina Colnago<\/p>\n<p style=\"font-weight: 400; text-align: justify;\">Assessora de Comunica\u00e7\u00e3o da Fundec &#8211; Jornalista<\/p>\n<p style=\"font-weight: 400; text-align: justify;\">Foto001:\u00a0B\u00e1rbara Tonasse, aluna de Enfermagem da Unifadra, no interc\u00e2mbio em Portugal.<\/p>\n<p style=\"font-weight: 400; text-align: justify;\">Foto002:\u00a0Tayn\u00e1 Moraes Ferreira,\u00a0aluna de Enfermagem da Unifadra, no interc\u00e2mbio em Portugal.<\/p>\n<p style=\"font-weight: 400; text-align: justify;\">Foto003:\u00a0Ana Beatriz Fumagali Fernandes, aluna de Pedagogia da Unifadra, no interc\u00e2mbio em Portugal.<\/p>\n<p style=\"font-weight: 400; text-align: justify;\"><img loading=\"lazy\" decoding=\"async\" class=\"alignnone size-full wp-image-2659\" src=\"https:\/\/jorgezanoni.com.br\/2019\/wp-content\/uploads\/2019\/08\/Portuga.jpg\" alt=\"\" width=\"236\" height=\"236\" srcset=\"https:\/\/jorgezanoni.com.br\/2019\/wp-content\/uploads\/2019\/08\/Portuga.jpg 236w, https:\/\/jorgezanoni.com.br\/2019\/wp-content\/uploads\/2019\/08\/Portuga-150x150.jpg 150w\" sizes=\"auto, (max-width: 236px) 100vw, 236px\" \/><\/p>\n<p style=\"font-weight: 400; text-align: justify;\"><img loading=\"lazy\" decoding=\"async\" class=\"alignnone size-full wp-image-2662\" src=\"https:\/\/jorgezanoni.com.br\/2019\/wp-content\/uploads\/2019\/08\/portuga3.jpg\" alt=\"\" width=\"180\" height=\"240\" \/><\/p>\n","protected":false},"excerpt":{"rendered":"<p>Dando continuidade ao processo de internacionaliza\u00e7\u00e3o da Institui\u00e7\u00e3o, por meio do interc\u00e2mbio com universidades de v\u00e1rios pa\u00edses, as alunas B\u00e1rbara Tonasse e Tayn\u00e1 Moraes Ferreira, do curso de Enfermagem, e Ana Beatriz Fumagali Fernandes, do curso de Pedagogia, contempladas pelos Programas Bolsas Santander Mundi e Ibero-Americanas, est\u00e3o desde o final do semestre passado em Portugal. [&hellip;]<\/p>\n","protected":false},"author":1,"featured_media":2663,"comment_status":"closed","ping_status":"open","sticky":false,"template":"","format":"standard","meta":{"footnotes":""},"categories":[110],"tags":[],"class_list":["post-2658","post","type-post","status-publish","format-standard","has-post-thumbnail","hentry","category-noticiasdestaque"],"_links":{"self":[{"href":"https:\/\/jorgezanoni.com.br\/2019\/wp-json\/wp\/v2\/posts\/2658","targetHints":{"allow":["GET"]}}],"collection":[{"href":"https:\/\/jorgezanoni.com.br\/2019\/wp-json\/wp\/v2\/posts"}],"about":[{"href":"https:\/\/jorgezanoni.com.br\/2019\/wp-json\/wp\/v2\/types\/post"}],"author":[{"embeddable":true,"href":"https:\/\/jorgezanoni.com.br\/2019\/wp-json\/wp\/v2\/users\/1"}],"replies":[{"embeddable":true,"href":"https:\/\/jorgezanoni.com.br\/2019\/wp-json\/wp\/v2\/comments?post=2658"}],"version-history":[{"count":0,"href":"https:\/\/jorgezanoni.com.br\/2019\/wp-json\/wp\/v2\/posts\/2658\/revisions"}],"wp:featuredmedia":[{"embeddable":true,"href":"https:\/\/jorgezanoni.com.br\/2019\/wp-json\/wp\/v2\/media\/2663"}],"wp:attachment":[{"href":"https:\/\/jorgezanoni.com.br\/2019\/wp-json\/wp\/v2\/media?parent=2658"}],"wp:term":[{"taxonomy":"category","embeddable":true,"href":"https:\/\/jorgezanoni.com.br\/2019\/wp-json\/wp\/v2\/categories?post=2658"},{"taxonomy":"post_tag","embeddable":true,"href":"https:\/\/jorgezanoni.com.br\/2019\/wp-json\/wp\/v2\/tags?post=2658"}],"curies":[{"name":"wp","href":"https:\/\/api.w.org\/{rel}","templated":true}]}}