{"id":26534,"date":"2020-05-21T22:49:32","date_gmt":"2020-05-21T22:49:32","guid":{"rendered":"https:\/\/jorgezanoni.com.br\/2019\/?p=26534"},"modified":"2020-05-21T22:49:32","modified_gmt":"2020-05-21T22:49:32","slug":"morre-jose-hilario-pasquini-vice-presidente-do-hospital-do-cancer","status":"publish","type":"post","link":"https:\/\/jorgezanoni.com.br\/2019\/morre-jose-hilario-pasquini-vice-presidente-do-hospital-do-cancer\/","title":{"rendered":"Morre Jos\u00e9 Hil\u00e1rio Pasquini, vice-presidente do Hospital do C\u00e2ncer"},"content":{"rendered":"<p style=\"text-align: justify;\">Um dos respons\u00e1veis diretos pela ativa\u00e7\u00e3o do Hospital Regional do C\u00e2ncer de Presidente Prudente (HCRPP), o empres\u00e1rio Jos\u00e9 Hil\u00e1rio Pasquini morreu na manh\u00e3 desta quinta-feira (21), aos 67 anos. Ele estava internado em hospital na capital Paulista.<\/p>\n<p>Vice-presidente do HC, Pasquini presidiu a institui\u00e7\u00e3o por sete anos. Neste tempo, foi\u00a0respons\u00e1vel pelo t\u00e9rmino das obras\u00a0do pr\u00e9dio e da\u00a0implanta\u00e7\u00e3o do servi\u00e7o de radioterapia, em 2015.<\/p>\n<p>&#8220;Sr. Hil\u00e1rio foi um nobre homem, que presidiu o nosso hospital por sete anos e foi o respons\u00e1vel por in\u00fameros avan\u00e7os, sobretudo, o t\u00e9rmino da constru\u00e7\u00e3o da nossa entidade&#8221;, cita o hospital, em nota.<\/p>\n<p>Hil\u00e1rio Pasquini sofria de um c\u00e2ncer na garganta. Ap\u00f3s conseguir a cura, foi acometido pela doen\u00e7a novamente. Nos \u00faltimos dias, estava internado em Unidade de Terapia Intensiva (UTI), em hospital paulistano.<\/p>\n<p>&#8220;Lutou bravamente contra o c\u00e2ncer e trouxe da dif\u00edcil experi\u00eancia, ainda mais vontade de ajudar as pessoas. Um homem \u00edntegro, solid\u00e1rio e que ser\u00e1 eternamente lembrado por todos os atos que beneficiaram milhares de pacientes com c\u00e2ncer da regi\u00e3o&#8221;, diz o HC.<\/p>\n<p>O vereador Izaque Silva (Patriotas) tamb\u00e9m lembra da\u00a0luta de Pasquini\u00a0para\u00a0preservar o Bairro Timburi, na zona rural, escolhido por uma empresa para a implanta\u00e7\u00e3o de aterro sanit\u00e1rio. Na \u00e9poca, o assunto gerou grande discuss\u00e3o na cidade.<\/p>\n<p>&#8220;\u00c9 com profunda tristeza que recebemos a not\u00edcia do falecimento do amigo Jos\u00e9 Hil\u00e1rio Pasquini. Esteve ao nosso lado na luta pela preserva\u00e7\u00e3o ambiental do Bairro Timburi fazendo parte da Associa\u00e7\u00e3o Amigos do Timburi. Um grande homem, que ser\u00e1 lembrado por todos n\u00f3s&#8221;, comenta.<\/p>\n<p>Em raz\u00e3o da pandemia provocada pelo coronav\u00edrus, n\u00e3o haver\u00e1 vel\u00f3rio.<\/p>\n<p style=\"text-align: justify;\">Fonte: Portal Prudentino.<\/p>\n","protected":false},"excerpt":{"rendered":"<p>Um dos respons\u00e1veis diretos pela ativa\u00e7\u00e3o do Hospital Regional do C\u00e2ncer de Presidente Prudente (HCRPP), o empres\u00e1rio Jos\u00e9 Hil\u00e1rio Pasquini morreu na manh\u00e3 desta quinta-feira (21), aos 67 anos. Ele estava internado em hospital na capital Paulista. Vice-presidente do HC, Pasquini presidiu a institui\u00e7\u00e3o por sete anos. Neste tempo, foi\u00a0respons\u00e1vel pelo t\u00e9rmino das obras\u00a0do pr\u00e9dio [&hellip;]<\/p>\n","protected":false},"author":1,"featured_media":26535,"comment_status":"closed","ping_status":"open","sticky":false,"template":"","format":"standard","meta":{"footnotes":""},"categories":[178,110],"tags":[],"class_list":["post-26534","post","type-post","status-publish","format-standard","has-post-thumbnail","hentry","category-notadefalecimento","category-noticiasdestaque"],"_links":{"self":[{"href":"https:\/\/jorgezanoni.com.br\/2019\/wp-json\/wp\/v2\/posts\/26534","targetHints":{"allow":["GET"]}}],"collection":[{"href":"https:\/\/jorgezanoni.com.br\/2019\/wp-json\/wp\/v2\/posts"}],"about":[{"href":"https:\/\/jorgezanoni.com.br\/2019\/wp-json\/wp\/v2\/types\/post"}],"author":[{"embeddable":true,"href":"https:\/\/jorgezanoni.com.br\/2019\/wp-json\/wp\/v2\/users\/1"}],"replies":[{"embeddable":true,"href":"https:\/\/jorgezanoni.com.br\/2019\/wp-json\/wp\/v2\/comments?post=26534"}],"version-history":[{"count":0,"href":"https:\/\/jorgezanoni.com.br\/2019\/wp-json\/wp\/v2\/posts\/26534\/revisions"}],"wp:featuredmedia":[{"embeddable":true,"href":"https:\/\/jorgezanoni.com.br\/2019\/wp-json\/wp\/v2\/media\/26535"}],"wp:attachment":[{"href":"https:\/\/jorgezanoni.com.br\/2019\/wp-json\/wp\/v2\/media?parent=26534"}],"wp:term":[{"taxonomy":"category","embeddable":true,"href":"https:\/\/jorgezanoni.com.br\/2019\/wp-json\/wp\/v2\/categories?post=26534"},{"taxonomy":"post_tag","embeddable":true,"href":"https:\/\/jorgezanoni.com.br\/2019\/wp-json\/wp\/v2\/tags?post=26534"}],"curies":[{"name":"wp","href":"https:\/\/api.w.org\/{rel}","templated":true}]}}