{"id":26525,"date":"2020-05-20T20:16:30","date_gmt":"2020-05-20T20:16:30","guid":{"rendered":"https:\/\/jorgezanoni.com.br\/2019\/?p=26525"},"modified":"2020-05-20T20:16:30","modified_gmt":"2020-05-20T20:16:30","slug":"motorista-sai-ileso-de-grave-colisao-entre-utilitario-e-caminhao-na-sp-294","status":"publish","type":"post","link":"https:\/\/jorgezanoni.com.br\/2019\/motorista-sai-ileso-de-grave-colisao-entre-utilitario-e-caminhao-na-sp-294\/","title":{"rendered":"Motorista sai ileso de grave colis\u00e3o entre utilit\u00e1rio e caminh\u00e3o na SP-294"},"content":{"rendered":"<p style=\"text-align: justify;\">O motorista de uma caminhonete utilit\u00e1ria saiu ileso ap\u00f3s colidir na traseira de um caminh\u00e3o por volta das 4h50 da madrugada desta quarta-feira (20) em Fl\u00f3rida Paulista.<\/p>\n<p style=\"text-align: justify;\">Segundo informa\u00e7\u00f5es obtidas pela reportagem junto \u00e0 Base da Pol\u00edcia Militar Rodovi\u00e1ria de Adamantina que atendeu o acidente, o choque entre os ve\u00edculos ocorreu no km 610+900 metros da Rodovia Comandante Jo\u00e3o Ribeiro de Barros \u2013 (SP-294), nas proximidades da AABB.<\/p>\n<p><a href=\"https:\/\/ifolharegional.com.br\/2020\/05\/20\/motorista-sai-ileso-de-grave-colisao-entre-utilitario-e-caminhao-na-sp-294\/05-122\/\"><img loading=\"lazy\" decoding=\"async\" title=\"05\" src=\"https:\/\/i0.wp.com\/ifolharegional.com.br\/wp-content\/uploads\/2020\/05\/05-3.jpg?w=366&amp;h=366&amp;crop=1&amp;ssl=1\" alt=\"05\" width=\"366\" height=\"366\" data-attachment-id=\"16598\" data-orig-file=\"https:\/\/ifolharegional.com.br\/wp-content\/uploads\/2020\/05\/05-3.jpg\" data-orig-size=\"1280,720\" data-comments-opened=\"\" data-image-meta=\"{&quot;aperture&quot;:&quot;0&quot;,&quot;credit&quot;:&quot;&quot;,&quot;camera&quot;:&quot;&quot;,&quot;caption&quot;:&quot;&quot;,&quot;created_timestamp&quot;:&quot;0&quot;,&quot;copyright&quot;:&quot;&quot;,&quot;focal_length&quot;:&quot;0&quot;,&quot;iso&quot;:&quot;0&quot;,&quot;shutter_speed&quot;:&quot;0&quot;,&quot;title&quot;:&quot;&quot;,&quot;orientation&quot;:&quot;0&quot;}\" data-image-title=\"05\" data-image-description=\"\" data-medium-file=\"https:\/\/i0.wp.com\/ifolharegional.com.br\/wp-content\/uploads\/2020\/05\/05-3.jpg?fit=300%2C169&amp;ssl=1\" data-large-file=\"https:\/\/i0.wp.com\/ifolharegional.com.br\/wp-content\/uploads\/2020\/05\/05-3.jpg?fit=740%2C416&amp;ssl=1\" data-original-width=\"366\" data-original-height=\"366\" \/><\/a><\/p>\n<div class=\"tiled-gallery type-square\" data-original-width=\"740\" data-carousel-extra=\"{&quot;blog_id&quot;:1,&quot;permalink&quot;:&quot;https:\\\/\\\/ifolharegional.com.br\\\/2020\\\/05\\\/20\\\/motorista-sai-ileso-de-grave-colisao-entre-utilitario-e-caminhao-na-sp-294\\\/&quot;,&quot;likes_blog_id&quot;:157395130}\">\n<div class=\"gallery-row\" data-original-width=\"740\" data-original-height=\"246\">\n<div class=\"gallery-group\" data-original-width=\"246\" data-original-height=\"246\">\n<div class=\"tiled-gallery-item \"><a href=\"https:\/\/ifolharegional.com.br\/2020\/05\/20\/motorista-sai-ileso-de-grave-colisao-entre-utilitario-e-caminhao-na-sp-294\/04-166\/\"><img loading=\"lazy\" decoding=\"async\" title=\"04\" src=\"https:\/\/i0.wp.com\/ifolharegional.com.br\/wp-content\/uploads\/2020\/05\/04-3.jpg?w=242&amp;h=242&amp;crop=1&amp;ssl=1\" alt=\"04\" width=\"242\" height=\"242\" data-attachment-id=\"16597\" data-orig-file=\"https:\/\/ifolharegional.com.br\/wp-content\/uploads\/2020\/05\/04-3.jpg\" data-orig-size=\"1280,720\" data-comments-opened=\"\" data-image-meta=\"{&quot;aperture&quot;:&quot;0&quot;,&quot;credit&quot;:&quot;&quot;,&quot;camera&quot;:&quot;&quot;,&quot;caption&quot;:&quot;&quot;,&quot;created_timestamp&quot;:&quot;0&quot;,&quot;copyright&quot;:&quot;&quot;,&quot;focal_length&quot;:&quot;0&quot;,&quot;iso&quot;:&quot;0&quot;,&quot;shutter_speed&quot;:&quot;0&quot;,&quot;title&quot;:&quot;&quot;,&quot;orientation&quot;:&quot;0&quot;}\" data-image-title=\"04\" data-image-description=\"\" data-medium-file=\"https:\/\/i0.wp.com\/ifolharegional.com.br\/wp-content\/uploads\/2020\/05\/04-3.jpg?fit=300%2C169&amp;ssl=1\" data-large-file=\"https:\/\/i0.wp.com\/ifolharegional.com.br\/wp-content\/uploads\/2020\/05\/04-3.jpg?fit=740%2C416&amp;ssl=1\" data-original-width=\"242\" data-original-height=\"242\" \/><\/a><\/div>\n<\/div>\n<div class=\"gallery-group\" data-original-width=\"246\" data-original-height=\"246\">\n<div class=\"tiled-gallery-item \"><a href=\"https:\/\/ifolharegional.com.br\/2020\/05\/20\/motorista-sai-ileso-de-grave-colisao-entre-utilitario-e-caminhao-na-sp-294\/02-210\/\"><img loading=\"lazy\" decoding=\"async\" title=\"02\" src=\"https:\/\/i2.wp.com\/ifolharegional.com.br\/wp-content\/uploads\/2020\/05\/02-4.jpg?w=242&amp;h=242&amp;crop=1&amp;ssl=1\" alt=\"02\" width=\"242\" height=\"242\" data-attachment-id=\"16596\" data-orig-file=\"https:\/\/ifolharegional.com.br\/wp-content\/uploads\/2020\/05\/02-4.jpg\" data-orig-size=\"960,1280\" data-comments-opened=\"\" data-image-meta=\"{&quot;aperture&quot;:&quot;0&quot;,&quot;credit&quot;:&quot;&quot;,&quot;camera&quot;:&quot;&quot;,&quot;caption&quot;:&quot;&quot;,&quot;created_timestamp&quot;:&quot;0&quot;,&quot;copyright&quot;:&quot;&quot;,&quot;focal_length&quot;:&quot;0&quot;,&quot;iso&quot;:&quot;0&quot;,&quot;shutter_speed&quot;:&quot;0&quot;,&quot;title&quot;:&quot;&quot;,&quot;orientation&quot;:&quot;1&quot;}\" data-image-title=\"02\" data-image-description=\"\" data-medium-file=\"https:\/\/i2.wp.com\/ifolharegional.com.br\/wp-content\/uploads\/2020\/05\/02-4.jpg?fit=225%2C300&amp;ssl=1\" data-large-file=\"https:\/\/i2.wp.com\/ifolharegional.com.br\/wp-content\/uploads\/2020\/05\/02-4.jpg?fit=740%2C987&amp;ssl=1\" data-original-width=\"242\" data-original-height=\"242\" \/><\/a><\/div>\n<\/div>\n<div class=\"gallery-group\" data-original-width=\"246\" data-original-height=\"246\">\n<div class=\"tiled-gallery-item \"><a href=\"https:\/\/ifolharegional.com.br\/2020\/05\/20\/motorista-sai-ileso-de-grave-colisao-entre-utilitario-e-caminhao-na-sp-294\/01-251\/\"><img loading=\"lazy\" decoding=\"async\" title=\"01\" src=\"https:\/\/i1.wp.com\/ifolharegional.com.br\/wp-content\/uploads\/2020\/05\/01-4.jpg?w=242&amp;h=242&amp;crop=1&amp;ssl=1\" alt=\"01\" width=\"242\" height=\"242\" data-attachment-id=\"16595\" data-orig-file=\"https:\/\/ifolharegional.com.br\/wp-content\/uploads\/2020\/05\/01-4.jpg\" data-orig-size=\"960,1280\" data-comments-opened=\"\" data-image-meta=\"{&quot;aperture&quot;:&quot;0&quot;,&quot;credit&quot;:&quot;&quot;,&quot;camera&quot;:&quot;&quot;,&quot;caption&quot;:&quot;&quot;,&quot;created_timestamp&quot;:&quot;0&quot;,&quot;copyright&quot;:&quot;&quot;,&quot;focal_length&quot;:&quot;0&quot;,&quot;iso&quot;:&quot;0&quot;,&quot;shutter_speed&quot;:&quot;0&quot;,&quot;title&quot;:&quot;&quot;,&quot;orientation&quot;:&quot;1&quot;}\" data-image-title=\"01\" data-image-description=\"\" data-medium-file=\"https:\/\/i1.wp.com\/ifolharegional.com.br\/wp-content\/uploads\/2020\/05\/01-4.jpg?fit=225%2C300&amp;ssl=1\" data-large-file=\"https:\/\/i1.wp.com\/ifolharegional.com.br\/wp-content\/uploads\/2020\/05\/01-4.jpg?fit=740%2C987&amp;ssl=1\" data-original-width=\"242\" data-original-height=\"242\" \/><\/a><\/div>\n<\/div>\n<\/div>\n<\/div>\n<p style=\"text-align: justify;\">Os ve\u00edculos transitavam no sentido Pacaembu\/Fl\u00f3rida Paulista quando por motivos ainda desconhecidos, ocorreu o acidente.<\/p>\n<p style=\"text-align: justify;\">Apesar do ve\u00edculo utilit\u00e1rio pertencente a uma usina de cana-de-a\u00e7\u00facar da regi\u00e3o ter ficado com a parte frontal e teto completamente destru\u00eddos, o motorista n\u00e3o sofreu ferimentos.<\/p>\n<p style=\"text-align: justify;\">A Pol\u00edcia Rodovi\u00e1ria registrou a ocorr\u00eancia de acidente de tr\u00e2nsito sem v\u00edtima.<\/p>\n<p style=\"text-align: justify;\">Profissionais do Departamento de Estradas de Rodagem (DER) tamb\u00e9m atuaram nesta ocorr\u00eancia.<\/p>\n<p style=\"text-align: justify;\">Fonte: Folha Regional<\/p>\n","protected":false},"excerpt":{"rendered":"<p>O motorista de uma caminhonete utilit\u00e1ria saiu ileso ap\u00f3s colidir na traseira de um caminh\u00e3o por volta das 4h50 da madrugada desta quarta-feira (20) em Fl\u00f3rida Paulista. Segundo informa\u00e7\u00f5es obtidas pela reportagem junto \u00e0 Base da Pol\u00edcia Militar Rodovi\u00e1ria de Adamantina que atendeu o acidente, o choque entre os ve\u00edculos ocorreu no km 610+900 metros [&hellip;]<\/p>\n","protected":false},"author":1,"featured_media":26526,"comment_status":"closed","ping_status":"open","sticky":false,"template":"","format":"standard","meta":{"footnotes":""},"categories":[170,110],"tags":[],"class_list":["post-26525","post","type-post","status-publish","format-standard","has-post-thumbnail","hentry","category-acidentes","category-noticiasdestaque"],"_links":{"self":[{"href":"https:\/\/jorgezanoni.com.br\/2019\/wp-json\/wp\/v2\/posts\/26525","targetHints":{"allow":["GET"]}}],"collection":[{"href":"https:\/\/jorgezanoni.com.br\/2019\/wp-json\/wp\/v2\/posts"}],"about":[{"href":"https:\/\/jorgezanoni.com.br\/2019\/wp-json\/wp\/v2\/types\/post"}],"author":[{"embeddable":true,"href":"https:\/\/jorgezanoni.com.br\/2019\/wp-json\/wp\/v2\/users\/1"}],"replies":[{"embeddable":true,"href":"https:\/\/jorgezanoni.com.br\/2019\/wp-json\/wp\/v2\/comments?post=26525"}],"version-history":[{"count":0,"href":"https:\/\/jorgezanoni.com.br\/2019\/wp-json\/wp\/v2\/posts\/26525\/revisions"}],"wp:featuredmedia":[{"embeddable":true,"href":"https:\/\/jorgezanoni.com.br\/2019\/wp-json\/wp\/v2\/media\/26526"}],"wp:attachment":[{"href":"https:\/\/jorgezanoni.com.br\/2019\/wp-json\/wp\/v2\/media?parent=26525"}],"wp:term":[{"taxonomy":"category","embeddable":true,"href":"https:\/\/jorgezanoni.com.br\/2019\/wp-json\/wp\/v2\/categories?post=26525"},{"taxonomy":"post_tag","embeddable":true,"href":"https:\/\/jorgezanoni.com.br\/2019\/wp-json\/wp\/v2\/tags?post=26525"}],"curies":[{"name":"wp","href":"https:\/\/api.w.org\/{rel}","templated":true}]}}