{"id":26518,"date":"2020-05-20T18:50:59","date_gmt":"2020-05-20T18:50:59","guid":{"rendered":"https:\/\/jorgezanoni.com.br\/2019\/?p=26518"},"modified":"2020-05-20T18:50:59","modified_gmt":"2020-05-20T18:50:59","slug":"problema-da-agua-no-conjunto-joao-vendramini-continua-e-emdaep-fica-so-na-promessa","status":"publish","type":"post","link":"https:\/\/jorgezanoni.com.br\/2019\/problema-da-agua-no-conjunto-joao-vendramini-continua-e-emdaep-fica-so-na-promessa\/","title":{"rendered":"Problema da \u00e1gua no conjunto Jo\u00e3o Vendramini continua e EMDAEP fica s\u00f3 na promessa"},"content":{"rendered":"<p style=\"text-align: justify;\">Moradores do Conjunto Habitacional Jo\u00e3o Vendramini est\u00e3o indignados com a falta de considera\u00e7\u00e3o por parte da EMDAEP, a empresa que cuida entra outros, do setor de \u00e1gua em Dracena.<\/p>\n<p style=\"text-align: justify;\">J\u00e1 foi feito v\u00eddeo com moradoras, outra mat\u00e9ria escrita, ai apareceu algu\u00e9m da empresa dizendo que ia resolver e simplesmente n\u00e3o voltou mais.<\/p>\n<p style=\"text-align: justify;\">Ontem as 18:47 Horas foi feito este video por uma moradora que havia chegado do servi\u00e7o, estava lavando roupa e providenciando a janta e olhem ai o que aconteceu.<\/p>\n<div style=\"width: 640px;\" class=\"wp-video\"><video class=\"wp-video-shortcode\" id=\"video-26518-1\" width=\"640\" height=\"352\" preload=\"metadata\" controls=\"controls\"><source type=\"video\/mp4\" src=\"https:\/\/jorgezanoni.com.br\/2019\/wp-content\/uploads\/2020\/05\/WhatsApp-Video-2020-05-19-at-18.52.48.mp4?_=1\" \/><a href=\"https:\/\/jorgezanoni.com.br\/2019\/wp-content\/uploads\/2020\/05\/WhatsApp-Video-2020-05-19-at-18.52.48.mp4\">https:\/\/jorgezanoni.com.br\/2019\/wp-content\/uploads\/2020\/05\/WhatsApp-Video-2020-05-19-at-18.52.48.mp4<\/a><\/video><\/div>\n<p style=\"text-align: justify;\">\u00c9 no m\u00ednimo revoltante, deviam ao menos fazer uma visita a esses moradores e explicar de forma concreta, o que est\u00e1 acontecendo, pois ningu\u00e9m merece ficar numa situa\u00e7\u00e3o dessa a espera de boa vontade de quem n\u00e3o tem.<\/p>\n<p style=\"text-align: justify;\">Queremos lembrar que a EMDAEP tem funcion\u00e1rios pago pelos mun\u00edcipes, portanto devem sim uma explica\u00e7\u00e3o, pois s\u00e3o essas pessoas que mant\u00e9m vossos \u00f3timos sal\u00e1rios, n\u00e3o reclamamos dos sofridos bra\u00e7ais, mais daqueles que dirigem e ganham muito bem para uma fun\u00e7\u00e3o que deixam a desejar. Estamos no aguardo.<\/p>\n<p style=\"text-align: justify;\">Jorge Zanoni<\/p>\n<p>V\u00eddeo de Internauta<\/p>\n<p>Foto Arquivo<\/p>\n<p>&nbsp;<\/p>\n<p>&nbsp;<\/p>\n","protected":false},"excerpt":{"rendered":"<p>Moradores do Conjunto Habitacional Jo\u00e3o Vendramini est\u00e3o indignados com a falta de considera\u00e7\u00e3o por parte da EMDAEP, a empresa que cuida entra outros, do setor de \u00e1gua em Dracena. J\u00e1 foi feito v\u00eddeo com moradoras, outra mat\u00e9ria escrita, ai apareceu algu\u00e9m da empresa dizendo que ia resolver e simplesmente n\u00e3o voltou mais. Ontem as 18:47 [&hellip;]<\/p>\n","protected":false},"author":1,"featured_media":26520,"comment_status":"closed","ping_status":"open","sticky":false,"template":"","format":"video","meta":{"footnotes":""},"categories":[179,184,110,169],"tags":[],"class_list":["post-26518","post","type-post","status-publish","format-video","has-post-thumbnail","hentry","category-cidadeseregiao","category-dracena","category-noticiasdestaque","category-videos","post_format-post-format-video"],"_links":{"self":[{"href":"https:\/\/jorgezanoni.com.br\/2019\/wp-json\/wp\/v2\/posts\/26518","targetHints":{"allow":["GET"]}}],"collection":[{"href":"https:\/\/jorgezanoni.com.br\/2019\/wp-json\/wp\/v2\/posts"}],"about":[{"href":"https:\/\/jorgezanoni.com.br\/2019\/wp-json\/wp\/v2\/types\/post"}],"author":[{"embeddable":true,"href":"https:\/\/jorgezanoni.com.br\/2019\/wp-json\/wp\/v2\/users\/1"}],"replies":[{"embeddable":true,"href":"https:\/\/jorgezanoni.com.br\/2019\/wp-json\/wp\/v2\/comments?post=26518"}],"version-history":[{"count":0,"href":"https:\/\/jorgezanoni.com.br\/2019\/wp-json\/wp\/v2\/posts\/26518\/revisions"}],"wp:featuredmedia":[{"embeddable":true,"href":"https:\/\/jorgezanoni.com.br\/2019\/wp-json\/wp\/v2\/media\/26520"}],"wp:attachment":[{"href":"https:\/\/jorgezanoni.com.br\/2019\/wp-json\/wp\/v2\/media?parent=26518"}],"wp:term":[{"taxonomy":"category","embeddable":true,"href":"https:\/\/jorgezanoni.com.br\/2019\/wp-json\/wp\/v2\/categories?post=26518"},{"taxonomy":"post_tag","embeddable":true,"href":"https:\/\/jorgezanoni.com.br\/2019\/wp-json\/wp\/v2\/tags?post=26518"}],"curies":[{"name":"wp","href":"https:\/\/api.w.org\/{rel}","templated":true}]}}