{"id":26498,"date":"2020-05-20T15:28:29","date_gmt":"2020-05-20T15:28:29","guid":{"rendered":"https:\/\/jorgezanoni.com.br\/2019\/?p=26498"},"modified":"2020-05-20T15:30:12","modified_gmt":"2020-05-20T15:30:12","slug":"corpo-de-bombeiros-de-dracena-comemora-42-anos-de-criacao-hoje","status":"publish","type":"post","link":"https:\/\/jorgezanoni.com.br\/2019\/corpo-de-bombeiros-de-dracena-comemora-42-anos-de-criacao-hoje\/","title":{"rendered":"Corpo de Bombeiros de Dracena comemora 42 anos de cria\u00e7\u00e3o hoje"},"content":{"rendered":"<p style=\"text-align: justify;\"><strong>O Posto de Bombeiros de Dracena comemora os 42 anos de atividades hoje (20) com in\u00fameras presta\u00e7\u00f5es de servi\u00e7os \u00e0 comunidade de Dracena e regi\u00e3o.<\/strong><\/p>\n<p style=\"text-align: justify;\">O Posto de Bombeiros de Dracena \u00e9 respons\u00e1vel pelo atendimento de ocorr\u00eancias em Dracena, Junqueir\u00f3polis, Flora Rica, Irapuru, Tupi Paulista, Ouro Verde, Santa Mercedes, Nova Guataporanga, Monte Castelo, S\u00e3o Jo\u00e3o do Pau D\u2019 Alho, Pauliceia e Panorama.<\/p>\n<p style=\"text-align: justify;\"><strong>HIST\u00d3RICO \u2013<\/strong>\u00a0O Corpo de Bombeiros de Dracena foi criando em <strong>20 de maio de 1978<\/strong> por meio da lei municipal n\u00ba 1.219, de 26 de dezembro de 1977 e pela estadual de n\u00ba 687, de 30 de setembro de 1975, durante a gest\u00e3o do ent\u00e3o prefeito Paulo Tahara. Em 4 de julho de 1989, com a cria\u00e7\u00e3o do 14\u00ba Grupamento de Inc\u00eandio, sede regional do Corpo de Bombeiros, instalado em Presidente Prudente, Dracena passou a sediar o 3\u00ba Subgrupamento de Inc\u00eandio, comandando al\u00e9m do Posto de Bombeiros de Dracena, os postos das cidades de Adamantina e de Osvaldo Cruz.<\/p>\n<p style=\"text-align: justify;\">Em 24 de agosto de 2001, foram inauguradas as instala\u00e7\u00f5es das atuais sedes do 3\u00ba Subgrupamento de Bombeiros e Posto de Bombeiros de Dracena pelo capit\u00e3o PM J\u00falio C\u00e9sar Marques Dias na gest\u00e3o do prefeito Jos\u00e9 Cl\u00e1udio Grando.<\/p>\n<p style=\"text-align: justify;\">O Site JZ parabeniza todos os atuais integrantes da Corpora\u00e7\u00e3o e tamb\u00e9m aqueles que prestaram relevantes servi\u00e7os a comunidade dracenense e da regi\u00e3o durante esses 42 anos.<\/p>\n<p>CONFIRA ALGUMAS IMAGENS DO FACEBOOK DOS BOMBEIROS E A FOTO DE CAPA CEDIDA POR C\u00c9SAR AUGUSTO SITTA QUANDO DA INAUGURA\u00c7\u00c3O DA NOVA SEDE EM 2001.<\/p>\n<p><img loading=\"lazy\" decoding=\"async\" class=\"alignnone size-full wp-image-26499\" src=\"https:\/\/jorgezanoni.com.br\/2019\/wp-content\/uploads\/2020\/05\/bombe.jpg\" alt=\"\" width=\"960\" height=\"540\" srcset=\"https:\/\/jorgezanoni.com.br\/2019\/wp-content\/uploads\/2020\/05\/bombe.jpg 960w, https:\/\/jorgezanoni.com.br\/2019\/wp-content\/uploads\/2020\/05\/bombe-300x169.jpg 300w, https:\/\/jorgezanoni.com.br\/2019\/wp-content\/uploads\/2020\/05\/bombe-768x432.jpg 768w, https:\/\/jorgezanoni.com.br\/2019\/wp-content\/uploads\/2020\/05\/bombe-696x392.jpg 696w, https:\/\/jorgezanoni.com.br\/2019\/wp-content\/uploads\/2020\/05\/bombe-747x420.jpg 747w\" sizes=\"auto, (max-width: 960px) 100vw, 960px\" \/> <img loading=\"lazy\" decoding=\"async\" class=\"alignnone size-full wp-image-26500\" src=\"https:\/\/jorgezanoni.com.br\/2019\/wp-content\/uploads\/2020\/05\/bombe1.jpg\" alt=\"\" width=\"960\" height=\"640\" srcset=\"https:\/\/jorgezanoni.com.br\/2019\/wp-content\/uploads\/2020\/05\/bombe1.jpg 960w, https:\/\/jorgezanoni.com.br\/2019\/wp-content\/uploads\/2020\/05\/bombe1-300x200.jpg 300w, https:\/\/jorgezanoni.com.br\/2019\/wp-content\/uploads\/2020\/05\/bombe1-768x512.jpg 768w, https:\/\/jorgezanoni.com.br\/2019\/wp-content\/uploads\/2020\/05\/bombe1-696x464.jpg 696w, https:\/\/jorgezanoni.com.br\/2019\/wp-content\/uploads\/2020\/05\/bombe1-630x420.jpg 630w\" sizes=\"auto, (max-width: 960px) 100vw, 960px\" \/> <img loading=\"lazy\" decoding=\"async\" class=\"alignnone size-full wp-image-26501\" src=\"https:\/\/jorgezanoni.com.br\/2019\/wp-content\/uploads\/2020\/05\/bombe2.jpg\" alt=\"\" width=\"960\" height=\"881\" srcset=\"https:\/\/jorgezanoni.com.br\/2019\/wp-content\/uploads\/2020\/05\/bombe2.jpg 960w, https:\/\/jorgezanoni.com.br\/2019\/wp-content\/uploads\/2020\/05\/bombe2-300x275.jpg 300w, https:\/\/jorgezanoni.com.br\/2019\/wp-content\/uploads\/2020\/05\/bombe2-768x705.jpg 768w, https:\/\/jorgezanoni.com.br\/2019\/wp-content\/uploads\/2020\/05\/bombe2-696x639.jpg 696w, https:\/\/jorgezanoni.com.br\/2019\/wp-content\/uploads\/2020\/05\/bombe2-458x420.jpg 458w\" sizes=\"auto, (max-width: 960px) 100vw, 960px\" \/> <img loading=\"lazy\" decoding=\"async\" class=\"alignnone size-full wp-image-26502\" src=\"https:\/\/jorgezanoni.com.br\/2019\/wp-content\/uploads\/2020\/05\/bombe3.jpg\" alt=\"\" width=\"960\" height=\"540\" srcset=\"https:\/\/jorgezanoni.com.br\/2019\/wp-content\/uploads\/2020\/05\/bombe3.jpg 960w, https:\/\/jorgezanoni.com.br\/2019\/wp-content\/uploads\/2020\/05\/bombe3-300x169.jpg 300w, https:\/\/jorgezanoni.com.br\/2019\/wp-content\/uploads\/2020\/05\/bombe3-768x432.jpg 768w, https:\/\/jorgezanoni.com.br\/2019\/wp-content\/uploads\/2020\/05\/bombe3-696x392.jpg 696w, https:\/\/jorgezanoni.com.br\/2019\/wp-content\/uploads\/2020\/05\/bombe3-747x420.jpg 747w\" sizes=\"auto, (max-width: 960px) 100vw, 960px\" \/> <img loading=\"lazy\" decoding=\"async\" class=\"alignnone size-full wp-image-26503\" src=\"https:\/\/jorgezanoni.com.br\/2019\/wp-content\/uploads\/2020\/05\/bombe4.jpg\" alt=\"\" width=\"960\" height=\"640\" srcset=\"https:\/\/jorgezanoni.com.br\/2019\/wp-content\/uploads\/2020\/05\/bombe4.jpg 960w, https:\/\/jorgezanoni.com.br\/2019\/wp-content\/uploads\/2020\/05\/bombe4-300x200.jpg 300w, https:\/\/jorgezanoni.com.br\/2019\/wp-content\/uploads\/2020\/05\/bombe4-768x512.jpg 768w, https:\/\/jorgezanoni.com.br\/2019\/wp-content\/uploads\/2020\/05\/bombe4-696x464.jpg 696w, https:\/\/jorgezanoni.com.br\/2019\/wp-content\/uploads\/2020\/05\/bombe4-630x420.jpg 630w\" sizes=\"auto, (max-width: 960px) 100vw, 960px\" \/><\/p>\n<p>Jorge Zanoni<\/p>\n","protected":false},"excerpt":{"rendered":"<p>O Posto de Bombeiros de Dracena comemora os 42 anos de atividades hoje (20) com in\u00fameras presta\u00e7\u00f5es de servi\u00e7os \u00e0 comunidade de Dracena e regi\u00e3o. O Posto de Bombeiros de Dracena \u00e9 respons\u00e1vel pelo atendimento de ocorr\u00eancias em Dracena, Junqueir\u00f3polis, Flora Rica, Irapuru, Tupi Paulista, Ouro Verde, Santa Mercedes, Nova Guataporanga, Monte Castelo, S\u00e3o Jo\u00e3o [&hellip;]<\/p>\n","protected":false},"author":1,"featured_media":26508,"comment_status":"closed","ping_status":"open","sticky":false,"template":"","format":"standard","meta":{"footnotes":""},"categories":[110,2,1],"tags":[],"class_list":["post-26498","post","type-post","status-publish","format-standard","has-post-thumbnail","hentry","category-noticiasdestaque","category-policial","category-uncategorized"],"_links":{"self":[{"href":"https:\/\/jorgezanoni.com.br\/2019\/wp-json\/wp\/v2\/posts\/26498","targetHints":{"allow":["GET"]}}],"collection":[{"href":"https:\/\/jorgezanoni.com.br\/2019\/wp-json\/wp\/v2\/posts"}],"about":[{"href":"https:\/\/jorgezanoni.com.br\/2019\/wp-json\/wp\/v2\/types\/post"}],"author":[{"embeddable":true,"href":"https:\/\/jorgezanoni.com.br\/2019\/wp-json\/wp\/v2\/users\/1"}],"replies":[{"embeddable":true,"href":"https:\/\/jorgezanoni.com.br\/2019\/wp-json\/wp\/v2\/comments?post=26498"}],"version-history":[{"count":0,"href":"https:\/\/jorgezanoni.com.br\/2019\/wp-json\/wp\/v2\/posts\/26498\/revisions"}],"wp:featuredmedia":[{"embeddable":true,"href":"https:\/\/jorgezanoni.com.br\/2019\/wp-json\/wp\/v2\/media\/26508"}],"wp:attachment":[{"href":"https:\/\/jorgezanoni.com.br\/2019\/wp-json\/wp\/v2\/media?parent=26498"}],"wp:term":[{"taxonomy":"category","embeddable":true,"href":"https:\/\/jorgezanoni.com.br\/2019\/wp-json\/wp\/v2\/categories?post=26498"},{"taxonomy":"post_tag","embeddable":true,"href":"https:\/\/jorgezanoni.com.br\/2019\/wp-json\/wp\/v2\/tags?post=26498"}],"curies":[{"name":"wp","href":"https:\/\/api.w.org\/{rel}","templated":true}]}}