{"id":26490,"date":"2020-05-20T14:27:18","date_gmt":"2020-05-20T14:27:18","guid":{"rendered":"https:\/\/jorgezanoni.com.br\/2019\/?p=26490"},"modified":"2020-05-20T14:27:18","modified_gmt":"2020-05-20T14:27:18","slug":"policia-militar-apreende-drogas-armas-e-pes-de-maconha-em-dracena","status":"publish","type":"post","link":"https:\/\/jorgezanoni.com.br\/2019\/policia-militar-apreende-drogas-armas-e-pes-de-maconha-em-dracena\/","title":{"rendered":"Pol\u00edcia Militar apreende Drogas, Armas e p\u00e9s de Maconha em Dracena"},"content":{"rendered":"<p style=\"text-align: justify;\">COMBATE AO CRIME: POL\u00cdCIA MILITAR APREENDE DROGAS E ARMAS EM DRACENA.<\/p>\n<p style=\"text-align: justify;\">APREENS\u00d5ES:<br \/>\n07 p\u00e9s de maconha, 0,005 kg de maconha, 01 balan\u00e7a de precis\u00e3o,01 espingarda de press\u00e3o calibre 5,5mm, 01 espingarda calibre .28, 02 muni\u00e7\u00f5es intactas e 01 deflagrada de calibre .28, Pl\u00e1stico filme e R$ 120,00 em dinheiro.<\/p>\n<p style=\"text-align: justify;\">Na tarde de ontem (19) equipes de For\u00e7a T\u00e1tica de posse de v\u00e1rias den\u00fancias que um indiv\u00edduo masculino cultivava e comercializava drogas em um s\u00edtio, deslocou ao local para averiguar, onde um dos moradores do local disse que o indiv\u00edduo estaria pr\u00f3ximo a planta\u00e7\u00e3o de uvas, momento em que o indiciado de 19 anos ao ver as equipes policiais tentou empreender fuga, sendo detido alguns metros \u00e0 frente. Ao ser questionado sobre o motivo da fuga, informou que cultivava maconha no s\u00edtio e que na resid\u00eancia da ch\u00e1cara possu\u00eda mais drogas, al\u00e9m da balan\u00e7a de precis\u00e3o e mais apetrechos para a comercializa\u00e7\u00e3o da droga, al\u00e9m de uma espingarda de press\u00e3o. Durante as buscas em sua mochila foi encontrado 02 muni\u00e7\u00f5es calibre 28, questionado, informou que as muni\u00e7\u00f5es seriam de uma arma que estaria em sua casa situada em outra resid\u00eancia na cidade de Dracena, atr\u00e1s dos guarda roupas em seu quarto, a qual foi encontrada ap\u00f3s dilig\u00eancias.<br \/>\nDiante dos fatos foi dado voz de pris\u00e3o em flagrante ao indiciado que permaneceu preso \u00e0 disposi\u00e7\u00e3o da Justi\u00e7a.<\/p>\n<p><img loading=\"lazy\" decoding=\"async\" class=\"alignnone size-full wp-image-26492\" src=\"https:\/\/jorgezanoni.com.br\/2019\/wp-content\/uploads\/2020\/05\/dra1.jpg\" alt=\"\" width=\"960\" height=\"720\" srcset=\"https:\/\/jorgezanoni.com.br\/2019\/wp-content\/uploads\/2020\/05\/dra1.jpg 960w, https:\/\/jorgezanoni.com.br\/2019\/wp-content\/uploads\/2020\/05\/dra1-300x225.jpg 300w, https:\/\/jorgezanoni.com.br\/2019\/wp-content\/uploads\/2020\/05\/dra1-768x576.jpg 768w, https:\/\/jorgezanoni.com.br\/2019\/wp-content\/uploads\/2020\/05\/dra1-80x60.jpg 80w, https:\/\/jorgezanoni.com.br\/2019\/wp-content\/uploads\/2020\/05\/dra1-265x198.jpg 265w, https:\/\/jorgezanoni.com.br\/2019\/wp-content\/uploads\/2020\/05\/dra1-696x522.jpg 696w, https:\/\/jorgezanoni.com.br\/2019\/wp-content\/uploads\/2020\/05\/dra1-560x420.jpg 560w\" sizes=\"auto, (max-width: 960px) 100vw, 960px\" \/><\/p>\n<p style=\"text-align: justify;\"><a class=\"_58cn\" href=\"https:\/\/www.facebook.com\/hashtag\/25bpmi?__eep__=6&amp;source=feed_text&amp;epa=HASHTAG&amp;__xts__%5B0%5D=68.ARCg6Vte1xe1Jh3mhuIPjChhnTJLB2PEsWVOP2QqxHCVRMH5-7JdqT1qaoZggdV2gY2YRJX_YPUsHGOLEcnstiuEde7Jhux8p5jMcrRswsZvnJID3QnDooChCvpbe8ySS7y6-CefVN0mT2ic9E4spUMszSSc4tKKmE7isDodfvjsJzwydjy0KZZMxhdSG5e5Swu1dZTzN9kXKi2BloqeWorS9T8WWuj6-4HB-pkQNuIskYVVG1yYGvi2ypWWhFxAwwnqIfMok3jn89Fy8KoVoLsK_ielPCmsg0gb3D4CO9lBektEhJ0yvR59Vqx72Sz1of8oD25MoeOBNlmy7CmNtY0&amp;__tn__=%2ANK-R\" data-ft=\"{&quot;type&quot;:104,&quot;tn&quot;:&quot;*N&quot;}\"><span class=\"_5afx\"><span class=\"_58cl _5afz\" aria-label=\"hashtag\">#<\/span><span class=\"_58cm\">25BPMI<\/span><\/span><\/a><br \/>\n<a class=\"_58cn\" href=\"https:\/\/www.facebook.com\/hashtag\/policiamilitarsp?__eep__=6&amp;source=feed_text&amp;epa=HASHTAG&amp;__xts__%5B0%5D=68.ARCg6Vte1xe1Jh3mhuIPjChhnTJLB2PEsWVOP2QqxHCVRMH5-7JdqT1qaoZggdV2gY2YRJX_YPUsHGOLEcnstiuEde7Jhux8p5jMcrRswsZvnJID3QnDooChCvpbe8ySS7y6-CefVN0mT2ic9E4spUMszSSc4tKKmE7isDodfvjsJzwydjy0KZZMxhdSG5e5Swu1dZTzN9kXKi2BloqeWorS9T8WWuj6-4HB-pkQNuIskYVVG1yYGvi2ypWWhFxAwwnqIfMok3jn89Fy8KoVoLsK_ielPCmsg0gb3D4CO9lBektEhJ0yvR59Vqx72Sz1of8oD25MoeOBNlmy7CmNtY0&amp;__tn__=%2ANK-R\" data-ft=\"{&quot;type&quot;:104,&quot;tn&quot;:&quot;*N&quot;}\"><span class=\"_5afx\"><span class=\"_58cl _5afz\" aria-label=\"hashtag\">#<\/span><span class=\"_58cm\">POLICIAMILITARSP<\/span><\/span><\/a><br \/>\n<a class=\"_58cn\" href=\"https:\/\/www.facebook.com\/hashtag\/afor%C3%A7ap%C3%BAblicades%C3%A3opaulo?__eep__=6&amp;source=feed_text&amp;epa=HASHTAG&amp;__xts__%5B0%5D=68.ARCg6Vte1xe1Jh3mhuIPjChhnTJLB2PEsWVOP2QqxHCVRMH5-7JdqT1qaoZggdV2gY2YRJX_YPUsHGOLEcnstiuEde7Jhux8p5jMcrRswsZvnJID3QnDooChCvpbe8ySS7y6-CefVN0mT2ic9E4spUMszSSc4tKKmE7isDodfvjsJzwydjy0KZZMxhdSG5e5Swu1dZTzN9kXKi2BloqeWorS9T8WWuj6-4HB-pkQNuIskYVVG1yYGvi2ypWWhFxAwwnqIfMok3jn89Fy8KoVoLsK_ielPCmsg0gb3D4CO9lBektEhJ0yvR59Vqx72Sz1of8oD25MoeOBNlmy7CmNtY0&amp;__tn__=%2ANK-R\" data-ft=\"{&quot;type&quot;:104,&quot;tn&quot;:&quot;*N&quot;}\"><span class=\"_5afx\"><span class=\"_58cl _5afz\" aria-label=\"hashtag\">#<\/span><span class=\"_58cm\">AFOR\u00c7AP\u00daBLICADES\u00c3OPAULO<\/span><\/span><\/a><br \/>\nCOMUNICA\u00c7\u00c3O SOCIAL DO 25\u00ba BPM\/I &#8211; Dracena e regi\u00e3o.<\/p>\n","protected":false},"excerpt":{"rendered":"<p>COMBATE AO CRIME: POL\u00cdCIA MILITAR APREENDE DROGAS E ARMAS EM DRACENA. APREENS\u00d5ES: 07 p\u00e9s de maconha, 0,005 kg de maconha, 01 balan\u00e7a de precis\u00e3o,01 espingarda de press\u00e3o calibre 5,5mm, 01 espingarda calibre .28, 02 muni\u00e7\u00f5es intactas e 01 deflagrada de calibre .28, Pl\u00e1stico filme e R$ 120,00 em dinheiro. Na tarde de ontem (19) equipes [&hellip;]<\/p>\n","protected":false},"author":1,"featured_media":26491,"comment_status":"closed","ping_status":"open","sticky":false,"template":"","format":"standard","meta":{"footnotes":""},"categories":[110,2],"tags":[],"class_list":["post-26490","post","type-post","status-publish","format-standard","has-post-thumbnail","hentry","category-noticiasdestaque","category-policial"],"_links":{"self":[{"href":"https:\/\/jorgezanoni.com.br\/2019\/wp-json\/wp\/v2\/posts\/26490","targetHints":{"allow":["GET"]}}],"collection":[{"href":"https:\/\/jorgezanoni.com.br\/2019\/wp-json\/wp\/v2\/posts"}],"about":[{"href":"https:\/\/jorgezanoni.com.br\/2019\/wp-json\/wp\/v2\/types\/post"}],"author":[{"embeddable":true,"href":"https:\/\/jorgezanoni.com.br\/2019\/wp-json\/wp\/v2\/users\/1"}],"replies":[{"embeddable":true,"href":"https:\/\/jorgezanoni.com.br\/2019\/wp-json\/wp\/v2\/comments?post=26490"}],"version-history":[{"count":0,"href":"https:\/\/jorgezanoni.com.br\/2019\/wp-json\/wp\/v2\/posts\/26490\/revisions"}],"wp:featuredmedia":[{"embeddable":true,"href":"https:\/\/jorgezanoni.com.br\/2019\/wp-json\/wp\/v2\/media\/26491"}],"wp:attachment":[{"href":"https:\/\/jorgezanoni.com.br\/2019\/wp-json\/wp\/v2\/media?parent=26490"}],"wp:term":[{"taxonomy":"category","embeddable":true,"href":"https:\/\/jorgezanoni.com.br\/2019\/wp-json\/wp\/v2\/categories?post=26490"},{"taxonomy":"post_tag","embeddable":true,"href":"https:\/\/jorgezanoni.com.br\/2019\/wp-json\/wp\/v2\/tags?post=26490"}],"curies":[{"name":"wp","href":"https:\/\/api.w.org\/{rel}","templated":true}]}}