{"id":26481,"date":"2020-05-20T13:51:42","date_gmt":"2020-05-20T13:51:42","guid":{"rendered":"https:\/\/jorgezanoni.com.br\/2019\/?p=26481"},"modified":"2020-05-20T13:51:42","modified_gmt":"2020-05-20T13:51:42","slug":"emdaep-programa-a-limpeza-do-reservatorio-do-bairro-emilio-zanata","status":"publish","type":"post","link":"https:\/\/jorgezanoni.com.br\/2019\/emdaep-programa-a-limpeza-do-reservatorio-do-bairro-emilio-zanata\/","title":{"rendered":"Emdaep\u00a0programa\u00a0a\u00a0limpeza\u00a0do\u00a0reservat\u00f3rio\u00a0do\u00a0Bairro\u00a0Em\u00edlio\u00a0Zanata"},"content":{"rendered":"<p style=\"text-align: justify;\">A Emdaep anuncia para esta sexta-feira (dia 22), no per\u00edodo da manh\u00e3, a limpeza do reservat\u00f3rio localizado no Bairro Em\u00edlio Zanata.<br \/>\nA\u00a0\u00a0Emdaep\u00a0manter\u00e1\u00a0plant\u00e3o\u00a0nos\u00a0telefones\u00a03821-1146\u00a0e\u00a03821-4110.<br \/>\nA limpeza dos reservat\u00f3rios \u00e9 rotineira dentro da programa\u00e7\u00e3o da Emdaep, atendendo todas as unidades da cidade e dos distritos de Jamaica e Jacipor\u00e3 e do Bairro Iandara ao longo do ano.<br \/>\nA Emdaep informa que a ABNT \u2013 NBR 5626:1998 prev\u00ea que cada im\u00f3vel tenha caixa com reserva m\u00ednima de \u00e1gua para 24 horas de consumo normal. No caso de resid\u00eancia de pequeno tamanho recomenda-se a reserva m\u00ednima de 500 litros. Com o reservat\u00f3rio no im\u00f3vel os moradores n\u00e3o enfrentam problema com os servi\u00e7os na rede p\u00fablica.<\/p>\n<p>Ass.\u00a0Rela\u00e7\u00f5es\u00a0P\u00fablicas\u00a0da\u00a0Emdaep<\/p>\n","protected":false},"excerpt":{"rendered":"<p>A Emdaep anuncia para esta sexta-feira (dia 22), no per\u00edodo da manh\u00e3, a limpeza do reservat\u00f3rio localizado no Bairro Em\u00edlio Zanata. A\u00a0\u00a0Emdaep\u00a0manter\u00e1\u00a0plant\u00e3o\u00a0nos\u00a0telefones\u00a03821-1146\u00a0e\u00a03821-4110. A limpeza dos reservat\u00f3rios \u00e9 rotineira dentro da programa\u00e7\u00e3o da Emdaep, atendendo todas as unidades da cidade e dos distritos de Jamaica e Jacipor\u00e3 e do Bairro Iandara ao longo do ano. A [&hellip;]<\/p>\n","protected":false},"author":1,"featured_media":26482,"comment_status":"closed","ping_status":"open","sticky":false,"template":"","format":"standard","meta":{"footnotes":""},"categories":[179,184,110],"tags":[],"class_list":["post-26481","post","type-post","status-publish","format-standard","has-post-thumbnail","hentry","category-cidadeseregiao","category-dracena","category-noticiasdestaque"],"_links":{"self":[{"href":"https:\/\/jorgezanoni.com.br\/2019\/wp-json\/wp\/v2\/posts\/26481","targetHints":{"allow":["GET"]}}],"collection":[{"href":"https:\/\/jorgezanoni.com.br\/2019\/wp-json\/wp\/v2\/posts"}],"about":[{"href":"https:\/\/jorgezanoni.com.br\/2019\/wp-json\/wp\/v2\/types\/post"}],"author":[{"embeddable":true,"href":"https:\/\/jorgezanoni.com.br\/2019\/wp-json\/wp\/v2\/users\/1"}],"replies":[{"embeddable":true,"href":"https:\/\/jorgezanoni.com.br\/2019\/wp-json\/wp\/v2\/comments?post=26481"}],"version-history":[{"count":0,"href":"https:\/\/jorgezanoni.com.br\/2019\/wp-json\/wp\/v2\/posts\/26481\/revisions"}],"wp:featuredmedia":[{"embeddable":true,"href":"https:\/\/jorgezanoni.com.br\/2019\/wp-json\/wp\/v2\/media\/26482"}],"wp:attachment":[{"href":"https:\/\/jorgezanoni.com.br\/2019\/wp-json\/wp\/v2\/media?parent=26481"}],"wp:term":[{"taxonomy":"category","embeddable":true,"href":"https:\/\/jorgezanoni.com.br\/2019\/wp-json\/wp\/v2\/categories?post=26481"},{"taxonomy":"post_tag","embeddable":true,"href":"https:\/\/jorgezanoni.com.br\/2019\/wp-json\/wp\/v2\/tags?post=26481"}],"curies":[{"name":"wp","href":"https:\/\/api.w.org\/{rel}","templated":true}]}}