{"id":26443,"date":"2020-05-20T01:31:39","date_gmt":"2020-05-20T01:31:39","guid":{"rendered":"https:\/\/jorgezanoni.com.br\/2019\/?p=26443"},"modified":"2020-05-20T01:31:39","modified_gmt":"2020-05-20T01:31:39","slug":"integrante-do-centro-de-inteligencia-policial-da-seccional-de-dracena-recebe-elogios-de-minas-gerais","status":"publish","type":"post","link":"https:\/\/jorgezanoni.com.br\/2019\/integrante-do-centro-de-inteligencia-policial-da-seccional-de-dracena-recebe-elogios-de-minas-gerais\/","title":{"rendered":"Integrante do Centro de Intelig\u00eancia Policial da Seccional de Dracena recebe elogios de Minas Gerais"},"content":{"rendered":"<p style=\"text-align: justify;\">O policial civil Reginaldo Rosa, integrante do Centro de Intelig\u00eancia Policial de Dracena, recebeu elogios, por interm\u00e9dio de of\u00edcio enviado pela 1\u00aa Delegacia de Investiga\u00e7\u00e3o e Repress\u00e3o a Crimes Patrimoniais \u2013 DEPATRI de Uberaba -MG, sugerindo nota abonat\u00f3ria nos assentos funcionais do servidor.<br \/>\nO fato ocorreu em raz\u00e3o da pris\u00e3o de um indiv\u00edduo, no dia 13 maio de 2020, na cidade Uberaba-MG, pelo crime de recepta\u00e7\u00e3o. Na ocasi\u00e3o, suspeitou-se de aquele indiv\u00edduo poderia ter sido preso anteriormente no Estado de S\u00e3o Paulo.<br \/>\nA Policia Civil de Minas Gerais, ent\u00e3o manteve compartilhamento das informa\u00e7\u00f5es, contatando com Centro de Intelig\u00eancia Policial de Dracena, tendo o policial civil Reginaldo Rosa, elucidado que o receptador preso em Uberaba- MG, fora preso por diversos crimes (Homic\u00eddios e Roubos), contudo fornecera dados falsos de sua identifica\u00e7\u00e3o na oportunidade em fora preso no Estado de S\u00e3o Paulo, fazendo que a culpa se recai sobre o nome de um irm\u00e3o dele. Verificando-se ainda que sobre ele recaiam dois mandados de pris\u00e3o em aberto (Latroc\u00ednio Tentado e uma preventiva condenat\u00f3ria), expedidos pela Justi\u00e7a da Comarca de Rio Claro -SP.\u00a0 \u00a0 \u00a0 \u00a0 \u00a0 \u00a0 \u00a0 \u00a0 \u00a0 \u00a0 \u00a0 \u00a0 \u00a0 \u00a0 \u00a0 \u00a0 \u00a0 \u00a0 \u00a0 \u00a0 \u00a0 \u00a0 \u00a0 \u00a0 \u00a0 \u00a0 \u00a0 \u00a0 \u00a0 \u00a0 \u00a0 \u00a0 \u00a0 \u00a0 \u00a0 \u00a0 \u00a0 \u00a0 \u00a0 A Policia Civil mineira ainda teceu elogios a Delegacia Seccional de Pol\u00edcia de Dracena, que mant\u00eam este canal de informa\u00e7\u00e3o e integra\u00e7\u00e3o das Policiais Civis paulista e mineira, que vem produzindo brilhantes trabalhos e rendendo frutos a sociedade.<\/p>\n<p style=\"text-align: justify;\">Fonte: Com. Social Pol\u00edcia Civil<\/p>\n","protected":false},"excerpt":{"rendered":"<p>O policial civil Reginaldo Rosa, integrante do Centro de Intelig\u00eancia Policial de Dracena, recebeu elogios, por interm\u00e9dio de of\u00edcio enviado pela 1\u00aa Delegacia de Investiga\u00e7\u00e3o e Repress\u00e3o a Crimes Patrimoniais \u2013 DEPATRI de Uberaba -MG, sugerindo nota abonat\u00f3ria nos assentos funcionais do servidor. O fato ocorreu em raz\u00e3o da pris\u00e3o de um indiv\u00edduo, no dia [&hellip;]<\/p>\n","protected":false},"author":1,"featured_media":26444,"comment_status":"closed","ping_status":"open","sticky":false,"template":"","format":"standard","meta":{"footnotes":""},"categories":[110,2],"tags":[],"class_list":["post-26443","post","type-post","status-publish","format-standard","has-post-thumbnail","hentry","category-noticiasdestaque","category-policial"],"_links":{"self":[{"href":"https:\/\/jorgezanoni.com.br\/2019\/wp-json\/wp\/v2\/posts\/26443","targetHints":{"allow":["GET"]}}],"collection":[{"href":"https:\/\/jorgezanoni.com.br\/2019\/wp-json\/wp\/v2\/posts"}],"about":[{"href":"https:\/\/jorgezanoni.com.br\/2019\/wp-json\/wp\/v2\/types\/post"}],"author":[{"embeddable":true,"href":"https:\/\/jorgezanoni.com.br\/2019\/wp-json\/wp\/v2\/users\/1"}],"replies":[{"embeddable":true,"href":"https:\/\/jorgezanoni.com.br\/2019\/wp-json\/wp\/v2\/comments?post=26443"}],"version-history":[{"count":0,"href":"https:\/\/jorgezanoni.com.br\/2019\/wp-json\/wp\/v2\/posts\/26443\/revisions"}],"wp:featuredmedia":[{"embeddable":true,"href":"https:\/\/jorgezanoni.com.br\/2019\/wp-json\/wp\/v2\/media\/26444"}],"wp:attachment":[{"href":"https:\/\/jorgezanoni.com.br\/2019\/wp-json\/wp\/v2\/media?parent=26443"}],"wp:term":[{"taxonomy":"category","embeddable":true,"href":"https:\/\/jorgezanoni.com.br\/2019\/wp-json\/wp\/v2\/categories?post=26443"},{"taxonomy":"post_tag","embeddable":true,"href":"https:\/\/jorgezanoni.com.br\/2019\/wp-json\/wp\/v2\/tags?post=26443"}],"curies":[{"name":"wp","href":"https:\/\/api.w.org\/{rel}","templated":true}]}}