{"id":26439,"date":"2020-05-20T01:10:35","date_gmt":"2020-05-20T01:10:35","guid":{"rendered":"https:\/\/jorgezanoni.com.br\/2019\/?p=26439"},"modified":"2020-05-20T01:14:13","modified_gmt":"2020-05-20T01:14:13","slug":"moradores-encontram-onca-pintada-morta-por-atropelamento-na-vicinal-da-placa-28-em-sagres","status":"publish","type":"post","link":"https:\/\/jorgezanoni.com.br\/2019\/moradores-encontram-onca-pintada-morta-por-atropelamento-na-vicinal-da-placa-28-em-sagres\/","title":{"rendered":"Moradores encontram on\u00e7a pintada morta por atropelamento na vicinal da Placa 28 em Sagres"},"content":{"rendered":"<p style=\"text-align: justify;\">O desequil\u00edbrio ambiental pode ser respons\u00e1vel pelo segundo caso de animal silvestre raro em ambiente pr\u00f3prio dos seres humanos em menos de uma semana na regi\u00e3o de Osvaldo Cruz.<\/p>\n<p style=\"text-align: justify;\">Na manh\u00e3 desta segunda-feira, 19, moradores encontraram uma on\u00e7a pintada morta provavelmente por atropelamento \u00e0s margens da vicinal da Placa 28, que liga Sagres a In\u00fabia Paulista.<\/p>\n<p style=\"text-align: justify;\">No s\u00e1bado, 17, moradores do Jardim Vale Verde em Osvaldo Cruz chegaram a filmar um lobo provavelmente da esp\u00e9cie Guar\u00e1 pelas avenidas Osvaldo Martins e Jos\u00e9 Siqueira, na \u00e1rea urbana de Osvaldo Cruz.<\/p>\n<p>&nbsp;<\/p>\n","protected":false},"excerpt":{"rendered":"<p>O desequil\u00edbrio ambiental pode ser respons\u00e1vel pelo segundo caso de animal silvestre raro em ambiente pr\u00f3prio dos seres humanos em menos de uma semana na regi\u00e3o de Osvaldo Cruz. Na manh\u00e3 desta segunda-feira, 19, moradores encontraram uma on\u00e7a pintada morta provavelmente por atropelamento \u00e0s margens da vicinal da Placa 28, que liga Sagres a In\u00fabia [&hellip;]<\/p>\n","protected":false},"author":1,"featured_media":26441,"comment_status":"closed","ping_status":"open","sticky":false,"template":"","format":"standard","meta":{"footnotes":""},"categories":[176,110,1],"tags":[],"class_list":["post-26439","post","type-post","status-publish","format-standard","has-post-thumbnail","hentry","category-meioambienteeagricultura","category-noticiasdestaque","category-uncategorized"],"_links":{"self":[{"href":"https:\/\/jorgezanoni.com.br\/2019\/wp-json\/wp\/v2\/posts\/26439","targetHints":{"allow":["GET"]}}],"collection":[{"href":"https:\/\/jorgezanoni.com.br\/2019\/wp-json\/wp\/v2\/posts"}],"about":[{"href":"https:\/\/jorgezanoni.com.br\/2019\/wp-json\/wp\/v2\/types\/post"}],"author":[{"embeddable":true,"href":"https:\/\/jorgezanoni.com.br\/2019\/wp-json\/wp\/v2\/users\/1"}],"replies":[{"embeddable":true,"href":"https:\/\/jorgezanoni.com.br\/2019\/wp-json\/wp\/v2\/comments?post=26439"}],"version-history":[{"count":0,"href":"https:\/\/jorgezanoni.com.br\/2019\/wp-json\/wp\/v2\/posts\/26439\/revisions"}],"wp:featuredmedia":[{"embeddable":true,"href":"https:\/\/jorgezanoni.com.br\/2019\/wp-json\/wp\/v2\/media\/26441"}],"wp:attachment":[{"href":"https:\/\/jorgezanoni.com.br\/2019\/wp-json\/wp\/v2\/media?parent=26439"}],"wp:term":[{"taxonomy":"category","embeddable":true,"href":"https:\/\/jorgezanoni.com.br\/2019\/wp-json\/wp\/v2\/categories?post=26439"},{"taxonomy":"post_tag","embeddable":true,"href":"https:\/\/jorgezanoni.com.br\/2019\/wp-json\/wp\/v2\/tags?post=26439"}],"curies":[{"name":"wp","href":"https:\/\/api.w.org\/{rel}","templated":true}]}}