{"id":26435,"date":"2020-05-19T14:21:46","date_gmt":"2020-05-19T14:21:46","guid":{"rendered":"https:\/\/jorgezanoni.com.br\/2019\/?p=26435"},"modified":"2020-05-19T14:21:46","modified_gmt":"2020-05-19T14:21:46","slug":"homem-caminha-nu-e-com-mascara-no-centro-de-votuporanga","status":"publish","type":"post","link":"https:\/\/jorgezanoni.com.br\/2019\/homem-caminha-nu-e-com-mascara-no-centro-de-votuporanga\/","title":{"rendered":"Homem caminha nu e com m\u00e1scara no centro de Votuporanga"},"content":{"rendered":"<h2 class=\"content-head__subtitle\" style=\"text-align: justify;\"><strong>Pol\u00edcia Militar foi acionada e levou morador para a Unidade de Pronto Atendimento (UPA).<\/strong><\/h2>\n<div class=\"mc-column content-text active-extra-styles \" data-block-type=\"unstyled\" data-block-weight=\"28\" data-block-id=\"2\">\n<p class=\"content-text__container \" style=\"text-align: justify;\" data-track-category=\"Link no Texto\" data-track-links=\"\">Um homem de 47 anos foi flagrado andando nu e apenas com uma m\u00e1scara de prote\u00e7\u00e3o contra o coronav\u00edrus, na \u00e1rea central de Votuporanga (SP), nesta segunda-feira (18).<\/p>\n<\/div>\n<div class=\"wall protected-content\">\n<div class=\"mc-column content-text active-extra-styles \" data-block-type=\"unstyled\" data-block-weight=\"30\" data-block-id=\"3\">\n<p class=\"content-text__container \" style=\"text-align: justify;\" data-track-category=\"Link no Texto\" data-track-links=\"\">Um v\u00eddeo que circula nas redes sociais mostra o morador caminhando tranquilamente pela cal\u00e7ada. O flagrante foi feito na rua Amazonas, uma das mais movimentadas do munic\u00edpio.<\/p>\n<div class=\"mc-column content-text active-extra-styles \" style=\"text-align: justify;\" data-block-type=\"unstyled\" data-block-weight=\"18\" data-block-id=\"5\">\n<p class=\"content-text__container \" data-track-category=\"Link no Texto\" data-track-links=\"\">De acordo com a Pol\u00edcia Militar, agentes da corpora\u00e7\u00e3o foram acionados e compareceram ao local da ocorr\u00eancia.<\/p>\n<\/div>\n<div class=\"mc-column content-text active-extra-styles \" style=\"text-align: justify;\" data-block-type=\"unstyled\" data-block-weight=\"19\" data-block-id=\"6\">\n<p class=\"content-text__container \" data-track-category=\"Link no Texto\" data-track-links=\"\">O homem foi contido pelos policiais e levado \u00e0 Unidade de Pronto Atendimento (UPA) para receber atendimento m\u00e9dico.<\/p>\n<\/div>\n<div class=\"mc-column content-text active-extra-styles \" data-block-type=\"unstyled\" data-block-weight=\"25\" data-block-id=\"7\">\n<p class=\"content-text__container \" style=\"text-align: justify;\" data-track-category=\"Link no Texto\" data-track-links=\"\">Segundo a PM, o morador \u00e9 portador de problemas psiqui\u00e1tricos. Nenhum boletim de ocorr\u00eancia foi registrado na Pol\u00edcia Civil, mas a delegacia foi notificada.<\/p>\n<div class=\"mc-column content-text active-extra-styles \" data-block-type=\"unstyled\" data-block-weight=\"25\" data-block-id=\"7\">\n<p style=\"text-align: justify;\" data-track-category=\"Link no Texto\" data-track-links=\"\"><img loading=\"lazy\" decoding=\"async\" class=\"alignnone size-full wp-image-26437\" src=\"https:\/\/jorgezanoni.com.br\/2019\/wp-content\/uploads\/2020\/05\/pelado-2.jpg\" alt=\"\" width=\"640\" height=\"872\" srcset=\"https:\/\/jorgezanoni.com.br\/2019\/wp-content\/uploads\/2020\/05\/pelado-2.jpg 640w, https:\/\/jorgezanoni.com.br\/2019\/wp-content\/uploads\/2020\/05\/pelado-2-220x300.jpg 220w, https:\/\/jorgezanoni.com.br\/2019\/wp-content\/uploads\/2020\/05\/pelado-2-308x420.jpg 308w\" sizes=\"auto, (max-width: 640px) 100vw, 640px\" \/><\/p>\n<p style=\"text-align: justify;\" data-track-category=\"Link no Texto\" data-track-links=\"\">Fonte: https:\/\/g1.globo.com\/sp\/sao-jose-do-rio-preto-aracatuba\/noticia\/2020\/05\/18\/homem-anda-pelado-e-com-mascara-no-centro-de-votuporanga-veja-o-video.ghtml<\/p>\n<\/div>\n<\/div>\n<\/div>\n<\/div>\n","protected":false},"excerpt":{"rendered":"<p>Pol\u00edcia Militar foi acionada e levou morador para a Unidade de Pronto Atendimento (UPA). Um homem de 47 anos foi flagrado andando nu e apenas com uma m\u00e1scara de prote\u00e7\u00e3o contra o coronav\u00edrus, na \u00e1rea central de Votuporanga (SP), nesta segunda-feira (18). Um v\u00eddeo que circula nas redes sociais mostra o morador caminhando tranquilamente pela [&hellip;]<\/p>\n","protected":false},"author":1,"featured_media":26436,"comment_status":"closed","ping_status":"open","sticky":false,"template":"","format":"standard","meta":{"footnotes":""},"categories":[114,110],"tags":[],"class_list":["post-26435","post","type-post","status-publish","format-standard","has-post-thumbnail","hentry","category-geralecomercio","category-noticiasdestaque"],"_links":{"self":[{"href":"https:\/\/jorgezanoni.com.br\/2019\/wp-json\/wp\/v2\/posts\/26435","targetHints":{"allow":["GET"]}}],"collection":[{"href":"https:\/\/jorgezanoni.com.br\/2019\/wp-json\/wp\/v2\/posts"}],"about":[{"href":"https:\/\/jorgezanoni.com.br\/2019\/wp-json\/wp\/v2\/types\/post"}],"author":[{"embeddable":true,"href":"https:\/\/jorgezanoni.com.br\/2019\/wp-json\/wp\/v2\/users\/1"}],"replies":[{"embeddable":true,"href":"https:\/\/jorgezanoni.com.br\/2019\/wp-json\/wp\/v2\/comments?post=26435"}],"version-history":[{"count":0,"href":"https:\/\/jorgezanoni.com.br\/2019\/wp-json\/wp\/v2\/posts\/26435\/revisions"}],"wp:featuredmedia":[{"embeddable":true,"href":"https:\/\/jorgezanoni.com.br\/2019\/wp-json\/wp\/v2\/media\/26436"}],"wp:attachment":[{"href":"https:\/\/jorgezanoni.com.br\/2019\/wp-json\/wp\/v2\/media?parent=26435"}],"wp:term":[{"taxonomy":"category","embeddable":true,"href":"https:\/\/jorgezanoni.com.br\/2019\/wp-json\/wp\/v2\/categories?post=26435"},{"taxonomy":"post_tag","embeddable":true,"href":"https:\/\/jorgezanoni.com.br\/2019\/wp-json\/wp\/v2\/tags?post=26435"}],"curies":[{"name":"wp","href":"https:\/\/api.w.org\/{rel}","templated":true}]}}