{"id":26404,"date":"2020-05-19T01:17:36","date_gmt":"2020-05-19T01:17:36","guid":{"rendered":"https:\/\/jorgezanoni.com.br\/2019\/?p=26404"},"modified":"2020-05-19T01:17:36","modified_gmt":"2020-05-19T01:17:36","slug":"morre-laudo-natel-ex-governador-de-sao-paulo-aos-99-anos","status":"publish","type":"post","link":"https:\/\/jorgezanoni.com.br\/2019\/morre-laudo-natel-ex-governador-de-sao-paulo-aos-99-anos\/","title":{"rendered":"Morre Laudo Natel, ex-governador de S\u00e3o Paulo, aos 99 anos"},"content":{"rendered":"<h2 style=\"text-align: justify;\"><strong>Natel tamb\u00e9m presidiu o S\u00e3o Paulo Futebol clube, sendo respons\u00e1vel por concluir a constru\u00e7\u00e3o do est\u00e1dio Morumbi.<\/strong><\/h2>\n<p class=\"text\" style=\"text-align: justify;\">O ex-governador de S\u00e3o Paulo Laudo Natel, de 99 anos, morreu na manh\u00e3 desta segunda-feira, 18. A causa da morte ainda n\u00e3o foi confirmada. Natel, que governou o Estado entre 1971 e 1975, completaria 100 anos em 2020.<\/p>\n<p style=\"text-align: justify;\">Natel comandou o Executivo estadual por duas vezes, durante a ditadura militar. A primeira, entre junho de 1966 e janeiro de 1967, era vice-governador e teve que substituir Adhemar de Barros, cassado pelo governo federal. Da segunda vez, foi eleito de maneira indireta, por um col\u00e9gio eleitoral, e governou o Estado entre 1971 e 1975.<\/p>\n<p style=\"text-align: justify;\">O ex-governador tamb\u00e9m foi presidente do S\u00e3o Paulo Futebol Clube entre os anos de 1958 e 1971. O principal feito \u00e0 frente do clube foi a conclus\u00e3o da obra do est\u00e1dio C\u00edcero Pompeu de Toledo, o Morumbi, casa do clube at\u00e9 os dias atuais. Pelas redes sociais, o S\u00e3o Paulo lamentou a morte do ex-presidente.<\/p>\n<p style=\"text-align: justify;\">Fonte: https:\/\/www.terra.com.br\/<\/p>\n<div class=\"related-news-shell\">\n<div class=\"related-news anchor-right border-sport \">\n<h2 style=\"text-align: justify;\"><\/h2>\n<\/div>\n<\/div>\n","protected":false},"excerpt":{"rendered":"<p>Natel tamb\u00e9m presidiu o S\u00e3o Paulo Futebol clube, sendo respons\u00e1vel por concluir a constru\u00e7\u00e3o do est\u00e1dio Morumbi. O ex-governador de S\u00e3o Paulo Laudo Natel, de 99 anos, morreu na manh\u00e3 desta segunda-feira, 18. A causa da morte ainda n\u00e3o foi confirmada. Natel, que governou o Estado entre 1971 e 1975, completaria 100 anos em 2020. [&hellip;]<\/p>\n","protected":false},"author":1,"featured_media":26405,"comment_status":"closed","ping_status":"open","sticky":false,"template":"","format":"standard","meta":{"footnotes":""},"categories":[178,110],"tags":[],"class_list":["post-26404","post","type-post","status-publish","format-standard","has-post-thumbnail","hentry","category-notadefalecimento","category-noticiasdestaque"],"_links":{"self":[{"href":"https:\/\/jorgezanoni.com.br\/2019\/wp-json\/wp\/v2\/posts\/26404","targetHints":{"allow":["GET"]}}],"collection":[{"href":"https:\/\/jorgezanoni.com.br\/2019\/wp-json\/wp\/v2\/posts"}],"about":[{"href":"https:\/\/jorgezanoni.com.br\/2019\/wp-json\/wp\/v2\/types\/post"}],"author":[{"embeddable":true,"href":"https:\/\/jorgezanoni.com.br\/2019\/wp-json\/wp\/v2\/users\/1"}],"replies":[{"embeddable":true,"href":"https:\/\/jorgezanoni.com.br\/2019\/wp-json\/wp\/v2\/comments?post=26404"}],"version-history":[{"count":0,"href":"https:\/\/jorgezanoni.com.br\/2019\/wp-json\/wp\/v2\/posts\/26404\/revisions"}],"wp:featuredmedia":[{"embeddable":true,"href":"https:\/\/jorgezanoni.com.br\/2019\/wp-json\/wp\/v2\/media\/26405"}],"wp:attachment":[{"href":"https:\/\/jorgezanoni.com.br\/2019\/wp-json\/wp\/v2\/media?parent=26404"}],"wp:term":[{"taxonomy":"category","embeddable":true,"href":"https:\/\/jorgezanoni.com.br\/2019\/wp-json\/wp\/v2\/categories?post=26404"},{"taxonomy":"post_tag","embeddable":true,"href":"https:\/\/jorgezanoni.com.br\/2019\/wp-json\/wp\/v2\/tags?post=26404"}],"curies":[{"name":"wp","href":"https:\/\/api.w.org\/{rel}","templated":true}]}}