{"id":26398,"date":"2020-05-19T00:43:17","date_gmt":"2020-05-19T00:43:17","guid":{"rendered":"https:\/\/jorgezanoni.com.br\/2019\/?p=26398"},"modified":"2020-05-19T00:43:17","modified_gmt":"2020-05-19T00:43:17","slug":"policia-civil-em-acao-de-investigacao-captura-autor-de-feminicidio-em-panorama","status":"publish","type":"post","link":"https:\/\/jorgezanoni.com.br\/2019\/policia-civil-em-acao-de-investigacao-captura-autor-de-feminicidio-em-panorama\/","title":{"rendered":"Pol\u00edcia Civil em a\u00e7\u00e3o de investiga\u00e7\u00e3o captura autor de feminic\u00eddio em Panorama"},"content":{"rendered":"<p style=\"text-align: justify;\">A Pol\u00edcia Civil, por interm\u00e9dio da Delegacia de Pol\u00edcia de panorama, capturou e prendeu no per\u00edodo desta tarde (18) o autor do feminic\u00eddio ocorrido na noite do \u00faltimo domingo (17). A v\u00edtima uma mulher 32 anos era a convivente do autor e foi morta a pauladas, o fato aconteceu numa residencia que fica no bairro Marrecas em Panorama-SP.<br \/>\nO autor, um homem 34 aos, desde o fato ocorrido encontrava-se foragido. T\u00e3o logo, tomou conhecimento a Pol\u00edcia Civil, instaurou inqu\u00e9rito policial tipificando como homic\u00eddio qualificado (Feminic\u00eddio) e solicitou a Justi\u00e7a o pedido de Pris\u00e3o Tempor\u00e1ria do investigado, tendo a equipe de investiga\u00e7\u00e3o ido as ruas na tentativa da localiza\u00e7\u00e3o do foragido.<br \/>\nSendo que no per\u00edodo desta tarde (18), a Pol\u00edcia Civil durante a\u00e7\u00e3o policial conseguiu localizar e prender o homem acusado de ter matado sua convivente, ele estava escondido numa residencia ainda no mesmo bairro onde houve a morte.<br \/>\nO homem foi conduzido para a Delegacia de Pol\u00edcia de Panorama, onde foi dado cumprimento ao Mandado de Pris\u00e3o Tempor\u00e1ria expedido pelo prazo de 30 dias. Consta ainda que o suposto autor permaneceu em sil\u00eancio, reservando do direto de s\u00f3 se manifestar em ju\u00edzo. A Pol\u00edcia Civil tem agora prazo inicial de 30 dias para relatar inqu\u00e9rito, onde aguarda as conclus\u00f5es dos laudos periciais solicitados. Solicitando posteriormente pela conversa\u00e7\u00e3o da pris\u00e3o do suposto autor para a pris\u00e3o preventiva.<\/p>\n<p>Fonte: Com. Social Pol\u00edcia Civil<\/p>\n<p>&nbsp;<\/p>\n","protected":false},"excerpt":{"rendered":"<p>A Pol\u00edcia Civil, por interm\u00e9dio da Delegacia de Pol\u00edcia de panorama, capturou e prendeu no per\u00edodo desta tarde (18) o autor do feminic\u00eddio ocorrido na noite do \u00faltimo domingo (17). A v\u00edtima uma mulher 32 anos era a convivente do autor e foi morta a pauladas, o fato aconteceu numa residencia que fica no bairro [&hellip;]<\/p>\n","protected":false},"author":1,"featured_media":26399,"comment_status":"closed","ping_status":"open","sticky":false,"template":"","format":"standard","meta":{"footnotes":""},"categories":[110,2],"tags":[],"class_list":["post-26398","post","type-post","status-publish","format-standard","has-post-thumbnail","hentry","category-noticiasdestaque","category-policial"],"_links":{"self":[{"href":"https:\/\/jorgezanoni.com.br\/2019\/wp-json\/wp\/v2\/posts\/26398","targetHints":{"allow":["GET"]}}],"collection":[{"href":"https:\/\/jorgezanoni.com.br\/2019\/wp-json\/wp\/v2\/posts"}],"about":[{"href":"https:\/\/jorgezanoni.com.br\/2019\/wp-json\/wp\/v2\/types\/post"}],"author":[{"embeddable":true,"href":"https:\/\/jorgezanoni.com.br\/2019\/wp-json\/wp\/v2\/users\/1"}],"replies":[{"embeddable":true,"href":"https:\/\/jorgezanoni.com.br\/2019\/wp-json\/wp\/v2\/comments?post=26398"}],"version-history":[{"count":0,"href":"https:\/\/jorgezanoni.com.br\/2019\/wp-json\/wp\/v2\/posts\/26398\/revisions"}],"wp:featuredmedia":[{"embeddable":true,"href":"https:\/\/jorgezanoni.com.br\/2019\/wp-json\/wp\/v2\/media\/26399"}],"wp:attachment":[{"href":"https:\/\/jorgezanoni.com.br\/2019\/wp-json\/wp\/v2\/media?parent=26398"}],"wp:term":[{"taxonomy":"category","embeddable":true,"href":"https:\/\/jorgezanoni.com.br\/2019\/wp-json\/wp\/v2\/categories?post=26398"},{"taxonomy":"post_tag","embeddable":true,"href":"https:\/\/jorgezanoni.com.br\/2019\/wp-json\/wp\/v2\/tags?post=26398"}],"curies":[{"name":"wp","href":"https:\/\/api.w.org\/{rel}","templated":true}]}}