{"id":26391,"date":"2020-05-18T18:38:21","date_gmt":"2020-05-18T18:38:21","guid":{"rendered":"https:\/\/jorgezanoni.com.br\/2019\/?p=26391"},"modified":"2020-05-18T18:38:21","modified_gmt":"2020-05-18T18:38:21","slug":"relembre-o-triste-vendaval-com-chuva-de-granizo-que-atingiu-dracena-ha-3-anos-19-05-17","status":"publish","type":"post","link":"https:\/\/jorgezanoni.com.br\/2019\/relembre-o-triste-vendaval-com-chuva-de-granizo-que-atingiu-dracena-ha-3-anos-19-05-17\/","title":{"rendered":"Relembre o triste vendaval com chuva de granizo que atingiu Dracena h\u00e1 3 anos. 19\/05\/17"},"content":{"rendered":"<p>MAT\u00c9RIA DO SITE JZ DO DIA 19\/05\/17 &#8211; VEJA DIVERSAS FOTOS.<\/p>\n<p><img loading=\"lazy\" decoding=\"async\" class=\"alignnone size-full wp-image-26393\" src=\"https:\/\/jorgezanoni.com.br\/2019\/wp-content\/uploads\/2020\/05\/pedra1.jpg\" alt=\"\" width=\"1280\" height=\"720\" srcset=\"https:\/\/jorgezanoni.com.br\/2019\/wp-content\/uploads\/2020\/05\/pedra1.jpg 1280w, https:\/\/jorgezanoni.com.br\/2019\/wp-content\/uploads\/2020\/05\/pedra1-300x169.jpg 300w, https:\/\/jorgezanoni.com.br\/2019\/wp-content\/uploads\/2020\/05\/pedra1-1024x576.jpg 1024w, https:\/\/jorgezanoni.com.br\/2019\/wp-content\/uploads\/2020\/05\/pedra1-768x432.jpg 768w, https:\/\/jorgezanoni.com.br\/2019\/wp-content\/uploads\/2020\/05\/pedra1-696x392.jpg 696w, https:\/\/jorgezanoni.com.br\/2019\/wp-content\/uploads\/2020\/05\/pedra1-1068x601.jpg 1068w, https:\/\/jorgezanoni.com.br\/2019\/wp-content\/uploads\/2020\/05\/pedra1-747x420.jpg 747w\" sizes=\"auto, (max-width: 1280px) 100vw, 1280px\" \/><\/p>\n<h1 style=\"text-align: justify;\">Vendaval com Chuva de Granizo atingiu Dracena na tarde desta sexta-feira<\/h1>\n<p style=\"text-align: justify;\">Fortes ventos acompanhado de Chuva de Granizo atingiram Dracena no final da tarde desta sexta-feira (19). Alagamentos, galhos quebrados, ve\u00edculos e resid\u00eancias inundados, falta de energia em toda a cidade causando transtornos inclusive no tr\u00e2nsito, foram algumas das situa\u00e7\u00f5es encontradas pela reportagem que esteve percorrendo as ruas da cidade logo ap\u00f3s o temporal. Um grupo de &#8220;Ciganos&#8221; conseguiu sair com os ve\u00edculos e pessoas e deixaram as barracas que foram destru\u00eddas. H\u00e1 informa\u00e7\u00f5es que ve\u00edculos sofreram danos nas latarias dado o tamanho das pedras de gelo.<\/p>\n<p style=\"text-align: justify;\">Jorge Zanoni<\/p>\n<p style=\"text-align: justify;\">Veja fotos de Jorge Zanoni e colabora\u00e7\u00e3o de internautas.<\/p>\n<p style=\"text-align: justify;\">LINK DA MAT\u00c9RIA: http:\/\/www.jorgezanoni.com.br\/site\/noticia\/tempo\/vendaval-com-chuva-de-granizo-atingiu-dracena-na-tarde-desta-sextafeira<\/p>\n<p style=\"text-align: justify;\">\n","protected":false},"excerpt":{"rendered":"<p>MAT\u00c9RIA DO SITE JZ DO DIA 19\/05\/17 &#8211; VEJA DIVERSAS FOTOS. Vendaval com Chuva de Granizo atingiu Dracena na tarde desta sexta-feira Fortes ventos acompanhado de Chuva de Granizo atingiram Dracena no final da tarde desta sexta-feira (19). Alagamentos, galhos quebrados, ve\u00edculos e resid\u00eancias inundados, falta de energia em toda a cidade causando transtornos inclusive [&hellip;]<\/p>\n","protected":false},"author":1,"featured_media":26392,"comment_status":"closed","ping_status":"open","sticky":false,"template":"","format":"standard","meta":{"footnotes":""},"categories":[179,184,110],"tags":[],"class_list":["post-26391","post","type-post","status-publish","format-standard","has-post-thumbnail","hentry","category-cidadeseregiao","category-dracena","category-noticiasdestaque"],"_links":{"self":[{"href":"https:\/\/jorgezanoni.com.br\/2019\/wp-json\/wp\/v2\/posts\/26391","targetHints":{"allow":["GET"]}}],"collection":[{"href":"https:\/\/jorgezanoni.com.br\/2019\/wp-json\/wp\/v2\/posts"}],"about":[{"href":"https:\/\/jorgezanoni.com.br\/2019\/wp-json\/wp\/v2\/types\/post"}],"author":[{"embeddable":true,"href":"https:\/\/jorgezanoni.com.br\/2019\/wp-json\/wp\/v2\/users\/1"}],"replies":[{"embeddable":true,"href":"https:\/\/jorgezanoni.com.br\/2019\/wp-json\/wp\/v2\/comments?post=26391"}],"version-history":[{"count":0,"href":"https:\/\/jorgezanoni.com.br\/2019\/wp-json\/wp\/v2\/posts\/26391\/revisions"}],"wp:featuredmedia":[{"embeddable":true,"href":"https:\/\/jorgezanoni.com.br\/2019\/wp-json\/wp\/v2\/media\/26392"}],"wp:attachment":[{"href":"https:\/\/jorgezanoni.com.br\/2019\/wp-json\/wp\/v2\/media?parent=26391"}],"wp:term":[{"taxonomy":"category","embeddable":true,"href":"https:\/\/jorgezanoni.com.br\/2019\/wp-json\/wp\/v2\/categories?post=26391"},{"taxonomy":"post_tag","embeddable":true,"href":"https:\/\/jorgezanoni.com.br\/2019\/wp-json\/wp\/v2\/tags?post=26391"}],"curies":[{"name":"wp","href":"https:\/\/api.w.org\/{rel}","templated":true}]}}