{"id":26386,"date":"2020-05-18T17:54:41","date_gmt":"2020-05-18T17:54:41","guid":{"rendered":"https:\/\/jorgezanoni.com.br\/2019\/?p=26386"},"modified":"2020-05-18T17:54:41","modified_gmt":"2020-05-18T17:54:41","slug":"veja-os-feriados-que-a-prefeitura-e-o-governo-de-sp-querem-antecipar","status":"publish","type":"post","link":"https:\/\/jorgezanoni.com.br\/2019\/veja-os-feriados-que-a-prefeitura-e-o-governo-de-sp-querem-antecipar\/","title":{"rendered":"Veja os feriados que a prefeitura e o governo de SP querem antecipar"},"content":{"rendered":"<h2 class=\"article-subtitle\" style=\"text-align: justify;\"><strong>A ideia \u00e9 aumentar as taxas de isolamento social, que costumam ser maiores nos finais de semana e feriados, para conter a dissemina\u00e7\u00e3o do coronav\u00edrus.<\/strong><\/h2>\n<p style=\"text-align: justify;\">O governador de S\u00e3o Paulo,\u00a0<strong><a href=\"https:\/\/exame.abril.com.br\/noticias-sobre\/joao-doria-junior\/\">Jo\u00e3o Doria<\/a><\/strong>, anunciou nesta segunda-feira (18) que vai encaminhar hoje em regime de urg\u00eancia um projeto de lei para antecipar o\u00a0<strong><a href=\"https:\/\/exame.abril.com.br\/noticias-sobre\/feriados\/\">feriado<\/a><\/strong>\u00a0do dia 09 de julho, da Revolu\u00e7\u00e3o Constitucionalista, para a pr\u00f3xima segunda-feira, dia 25.<\/p>\n<p style=\"text-align: justify;\">A ideia \u00e9 aumentar as taxas de isolamento social, que costumam ser maiores nos finais de semana e feriados, para conter a dissemina\u00e7\u00e3o do novo coronav\u00edrus.<\/p>\n<p style=\"text-align: justify;\">O projeto ainda precisa ser aprovado pelos deputados estaduais e s\u00e3o complementares aos projetos enviados ontem pela prefeitura.<\/p>\n<p style=\"text-align: justify;\">A partir das 15 horas, a C\u00e2mara Municipal vai debater a antecipa\u00e7\u00e3o dos feriados municipais, de Corpus Christi (11 de junho) e Consci\u00eancia Negra (20 de novembro) para a pr\u00f3xima quarta-feira (20) e quinta-feira (21), com ponto facultativo na sexta-feira (22).<\/p>\n<p style=\"text-align: justify;\">Com tudo aprovado, a cidade poderia ter um megaferiado de seis dias. Nesta ter\u00e7a-feira (19), as cidades da Regi\u00e3o Metropolitana e do litoral v\u00e3o se reunir para definir a possibilidade de adiantar tamb\u00e9m seus feriados municipais. A proposta do governo estadual \u00e9 de que sejam adiantados para 26 e 27 de maio.<\/p>\n<p style=\"text-align: justify;\">\u201cN\u00e3o estamos decretando nem recomendando\u00a0<em>lockdown<\/em>. Temos protocolo para isso, mas esta imin\u00eancia n\u00e3o existe nesse momento\u201d, disse Doria.<\/p>\n<p style=\"text-align: justify;\">\u201cO\u00a0<em>lockdown<\/em>\u00a0significa um atestado de fal\u00eancia do sistema p\u00fablico de sa\u00fade. Quando voc\u00ea decreta o\u00a0<em>lockdown\u00a0<\/em>\u00e9 porque perdeu a capacidade de enfrentamento da epidemia. E n\u00f3s ainda n\u00e3o estamos neste momento\u201d, diz Dimas Covas, coordenador do Centro de Conting\u00eancia do Coronav\u00edrus em S\u00e3o Paulo.<\/p>\n<p style=\"text-align: justify;\">Fonte: https:\/\/exame.abril.com.br\/<\/p>\n<p style=\"text-align: justify;\">\n","protected":false},"excerpt":{"rendered":"<p>A ideia \u00e9 aumentar as taxas de isolamento social, que costumam ser maiores nos finais de semana e feriados, para conter a dissemina\u00e7\u00e3o do coronav\u00edrus. O governador de S\u00e3o Paulo,\u00a0Jo\u00e3o Doria, anunciou nesta segunda-feira (18) que vai encaminhar hoje em regime de urg\u00eancia um projeto de lei para antecipar o\u00a0feriado\u00a0do dia 09 de julho, da [&hellip;]<\/p>\n","protected":false},"author":1,"featured_media":26387,"comment_status":"closed","ping_status":"open","sticky":false,"template":"","format":"standard","meta":{"footnotes":""},"categories":[110,116],"tags":[],"class_list":["post-26386","post","type-post","status-publish","format-standard","has-post-thumbnail","hentry","category-noticiasdestaque","category-politicaeeconomia"],"_links":{"self":[{"href":"https:\/\/jorgezanoni.com.br\/2019\/wp-json\/wp\/v2\/posts\/26386","targetHints":{"allow":["GET"]}}],"collection":[{"href":"https:\/\/jorgezanoni.com.br\/2019\/wp-json\/wp\/v2\/posts"}],"about":[{"href":"https:\/\/jorgezanoni.com.br\/2019\/wp-json\/wp\/v2\/types\/post"}],"author":[{"embeddable":true,"href":"https:\/\/jorgezanoni.com.br\/2019\/wp-json\/wp\/v2\/users\/1"}],"replies":[{"embeddable":true,"href":"https:\/\/jorgezanoni.com.br\/2019\/wp-json\/wp\/v2\/comments?post=26386"}],"version-history":[{"count":0,"href":"https:\/\/jorgezanoni.com.br\/2019\/wp-json\/wp\/v2\/posts\/26386\/revisions"}],"wp:featuredmedia":[{"embeddable":true,"href":"https:\/\/jorgezanoni.com.br\/2019\/wp-json\/wp\/v2\/media\/26387"}],"wp:attachment":[{"href":"https:\/\/jorgezanoni.com.br\/2019\/wp-json\/wp\/v2\/media?parent=26386"}],"wp:term":[{"taxonomy":"category","embeddable":true,"href":"https:\/\/jorgezanoni.com.br\/2019\/wp-json\/wp\/v2\/categories?post=26386"},{"taxonomy":"post_tag","embeddable":true,"href":"https:\/\/jorgezanoni.com.br\/2019\/wp-json\/wp\/v2\/tags?post=26386"}],"curies":[{"name":"wp","href":"https:\/\/api.w.org\/{rel}","templated":true}]}}