{"id":26383,"date":"2020-05-18T17:26:59","date_gmt":"2020-05-18T17:26:59","guid":{"rendered":"https:\/\/jorgezanoni.com.br\/2019\/?p=26383"},"modified":"2020-05-18T17:26:59","modified_gmt":"2020-05-18T17:26:59","slug":"aviao-cai-em-plantacao-de-cana-e-ocupantes-sao-socorridos-com-fraturas-e-queimaduras","status":"publish","type":"post","link":"https:\/\/jorgezanoni.com.br\/2019\/aviao-cai-em-plantacao-de-cana-e-ocupantes-sao-socorridos-com-fraturas-e-queimaduras\/","title":{"rendered":"Avi\u00e3o cai em planta\u00e7\u00e3o de cana e ocupantes s\u00e3o socorridos com fraturas e queimaduras"},"content":{"rendered":"<div class=\"mc-column content-text active-extra-styles \" data-block-type=\"unstyled\" data-block-weight=\"22\" data-block-id=\"2\">\n<p class=\"content-text__container \" style=\"text-align: justify;\" data-track-category=\"Link no Texto\" data-track-links=\"\"><strong>Duas pessoas ficaram feridas depois que uma aeronave caiu na \u00e1rea rural entre Macatuba e Pederneiras (SP) neste domingo (17).<\/strong><\/p>\n<\/div>\n<div class=\"wall protected-content\">\n<div class=\"mc-column content-text active-extra-styles \" style=\"text-align: justify;\" data-block-type=\"unstyled\" data-block-weight=\"31\" data-block-id=\"3\">\n<p class=\"content-text__container \" data-track-category=\"Link no Texto\" data-track-links=\"\">Aeronave, um ultraleve com dois ocupantes, caiu em um canavial no km 132 + 400 metros da Rodovia Osni Mateus. Com o impacto, o ultraleve pegou fogo e ficou destru\u00eddo.<\/p>\n<\/div>\n<div class=\"mc-column content-text active-extra-styles \" style=\"text-align: justify;\" data-block-type=\"unstyled\" data-block-weight=\"42\" data-block-id=\"4\">\n<p class=\"content-text__container \" data-track-category=\"Link no Texto\" data-track-links=\"\">Segundo informa\u00e7\u00f5es da pol\u00edcia, o piloto de 32 anos e um passageiro, de 28, foram socorridos com fraturas e queimaduras graves. Eles foram levados para a Unidade de Pronto-atendimento de Len\u00e7\u00f3is Paulista. N\u00e3o foi informado o estado de sa\u00fade deles.<\/p>\n<\/div>\n<div class=\"mc-column content-text active-extra-styles \" data-block-type=\"unstyled\" data-block-weight=\"40\" data-block-id=\"5\">\n<p class=\"content-text__container \" style=\"text-align: justify;\" data-track-category=\"Link no Texto\" data-track-links=\"\">A Pol\u00edcia Civil foi acionada e deve investigar as causas do acidente. Ainda segundo a pol\u00edcia, o Centro de Investiga\u00e7\u00e3o e Preven\u00e7\u00e3o de Acidentes Aeron\u00e1uticos (Cenipa) foi informado e deve enviar uma equipe ao local nesta segunda-feira (18).<\/p>\n<p style=\"text-align: justify;\" data-track-category=\"Link no Texto\" data-track-links=\"\">Fonte: G1<\/p>\n<p data-track-category=\"Link no Texto\" data-track-links=\"\">\n<\/div>\n<\/div>\n","protected":false},"excerpt":{"rendered":"<p>Duas pessoas ficaram feridas depois que uma aeronave caiu na \u00e1rea rural entre Macatuba e Pederneiras (SP) neste domingo (17). Aeronave, um ultraleve com dois ocupantes, caiu em um canavial no km 132 + 400 metros da Rodovia Osni Mateus. Com o impacto, o ultraleve pegou fogo e ficou destru\u00eddo. Segundo informa\u00e7\u00f5es da pol\u00edcia, o [&hellip;]<\/p>\n","protected":false},"author":1,"featured_media":26384,"comment_status":"closed","ping_status":"open","sticky":false,"template":"","format":"standard","meta":{"footnotes":""},"categories":[170,110],"tags":[],"class_list":["post-26383","post","type-post","status-publish","format-standard","has-post-thumbnail","hentry","category-acidentes","category-noticiasdestaque"],"_links":{"self":[{"href":"https:\/\/jorgezanoni.com.br\/2019\/wp-json\/wp\/v2\/posts\/26383","targetHints":{"allow":["GET"]}}],"collection":[{"href":"https:\/\/jorgezanoni.com.br\/2019\/wp-json\/wp\/v2\/posts"}],"about":[{"href":"https:\/\/jorgezanoni.com.br\/2019\/wp-json\/wp\/v2\/types\/post"}],"author":[{"embeddable":true,"href":"https:\/\/jorgezanoni.com.br\/2019\/wp-json\/wp\/v2\/users\/1"}],"replies":[{"embeddable":true,"href":"https:\/\/jorgezanoni.com.br\/2019\/wp-json\/wp\/v2\/comments?post=26383"}],"version-history":[{"count":0,"href":"https:\/\/jorgezanoni.com.br\/2019\/wp-json\/wp\/v2\/posts\/26383\/revisions"}],"wp:featuredmedia":[{"embeddable":true,"href":"https:\/\/jorgezanoni.com.br\/2019\/wp-json\/wp\/v2\/media\/26384"}],"wp:attachment":[{"href":"https:\/\/jorgezanoni.com.br\/2019\/wp-json\/wp\/v2\/media?parent=26383"}],"wp:term":[{"taxonomy":"category","embeddable":true,"href":"https:\/\/jorgezanoni.com.br\/2019\/wp-json\/wp\/v2\/categories?post=26383"},{"taxonomy":"post_tag","embeddable":true,"href":"https:\/\/jorgezanoni.com.br\/2019\/wp-json\/wp\/v2\/tags?post=26383"}],"curies":[{"name":"wp","href":"https:\/\/api.w.org\/{rel}","templated":true}]}}